


{"id":9987,"date":"2020-03-02T14:34:28","date_gmt":"2020-03-02T14:34:28","guid":{"rendered":"https:\/\/polititzacionsdelmalestar.org\/?p=9987"},"modified":"2020-03-03T14:57:33","modified_gmt":"2020-03-03T14:57:33","slug":"lifes-rounds","status":"publish","type":"post","link":"https:\/\/polititzacionsdelmalestar.org\/es\/lifes-rounds\/","title":{"rendered":"Life\u2019s Rounds"},"content":{"rendered":"<div id=\"pl-9987\"  class=\"panel-layout\" ><div id=\"pg-9987-0\"  class=\"panel-grid panel-no-style\" ><div id=\"pgc-9987-0-0\"  class=\"panel-grid-cell\" ><div id=\"panel-9987-0-0-0\" class=\"so-panel widget widget_virtue_gallery_widget virtue_gallery_widget panel-first-child\" data-index=\"0\" ><h3 class=\"widget-title\">Life\u2019s Rounds<\/h3><div id=\"kad-wp-gallery552\" class=\"kad-wp-gallery gallery kt-gallery-column-1 init-isotope-intrinsic reinit-isotope kad-light-wp-gallery clearfix rowtight\" data-fade-in=\"1\" data-iso-selector=\".g_item\" data-iso-style=\"masonry\" data-iso-filter=\"false\"><div class=\"tcol-lg-12 tcol-md-12 tcol-sm-12 tcol-xs-12 tcol-ss-12 g_item\"><div class=\"grid_item kt_item_fade_in kad_gallery_fade_in gallery_item\"><a href=\"https:\/\/polititzacionsdelmalestar.org\/wp-content\/uploads\/2020\/03\/Secuencia01-1000.jpg\" data-rel=\"lightbox\" class=\"lightboxhover\"><div class=\"kt-intrinsic\" style=\"padding-bottom:100%;\"><div itemprop=\"image\" itemscope itemtype=\"https:\/\/schema.org\/ImageObject\"><img loading=\"lazy\" decoding=\"async\" width=\"560\" height=\"560\" src=\"https:\/\/polititzacionsdelmalestar.org\/wp-content\/uploads\/2020\/03\/Secuencia01-1000-560x560.jpg\" srcset=\"https:\/\/polititzacionsdelmalestar.org\/wp-content\/uploads\/2020\/03\/Secuencia01-1000-560x560.jpg 560w, https:\/\/polititzacionsdelmalestar.org\/wp-content\/uploads\/2020\/03\/Secuencia01-1000-150x150.jpg 150w, https:\/\/polititzacionsdelmalestar.org\/wp-content\/uploads\/2020\/03\/Secuencia01-1000-730x730.jpg 730w, https:\/\/polititzacionsdelmalestar.org\/wp-content\/uploads\/2020\/03\/Secuencia01-1000-365x365.jpg 365w\" sizes=\"auto, (max-width: 560px) 100vw, 560px\" data-caption=\"\" class=\"light-dropshaddow\" itemprop=\"contentUrl\" alt=\"\"><meta itemprop=\"url\" content=\"https:\/\/polititzacionsdelmalestar.org\/wp-content\/uploads\/2020\/03\/Secuencia01-1000-560x560.jpg\"><meta itemprop=\"width\" content=\"560px\"><meta itemprop=\"height\" content=\"560px\"><\/div><\/div><\/a><\/div><\/div><\/div><\/div><div id=\"panel-9987-0-0-1\" class=\"so-panel widget widget_sow-editor panel-last-child\" data-index=\"1\" ><div\n\t\t\t\n\t\t\tclass=\"so-widget-sow-editor so-widget-sow-editor-base\"\n\t\t\t\n\t\t>\n<div class=\"siteorigin-widget-tinymce textwidget\">\n\t<p><span lang=\"CA\">2002<\/span><\/p>\n<p><i>Life\u2019s rounds<\/i>, toma el t\u00edtulo de la video-acci\u00f3n que se presenta en forma de instalaci\u00f3n. En esta se presentan uno serio de combates que el artista Enric Maur\u00ed libre contra oponentes que condicionan la vida-arte, poder, dinero, religi\u00f3n, estado, y \u00e9l mismo-. Estos combates son una alegor\u00eda de la lucha diaria, de los combates de la vida contra todo aquello que nos condiciona contra nuestras propias imposiciones. En la recreaci\u00f3n del escenario de los combates-con el saco y los guantes de Maur\u00ed- el espectador puede librar sus propios combates, que su fotografiados e incorporados a la instalaci\u00f3n.<\/p>\n<h4>Recorrido del proyecto. \u00bfD\u00f3nde se encuentra la obra?<\/h4>\n<p>Galer\u00eda 44. Tamb\u00eden en la feria Arco, 2002, Barcelona, se encuentra en el almacen.<\/p>\n<\/div>\n<\/div><\/div><\/div><div id=\"pgc-9987-0-1\"  class=\"panel-grid-cell\" ><div id=\"panel-9987-0-1-0\" class=\"so-panel widget widget_sow-editor panel-first-child\" data-index=\"2\" ><div\n\t\t\t\n\t\t\tclass=\"so-widget-sow-editor so-widget-sow-editor-base\"\n\t\t\t\n\t\t>\n<div class=\"siteorigin-widget-tinymce textwidget\">\n\t<h5><a href=\"https:\/\/polititzacionsdelmalestar.org\/2020\/03\/02\/mauri-enric\/?lang=es\"><span lang=\"CA\">Enric Maur\u00ed<\/span><\/a><\/h5>\n<h4><\/h4>\n<h4>Palabras clave<\/h4>\n<p><span lang=\"CA\"><a href=\"https:\/\/polititzacionsdelmalestar.org\/temes\/activismo\/?lang=es\">Activismo<\/a>, <a href=\"https:\/\/polititzacionsdelmalestar.org\/temes\/cos\/?lang=es\">Cuerpo<\/a>, <a href=\"https:\/\/polititzacionsdelmalestar.org\/temes\/malestar\/?lang=es\">Malestar<\/a>, <a href=\"https:\/\/polititzacionsdelmalestar.org\/temes\/performance\/?lang=es\">Performance<\/a>, <a href=\"https:\/\/polititzacionsdelmalestar.org\/temes\/politica\/?lang=es&quot;\">Pol\u00edtica<\/a> y <a href=\"https:\/\/polititzacionsdelmalestar.org\/temes\/violencia\/?lang=es\">Violencia<\/a><\/span><\/p>\n<h4><\/h4>\n<h4>Documentos <em>media<\/em><\/h4>\n<p><a href=\"https:\/\/www.youtube.com\/watch?v=LCaF8zqjvqs&amp;feature=youtu.be\"><em>Life's rounds, Enric Maur\u00ed, 2002 - YouTube<\/em><\/a><\/p>\n<h4><\/h4>\n<div class=\"titol-galeria\">Fotos del proyecto<\/div>\n<\/div>\n<\/div><\/div><div id=\"panel-9987-0-1-1\" class=\"so-panel widget widget_virtue_gallery_widget virtue_gallery_widget panel-last-child\" data-index=\"3\" ><div id=\"kad-wp-gallery912\" class=\"kad-wp-gallery gallery kt-gallery-column-1 init-isotope-intrinsic reinit-isotope kad-light-wp-gallery clearfix rowtight\" data-fade-in=\"1\" data-iso-selector=\".g_item\" data-iso-style=\"masonry\" data-iso-filter=\"false\"><div class=\"tcol-lg-12 tcol-md-12 tcol-sm-12 tcol-xs-12 tcol-ss-12 g_item\"><div class=\"grid_item kt_item_fade_in kad_gallery_fade_in gallery_item\"><a href=\"https:\/\/polititzacionsdelmalestar.org\/wp-content\/uploads\/2020\/03\/Secuencia03-1000.jpg\" data-rel=\"lightbox\" class=\"lightboxhover\"><div class=\"kt-intrinsic\" style=\"padding-bottom:100%;\"><div itemprop=\"image\" itemscope itemtype=\"https:\/\/schema.org\/ImageObject\"><img loading=\"lazy\" decoding=\"async\" width=\"560\" height=\"560\" src=\"https:\/\/polititzacionsdelmalestar.org\/wp-content\/uploads\/2020\/03\/Secuencia03-1000-560x560.jpg\" srcset=\"https:\/\/polititzacionsdelmalestar.org\/wp-content\/uploads\/2020\/03\/Secuencia03-1000-560x560.jpg 560w, https:\/\/polititzacionsdelmalestar.org\/wp-content\/uploads\/2020\/03\/Secuencia03-1000-150x150.jpg 150w\" sizes=\"auto, (max-width: 560px) 100vw, 560px\" data-caption=\"Life&#039;s rounds\" class=\"light-dropshaddow\" itemprop=\"contentUrl\" alt=\"Life&#039;s rounds\"><meta itemprop=\"url\" content=\"https:\/\/polititzacionsdelmalestar.org\/wp-content\/uploads\/2020\/03\/Secuencia03-1000-560x560.jpg\"><meta itemprop=\"width\" content=\"560px\"><meta itemprop=\"height\" content=\"560px\"><\/div><\/div><div class=\"caption kad_caption\"><div class=\"kad_caption_inner\">Life&#8217;s rounds<\/div><\/div><\/a><\/div><\/div><\/div><\/div><\/div><\/div><\/div>","protected":false},"excerpt":{"rendered":"<h3><a href=\"https:\/\/polititzacionsdelmalestar.org\/2020\/03\/02\/lifes-rounds\/?lang=es\">Life\u2019s Rounds<\/a><\/h3>\n<p>1998<br \/>\n<a href=\"https:\/\/polititzacionsdelmalestar.org\/2020\/03\/02\/mauri-enric\/?lang=es\"><strong>Enric Maur\u00ed<\/strong><\/a><br \/>\n<br \/>\n<a href=\"https:\/\/polititzacionsdelmalestar.org\/temes\/activismo\/?lang=es\">Activismo<\/a>, <a href=\"https:\/\/polititzacionsdelmalestar.org\/temes\/cos\/?lang=es\">Cuerpo<\/a>, <a href=\"http:\/\/polititzacionsdelmalestar.org\/temes\/malestar\/?lang=es\">Malestar<\/a>, <a href=\"https:\/\/polititzacionsdelmalestar.org\/temes\/performance\/?lang=es\">Performance<\/a>, <a href=\"http:\/\/polititzacionsdelmalestar.org\/temes\/politica\/?lang=es\">Pol\u00edtica<\/a> y <a href=\"https:\/\/polititzacionsdelmalestar.org\/temes\/violencia\/?lang=es\">Violencia<\/a> <\/p>\n","protected":false},"author":3,"featured_media":9990,"comment_status":"closed","ping_status":"closed","sticky":false,"template":"","format":"standard","meta":{"footnotes":""},"categories":[144,137,150,154,155,160],"tags":[],"class_list":["post-9987","post","type-post","status-publish","format-standard","has-post-thumbnail","hentry","category-activisme-es","category-cos-es","category-malestar-es","category-performance-es","category-politica-es","category-violencia-es"],"_links":{"self":[{"href":"https:\/\/polititzacionsdelmalestar.org\/es\/wp-json\/wp\/v2\/posts\/9987","targetHints":{"allow":["GET"]}}],"collection":[{"href":"https:\/\/polititzacionsdelmalestar.org\/es\/wp-json\/wp\/v2\/posts"}],"about":[{"href":"https:\/\/polititzacionsdelmalestar.org\/es\/wp-json\/wp\/v2\/types\/post"}],"author":[{"embeddable":true,"href":"https:\/\/polititzacionsdelmalestar.org\/es\/wp-json\/wp\/v2\/users\/3"}],"replies":[{"embeddable":true,"href":"https:\/\/polititzacionsdelmalestar.org\/es\/wp-json\/wp\/v2\/comments?post=9987"}],"version-history":[{"count":10,"href":"https:\/\/polititzacionsdelmalestar.org\/es\/wp-json\/wp\/v2\/posts\/9987\/revisions"}],"predecessor-version":[{"id":10146,"href":"https:\/\/polititzacionsdelmalestar.org\/es\/wp-json\/wp\/v2\/posts\/9987\/revisions\/10146"}],"wp:featuredmedia":[{"embeddable":true,"href":"https:\/\/polititzacionsdelmalestar.org\/es\/wp-json\/wp\/v2\/media\/9990"}],"wp:attachment":[{"href":"https:\/\/polititzacionsdelmalestar.org\/es\/wp-json\/wp\/v2\/media?parent=9987"}],"wp:term":[{"taxonomy":"category","embeddable":true,"href":"https:\/\/polititzacionsdelmalestar.org\/es\/wp-json\/wp\/v2\/categories?post=9987"},{"taxonomy":"post_tag","embeddable":true,"href":"https:\/\/polititzacionsdelmalestar.org\/es\/wp-json\/wp\/v2\/tags?post=9987"}],"curies":[{"name":"wp","href":"https:\/\/api.w.org\/{rel}","templated":true}]}}