


{"id":9944,"date":"2020-02-28T15:14:20","date_gmt":"2020-02-28T15:14:20","guid":{"rendered":"https:\/\/polititzacionsdelmalestar.org\/?p=9944"},"modified":"2020-03-03T14:58:53","modified_gmt":"2020-03-03T14:58:53","slug":"perez-gali-aimar","status":"publish","type":"post","link":"https:\/\/polititzacionsdelmalestar.org\/es\/perez-gali-aimar\/","title":{"rendered":"P\u00e9rez Gal\u00ed, Aimar"},"content":{"rendered":"<div id=\"pl-9944\"  class=\"panel-layout\" ><div id=\"pg-9944-0\"  class=\"panel-grid panel-no-style\" ><div id=\"pgc-9944-0-0\"  class=\"panel-grid-cell\" ><div id=\"panel-9944-0-0-0\" class=\"so-panel widget widget_sow-editor panel-first-child panel-last-child\" data-index=\"0\" ><div\n\t\t\t\n\t\t\tclass=\"so-widget-sow-editor so-widget-sow-editor-base\"\n\t\t\t\n\t\t><h3 class=\"widget-title\">Aimar P\u00e9rez Gal\u00ed<\/h3>\n<div class=\"siteorigin-widget-tinymce textwidget\">\n\t<\/div>\n<\/div><\/div><\/div><\/div><div id=\"pg-9944-1\"  class=\"panel-grid panel-no-style\" ><div id=\"pgc-9944-1-0\"  class=\"panel-grid-cell\" ><div id=\"panel-9944-1-0-0\" class=\"so-panel widget widget_sow-editor panel-first-child\" data-index=\"1\" ><div\n\t\t\t\n\t\t\tclass=\"so-widget-sow-editor so-widget-sow-editor-base\"\n\t\t\t\n\t\t>\n<div class=\"siteorigin-widget-tinymce textwidget\">\n\t<p><img loading=\"lazy\" decoding=\"async\" class=\"size-medium wp-image-9923\" src=\"https:\/\/polititzacionsdelmalestar.org\/wp-content\/uploads\/2020\/02\/TheTouchingCommunity_JordiSurribas1-1000-300x212.jpg\" alt=\"\" width=\"300\" height=\"212\" srcset=\"https:\/\/polititzacionsdelmalestar.org\/wp-content\/uploads\/2020\/02\/TheTouchingCommunity_JordiSurribas1-1000-300x212.jpg 300w, https:\/\/polititzacionsdelmalestar.org\/wp-content\/uploads\/2020\/02\/TheTouchingCommunity_JordiSurribas1-1000-768x541.jpg 768w, https:\/\/polititzacionsdelmalestar.org\/wp-content\/uploads\/2020\/02\/TheTouchingCommunity_JordiSurribas1-1000-728x514.jpg 728w, https:\/\/polititzacionsdelmalestar.org\/wp-content\/uploads\/2020\/02\/TheTouchingCommunity_JordiSurribas1-1000-364x257.jpg 364w, https:\/\/polititzacionsdelmalestar.org\/wp-content\/uploads\/2020\/02\/TheTouchingCommunity_JordiSurribas1-1000-260x183.jpg 260w, https:\/\/polititzacionsdelmalestar.org\/wp-content\/uploads\/2020\/02\/TheTouchingCommunity_JordiSurribas1-1000.jpg 1000w\" sizes=\"auto, (max-width: 300px) 100vw, 300px\" \/><\/p>\n<h4><\/h4>\n<h5><a href=\"https:\/\/polititzacionsdelmalestar.org\/2020\/02\/28\/the-touching-community\/?lang=es\"><span lang=\"EN-US\">The Touching Community<\/span><\/a><\/h5>\n<p>2015-16<br \/>\n<a href=\"https:\/\/polititzacionsdelmalestar.org\/temes\/activismo\/?lang=es\">Activismo<\/a>, <a href=\"https:\/\/polititzacionsdelmalestar.org\/temes\/cos\/?lang=es\">Cuerpo<\/a>, <a href=\"https:\/\/polititzacionsdelmalestar.org\/temes\/cura\/?lang=es\">Cuidado<\/a>, <a href=\"https:\/\/polititzacionsdelmalestar.org\/temes\/genere\/?lang=es\">G\u00e9nero<\/a>, <a href=\"https:\/\/polititzacionsdelmalestar.org\/temes\/identitat\/?lang=es\">Identidad<\/a>, <a href=\"https:\/\/polititzacionsdelmalestar.org\/temes\/memoria\/?lang=es\">Memoria<\/a>, <a href=\"https:\/\/polititzacionsdelmalestar.org\/temes\/performance\/?lang=es\">Performance<\/a>, <a href=\"https:\/\/polititzacionsdelmalestar.org\/temes\/privacitat\/?lang=es\">Privacidad<\/a> y\u00a0<a href=\"https:\/\/polititzacionsdelmalestar.org\/temes\/processos-collaboratius\/?lang=es\">Procesos colaborativos<\/a><\/p>\n<\/div>\n<\/div><\/div><div id=\"panel-9944-1-0-1\" class=\"so-panel widget widget_sow-editor panel-last-child\" data-index=\"2\" ><div\n\t\t\t\n\t\t\tclass=\"so-widget-sow-editor so-widget-sow-editor-base\"\n\t\t\t\n\t\t>\n<div class=\"siteorigin-widget-tinymce textwidget\">\n\t<p>Desarrolla su pr\u00e1ctica art\u00edstica en el campo de la danza y las artes en vivo como bailar\u00edn, core\u00f3grafo, pedagogo, investigador y escritor, siempre entendiendo el cuerpo como lugar de referencia y la danza no como un fin en s\u00ed mismo sino como una herramienta de transformaci\u00f3n cr\u00edtica. Formado en la Escuela Superior de Arte de \u00c1msterdam, trabaj\u00f3 en Holanda como int\u00e9rprete y actualmente desarrolla su carrera profesional en Espa\u00f1a, donde curs\u00f3 el Master del Programa de Estudios Independientes del Museo de Arte Contempor\u00e1neo\u00a0de Barcelona. Su trabajo transita entre la investigaci\u00f3n sobre las relaciones entre danza, discurso, pedagog\u00eda y el desarrollo de nuevas metodolog\u00edas hacia la pr\u00e1ctica esc\u00e9nica. Entre sus \u00faltimos trabajos esc\u00e9nicos est\u00e1 <em>\u00e8pica, The<\/em><em>Touching Community<\/em>, y la conferencia perform\u00e1tica <em>Sudando el discurso: una cr\u00edtica encuerpada<\/em>, con sus respectivas publicaciones.<\/p>\n<p>Ha colaborado con creadores como Xavier Le Roy, Cuqui Jerez, Dora Garc\u00eda, C. Tangana, Nicole Beutler, Nora Heilmann, Andrea Bozi\u00e7, David Zambrano, y Silvia Sant Funk entre otros; ha sido el director art\u00edstico de Espacio Pr\u00e1ctico, un espacio auto-instituido en el centro de Barcelona entre 2010 y 2018; y actualmente es Jefe de la Especialidad de Pedagog\u00eda de la Danza del Conservatorio Superior de Danza del Institut del Teatre de Barcelona.<\/p>\n<p><a href=\"http:\/\/aimarperezgali.com\/pages\/bio.html\">Web de Aimar P\u00e9rez Gal\u00ed<\/a><\/p>\n<\/div>\n<\/div><\/div><\/div><div id=\"pgc-9944-1-1\"  class=\"panel-grid-cell\" ><div id=\"panel-9944-1-1-0\" class=\"so-panel widget widget_sow-editor panel-first-child panel-last-child\" data-index=\"3\" ><div\n\t\t\t\n\t\t\tclass=\"so-widget-sow-editor so-widget-sow-editor-base\"\n\t\t\t\n\t\t>\n<div class=\"siteorigin-widget-tinymce textwidget\">\n\t<p><strong>Nota<\/strong><br \/> Esta es una selecci\u00f3n de las obras del autor que se enmarcan en los conceptos de Politizaciones del malestar.<\/p>\n<\/div>\n<\/div><\/div><\/div><\/div><\/div>","protected":false},"excerpt":{"rendered":"<h5><a href=\"https:\/\/polititzacionsdelmalestar.org\/2020\/02\/28\/perez-gali-aimar\/?lang=es\" >Aimar P\u00e9rez Gal\u00ed<\/a><\/h5>\n<li><a href=\"https:\/\/polititzacionsdelmalestar.org\/2020\/02\/28\/the-touching-community\/?lang=es\" >The Touching Community<\/a>, 2012<\/li>\n","protected":false},"author":3,"featured_media":0,"comment_status":"closed","ping_status":"open","sticky":false,"template":"","format":"standard","meta":{"footnotes":""},"categories":[82],"tags":[],"class_list":["post-9944","post","type-post","status-publish","format-standard","hentry","category-autores"],"_links":{"self":[{"href":"https:\/\/polititzacionsdelmalestar.org\/es\/wp-json\/wp\/v2\/posts\/9944","targetHints":{"allow":["GET"]}}],"collection":[{"href":"https:\/\/polititzacionsdelmalestar.org\/es\/wp-json\/wp\/v2\/posts"}],"about":[{"href":"https:\/\/polititzacionsdelmalestar.org\/es\/wp-json\/wp\/v2\/types\/post"}],"author":[{"embeddable":true,"href":"https:\/\/polititzacionsdelmalestar.org\/es\/wp-json\/wp\/v2\/users\/3"}],"replies":[{"embeddable":true,"href":"https:\/\/polititzacionsdelmalestar.org\/es\/wp-json\/wp\/v2\/comments?post=9944"}],"version-history":[{"count":10,"href":"https:\/\/polititzacionsdelmalestar.org\/es\/wp-json\/wp\/v2\/posts\/9944\/revisions"}],"predecessor-version":[{"id":10147,"href":"https:\/\/polititzacionsdelmalestar.org\/es\/wp-json\/wp\/v2\/posts\/9944\/revisions\/10147"}],"wp:attachment":[{"href":"https:\/\/polititzacionsdelmalestar.org\/es\/wp-json\/wp\/v2\/media?parent=9944"}],"wp:term":[{"taxonomy":"category","embeddable":true,"href":"https:\/\/polititzacionsdelmalestar.org\/es\/wp-json\/wp\/v2\/categories?post=9944"},{"taxonomy":"post_tag","embeddable":true,"href":"https:\/\/polititzacionsdelmalestar.org\/es\/wp-json\/wp\/v2\/tags?post=9944"}],"curies":[{"name":"wp","href":"https:\/\/api.w.org\/{rel}","templated":true}]}}