


{"id":9337,"date":"2018-02-09T17:06:55","date_gmt":"2018-02-09T17:06:55","guid":{"rendered":"https:\/\/polititzacionsdelmalestar.org\/2018\/02\/09\/bar-project\/"},"modified":"2018-03-21T12:16:04","modified_gmt":"2018-03-21T12:16:04","slug":"bar-project","status":"publish","type":"post","link":"https:\/\/polititzacionsdelmalestar.org\/es\/bar-project\/","title":{"rendered":"BAR project"},"content":{"rendered":"<div id=\"pl-9337\"  class=\"panel-layout\" ><div id=\"pg-9337-0\"  class=\"panel-grid panel-no-style\" ><div id=\"pgc-9337-0-0\"  class=\"panel-grid-cell\" ><div id=\"panel-9337-0-0-0\" class=\"so-panel widget widget_sow-editor panel-first-child panel-last-child\" data-index=\"0\" ><div\n\t\t\t\n\t\t\tclass=\"so-widget-sow-editor so-widget-sow-editor-base\"\n\t\t\t\n\t\t><h3 class=\"widget-title\">BAR project<\/h3>\n<div class=\"siteorigin-widget-tinymce textwidget\">\n\t<\/div>\n<\/div><\/div><\/div><\/div><div id=\"pg-9337-1\"  class=\"panel-grid panel-no-style\" ><div id=\"pgc-9337-1-0\"  class=\"panel-grid-cell\" ><div id=\"panel-9337-1-0-0\" class=\"so-panel widget widget_sow-editor panel-first-child\" data-index=\"1\" ><div\n\t\t\t\n\t\t\tclass=\"so-widget-sow-editor so-widget-sow-editor-base\"\n\t\t\t\n\t\t>\n<div class=\"siteorigin-widget-tinymce textwidget\">\n\t<p><img loading=\"lazy\" decoding=\"async\" class=\"foto_completa\" src=\"https:\/\/polititzacionsdelmalestar.org\/wp-content\/uploads\/2018\/02\/vdesideri1.jpg\" alt=\"Barcelona 2016. BAR Project.\" width=\"1000\" height=\"563\" \/> <\/p>\n<p><em>Barcelona 2016. BAR Project.<\/em><\/p>\n<p>&nbsp;<\/p>\n<h5><a href=\"https:\/\/polititzacionsdelmalestar.org\/2018\/02\/15\/practica-estudi\/?lang=es\">Pr\u00e1ctica de estudio<\/a><\/h5>\n<p>2014<br \/> <a href=\"https:\/\/polititzacionsdelmalestar.org\/temes\/cos\/?lang=es\">Cuerpo, <\/a><a href=\"https:\/\/polititzacionsdelmalestar.org\/temes\/genere\/?lang=es\">G\u00e9nero<\/a>, <a href=\"https:\/\/polititzacionsdelmalestar.org\/temes\/privacitat\/?lang=es\">Privacidad <\/a>y <a href=\"https:\/\/polititzacionsdelmalestar.org\/temes\/processos-collaboratius\/?lang=es\">Procesos colaborativos<\/a><\/p>\n<\/div>\n<\/div><\/div><div id=\"panel-9337-1-0-1\" class=\"so-panel widget widget_sow-editor panel-last-child\" data-index=\"2\" ><div\n\t\t\t\n\t\t\tclass=\"so-widget-sow-editor so-widget-sow-editor-base\"\n\t\t\t\n\t\t>\n<div class=\"siteorigin-widget-tinymce textwidget\">\n\t<p> Bar project (Valentina Desideri y Florencia Portocarrero):<\/p>\n<p>Iniciada en 2013 por los curadores Andrea Rodriguez Novoa, Veronica Valentini y Juan Canela, BAR project es una organizaci\u00f3n independiente, m\u00f3vil y sin \u00e1nimo de lucro dedicada a respaldar a artistas y comisarios internacionales y a promover el di\u00e1logo trans-disciplinar, la hospitalidad, la colaboraci\u00f3n y el intercambio. Drinking while walking while hosting while thinking while making together es el leitmotiv de BAR project, que toma su nombre del lugar popular y de encuentro social de la cultura del sur de Europa con el fin de recontextualizarlo, y de trabajar y practicar (reflexionar-haciendo) de forma flexible, informal y cr\u00edtica. Esta condici\u00f3n de trabajo y estatus va m\u00e1s all\u00e1 del bar extendiendo la pr\u00e1ctica curatorial a trabajar en el \u00e1mbito p\u00fablico, y toma la ciudad de Barcelona como un espacio p\u00fablico de proyecto. La investigacion curatorial de BAR project busca resaltar cuestiones pertinentes en el actual paradigma pol\u00edtico, social y econ\u00f3mico, desarrollando en la ciudad un programa p\u00fablico que se nutre de un programa internacional de residencias, y del programa de formaci\u00f3n anual basado en la pr\u00e1ctica BAR TOOL.<\/p>\n<p>Web de <a href=\"http:\/\/barproject.net\/\">Bar project<\/a><\/p>\n<\/div>\n<\/div><\/div><\/div><div id=\"pgc-9337-1-1\"  class=\"panel-grid-cell\" ><div id=\"panel-9337-1-1-0\" class=\"so-panel widget widget_sow-editor panel-first-child panel-last-child\" data-index=\"3\" ><div\n\t\t\t\n\t\t\tclass=\"so-widget-sow-editor so-widget-sow-editor-base\"\n\t\t\t\n\t\t>\n<div class=\"siteorigin-widget-tinymce textwidget\">\n\t<p><strong>Nota<\/strong><br \/>Esta es una selecci\u00f3n de las obras de las autoras que se enmarcan en los conceptos de Politizaciones del malestar.<\/p>\n<\/div>\n<\/div><\/div><\/div><\/div><\/div>","protected":false},"excerpt":{"rendered":"<h5><a href=\"http:\/\/polititzacionsdelmalestar.org\/2018\/02\/09\/bar-project\/?lang=es\" >BAR project<\/a><\/h5>\n<li><a href=\"http:\/\/polititzacionsdelmalestar.org\/2018\/02\/15\/practica-estudi\/?lang=es\" >Pr\u00e1ctica de estudio<\/a>, 2014<\/li>\n","protected":false},"author":6,"featured_media":0,"comment_status":"closed","ping_status":"open","sticky":false,"template":"","format":"standard","meta":{"footnotes":""},"categories":[82,187],"tags":[],"class_list":["post-9337","post","type-post","status-publish","format-standard","hentry","category-autores","category-bar-project-2-es"],"_links":{"self":[{"href":"https:\/\/polititzacionsdelmalestar.org\/es\/wp-json\/wp\/v2\/posts\/9337","targetHints":{"allow":["GET"]}}],"collection":[{"href":"https:\/\/polititzacionsdelmalestar.org\/es\/wp-json\/wp\/v2\/posts"}],"about":[{"href":"https:\/\/polititzacionsdelmalestar.org\/es\/wp-json\/wp\/v2\/types\/post"}],"author":[{"embeddable":true,"href":"https:\/\/polititzacionsdelmalestar.org\/es\/wp-json\/wp\/v2\/users\/6"}],"replies":[{"embeddable":true,"href":"https:\/\/polititzacionsdelmalestar.org\/es\/wp-json\/wp\/v2\/comments?post=9337"}],"version-history":[{"count":11,"href":"https:\/\/polititzacionsdelmalestar.org\/es\/wp-json\/wp\/v2\/posts\/9337\/revisions"}],"predecessor-version":[{"id":9613,"href":"https:\/\/polititzacionsdelmalestar.org\/es\/wp-json\/wp\/v2\/posts\/9337\/revisions\/9613"}],"wp:attachment":[{"href":"https:\/\/polititzacionsdelmalestar.org\/es\/wp-json\/wp\/v2\/media?parent=9337"}],"wp:term":[{"taxonomy":"category","embeddable":true,"href":"https:\/\/polititzacionsdelmalestar.org\/es\/wp-json\/wp\/v2\/categories?post=9337"},{"taxonomy":"post_tag","embeddable":true,"href":"https:\/\/polititzacionsdelmalestar.org\/es\/wp-json\/wp\/v2\/tags?post=9337"}],"curies":[{"name":"wp","href":"https:\/\/api.w.org\/{rel}","templated":true}]}}