


{"id":8595,"date":"2018-02-15T13:52:55","date_gmt":"2018-02-15T13:52:55","guid":{"rendered":"https:\/\/polititzacionsdelmalestar.org\/2018\/02\/15\/joves-de-barri\/"},"modified":"2018-03-21T12:11:02","modified_gmt":"2018-03-21T12:11:02","slug":"joves-de-barri","status":"publish","type":"post","link":"https:\/\/polititzacionsdelmalestar.org\/es\/joves-de-barri\/","title":{"rendered":"Los j\u00f3venes de barrio"},"content":{"rendered":"<div id=\"pl-8595\"  class=\"panel-layout\" ><div id=\"pg-8595-0\"  class=\"panel-grid panel-no-style\" ><div id=\"pgc-8595-0-0\"  class=\"panel-grid-cell\" ><div id=\"panel-8595-0-0-0\" class=\"so-panel widget widget_virtue_gallery_widget virtue_gallery_widget panel-first-child\" data-index=\"0\" ><h3 class=\"widget-title\">Los j\u00f3venes de barrio<\/h3><div id=\"kad-wp-gallery662\" class=\"kad-wp-gallery gallery kt-gallery-column-1 init-isotope-intrinsic reinit-isotope kad-light-wp-gallery clearfix rowtight\" data-fade-in=\"1\" data-iso-selector=\".g_item\" data-iso-style=\"masonry\" data-iso-filter=\"false\"><div class=\"tcol-lg-12 tcol-md-12 tcol-sm-12 tcol-xs-12 tcol-ss-12 g_item\"><div class=\"grid_item kt_item_fade_in kad_gallery_fade_in gallery_item\"><a href=\"https:\/\/polititzacionsdelmalestar.org\/wp-content\/uploads\/2018\/02\/los-jovenes-de-barrio1-1000.jpg\" data-rel=\"lightbox\" class=\"lightboxhover\"><div class=\"kt-intrinsic\" style=\"padding-bottom:100%;\"><div itemprop=\"image\" itemscope itemtype=\"https:\/\/schema.org\/ImageObject\"><img loading=\"lazy\" decoding=\"async\" width=\"560\" height=\"560\" src=\"https:\/\/polititzacionsdelmalestar.org\/wp-content\/uploads\/2018\/02\/los-jovenes-de-barrio1-1000-560x560.jpg\" srcset=\"https:\/\/polititzacionsdelmalestar.org\/wp-content\/uploads\/2018\/02\/los-jovenes-de-barrio1-1000-560x560.jpg 560w, https:\/\/polititzacionsdelmalestar.org\/wp-content\/uploads\/2018\/02\/los-jovenes-de-barrio1-1000-150x150.jpg 150w, https:\/\/polititzacionsdelmalestar.org\/wp-content\/uploads\/2018\/02\/los-jovenes-de-barrio1-1000-730x730.jpg 730w, https:\/\/polititzacionsdelmalestar.org\/wp-content\/uploads\/2018\/02\/los-jovenes-de-barrio1-1000-365x365.jpg 365w\" sizes=\"auto, (max-width: 560px) 100vw, 560px\" data-caption=\"Los j\u00f3venes de barrio\" class=\"light-dropshaddow\" itemprop=\"contentUrl\" alt=\"\"><meta itemprop=\"url\" content=\"https:\/\/polititzacionsdelmalestar.org\/wp-content\/uploads\/2018\/02\/los-jovenes-de-barrio1-1000-560x560.jpg\"><meta itemprop=\"width\" content=\"560px\"><meta itemprop=\"height\" content=\"560px\"><\/div><\/div><div class=\"caption kad_caption\"><div class=\"kad_caption_inner\">Los j\u00f3venes de barrio<\/div><\/div><\/a><\/div><\/div><\/div><\/div><div id=\"panel-8595-0-0-1\" class=\"so-panel widget widget_sow-editor panel-last-child\" data-index=\"1\" ><div\n\t\t\t\n\t\t\tclass=\"so-widget-sow-editor so-widget-sow-editor-base\"\n\t\t\t\n\t\t>\n<div class=\"siteorigin-widget-tinymce textwidget\">\n\t<p>1982<\/p>\n<p>Es precisamente a finales de los 70 y comienzos de los 80 cuando se crearon espacios socioculturales dirigidos a los j\u00f3venes -como centros abiertos, casales y esplais- que bien pronto establecieron acuerdos y convenios con las administraciones p\u00fablicas y se coordinaron para realizar tareas de asistencia a poblaciones consideradas en riesgo de exclusi\u00f3n social. Es en este momento cuando empieza a implementarse y extenderse la idea de que la calle, que hasta entonces hab\u00eda sido el principal espacio de juego y socializaci\u00f3n de ni\u00f1os y j\u00f3venes, era un lugar peligroso. Hac\u00eda falta pues establecer espacios regulados y normativizados donde el tiempo de ocio de los ni\u00f1os y j\u00f3venes fuera gestionado y controlado por los adultos, tareas de las que se encargar\u00e1 toda una serie de t\u00e9cnicos y profesionales: educadores y trabajadores sociales, educadores de tiempo libre, educadores de calle, monitores de <em>esplai<\/em>, etc. Desde otro punto de vista podemos entender que todos estos dispositivos y saberes redujeron notablemente la autonom\u00eda y las capacidades de los ni\u00f1os y j\u00f3venes para autoorganizar su ocio y su modo de habitar el territorio.<\/p>\n<p>\u00a0<\/p>\n<h4>Recorrido del proyecto. \u00bfD\u00f3nde se encuentra la obra?<\/h4>\n<p>El v\u00eddeo est\u00e0 en Dip\u00f2sit a la Col\u00b7lecci\u00f3 del MACBA. L'arxiu (fons documental) del Col\u00b7lectiu Video-Nou \/ Servei de V\u00eddeo Comunitari est\u00e0 dipositat i disponible per a su consulta al Centre de Documentaci\u00f3 del MACBA. El v\u00eddeo est\u00e0 disponible a la distribu\u00efdora HAMACA. Tamb\u00e9 hi ha 1 c\u00f2pia a la Col\u00b7lecci\u00f3 del MNCARS.<\/p>\n<p><a href=\"http:\/\/www.museoreinasofia.es\/coleccion\/obra\/jovenes-barrio\" target=\"_blank\" rel=\"noopener\">Museo Nacional. Centro de Arte Reina Sof\u00eda<\/a>.<\/p>\n<\/div>\n<\/div><\/div><\/div><div id=\"pgc-8595-0-1\"  class=\"panel-grid-cell\" ><div id=\"panel-8595-0-1-0\" class=\"so-panel widget widget_sow-editor panel-first-child\" data-index=\"2\" ><div\n\t\t\t\n\t\t\tclass=\"so-widget-sow-editor so-widget-sow-editor-base\"\n\t\t\t\n\t\t>\n<div class=\"siteorigin-widget-tinymce textwidget\">\n\t<h5><a href=\"https:\/\/polititzacionsdelmalestar.org\/2018\/02\/09\/eulalia-valldosera-6\/?lang=es\">Col\u00b7lectiu Video-Nou<\/a><\/h5>\n<h4><\/h4>\n<h4>Palabras clave<\/h4>\n<a href=\"https:\/\/polititzacionsdelmalestar.org\/temes\/malestar\/?lang=es\">Malestar<\/a>, <a href=\"https:\/\/polititzacionsdelmalestar.org\/temes\/memoria\/?lang=es\">Memoria<\/a>, <a href=\"https:\/\/polititzacionsdelmalestar.org\/temes\/politica\/?lang=es\">Pol\u00edtica <\/a>y <a href=\"https:\/\/polititzacionsdelmalestar.org\/temes\/processos-collaboratius\/?lang=es\">Procesos colaborativos<\/a>\n<h4><\/h4>\n<h4>Documentos <em>media<\/em><\/h4>\n<div class=\"page\" title=\"Page 1\">\n<div class=\"layoutArea\">\n\n<a id=\"69f0c78a28fd1\" rel=\"wp-video-lightbox\" href=\"https:\/\/www.youtube.com\/watch?v=IEGT6ubwWOk&#038;width=800&#038;height=600\" title=\"\"><img decoding=\"async\" src=\"https:\/\/polititzacionsdelmalestar.org\/wp-content\/uploads\/2018\/02\/jovenesbarrio-800.jpg\" class=\"video_lightbox_anchor_image\" alt=\"Los j\u00f3venes de barrio\" \/><\/a>    <script>\r\n    \/* <![CDATA[ *\/\r\n    jQuery(document).ready(function($){\r\n        $(function(){\r\n            var width = $(window).innerWidth();\r\n            var setwidth = parseFloat(800);\r\n            var ratio = parseFloat(0.75);\r\n            var height = parseFloat(600);\r\n            var link = 'https:\/\/www.youtube.com\/watch?v=IEGT6ubwWOk&amp;width=800&amp;height=600';\r\n            if(width < setwidth)\r\n            {\r\n                height = Math.floor(width * 0.75);\r\n                \/\/console.log(\"device width \"+width+\", set width \"+800+\", ratio \"+0.75+\", new height \"+ height);\r\n                var new_url = wpvl_paramReplace('width', link, width);\r\n                var new_url = wpvl_paramReplace('height', new_url, height);\r\n                $(\"a#69f0c78a28fd1\").attr('href', new_url);\r\n                \/\/console.log(new_url);\r\n            }\r\n        });\r\n    });\r\n    \/* ]]> *\/\r\n    <\/script>\n<div class=\"kad-spacer clearfix\" style=\"height:5px\"><\/div>\n\n<a href=\"http:\/\/www.hamacaonline.net\/autor.php?id=156\" target=\"_blank\" rel=\"noopener\">Video-Nou<\/a>\n<h4><\/h4>\n<h4 class=\"titol-galeria\">Fotos del projecte<\/h4>\n<\/div>\n<\/div><\/div>\n<\/div><\/div><div id=\"panel-8595-0-1-1\" class=\"so-panel widget widget_virtue_gallery_widget virtue_gallery_widget panel-last-child\" data-index=\"3\" ><div id=\"kad-wp-gallery658\" class=\"kad-wp-gallery gallery kt-gallery-column-1 init-isotope-intrinsic reinit-isotope kad-light-wp-gallery clearfix rowtight\" data-fade-in=\"1\" data-iso-selector=\".g_item\" data-iso-style=\"masonry\" data-iso-filter=\"false\"><div class=\"tcol-lg-12 tcol-md-12 tcol-sm-12 tcol-xs-12 tcol-ss-12 g_item\"><div class=\"grid_item kt_item_fade_in kad_gallery_fade_in gallery_item\"><a href=\"https:\/\/polititzacionsdelmalestar.org\/wp-content\/uploads\/2018\/02\/los-jovenes-de-barrio2-1000.jpg\" data-rel=\"lightbox\" class=\"lightboxhover\"><div class=\"kt-intrinsic\" style=\"padding-bottom:100%;\"><div itemprop=\"image\" itemscope itemtype=\"https:\/\/schema.org\/ImageObject\"><img loading=\"lazy\" decoding=\"async\" width=\"560\" height=\"560\" src=\"https:\/\/polititzacionsdelmalestar.org\/wp-content\/uploads\/2018\/02\/los-jovenes-de-barrio2-1000-560x560.jpg\" srcset=\"https:\/\/polititzacionsdelmalestar.org\/wp-content\/uploads\/2018\/02\/los-jovenes-de-barrio2-1000-560x560.jpg 560w, https:\/\/polititzacionsdelmalestar.org\/wp-content\/uploads\/2018\/02\/los-jovenes-de-barrio2-1000-150x150.jpg 150w\" sizes=\"auto, (max-width: 560px) 100vw, 560px\" data-caption=\"Los j\u00f3venes de barrio\" class=\"light-dropshaddow\" itemprop=\"contentUrl\" alt=\"Els joves de barri\"><meta itemprop=\"url\" content=\"https:\/\/polititzacionsdelmalestar.org\/wp-content\/uploads\/2018\/02\/los-jovenes-de-barrio2-1000-560x560.jpg\"><meta itemprop=\"width\" content=\"560px\"><meta itemprop=\"height\" content=\"560px\"><\/div><\/div><div class=\"caption kad_caption\"><div class=\"kad_caption_inner\">Los j\u00f3venes de barrio<\/div><\/div><\/a><\/div><\/div><div class=\"tcol-lg-12 tcol-md-12 tcol-sm-12 tcol-xs-12 tcol-ss-12 g_item\"><div class=\"grid_item kt_item_fade_in kad_gallery_fade_in gallery_item\"><a href=\"https:\/\/polititzacionsdelmalestar.org\/wp-content\/uploads\/2018\/02\/los-jovenes-de-barrio3-1000.jpg\" data-rel=\"lightbox\" class=\"lightboxhover\"><div class=\"kt-intrinsic\" style=\"padding-bottom:100%;\"><div itemprop=\"image\" itemscope itemtype=\"https:\/\/schema.org\/ImageObject\"><img loading=\"lazy\" decoding=\"async\" width=\"560\" height=\"560\" src=\"https:\/\/polititzacionsdelmalestar.org\/wp-content\/uploads\/2018\/02\/los-jovenes-de-barrio3-1000-560x560.jpg\" srcset=\"https:\/\/polititzacionsdelmalestar.org\/wp-content\/uploads\/2018\/02\/los-jovenes-de-barrio3-1000-560x560.jpg 560w, https:\/\/polititzacionsdelmalestar.org\/wp-content\/uploads\/2018\/02\/los-jovenes-de-barrio3-1000-150x150.jpg 150w\" sizes=\"auto, (max-width: 560px) 100vw, 560px\" data-caption=\"Los j\u00f3venes de barrio\" class=\"light-dropshaddow\" itemprop=\"contentUrl\" alt=\"Els joves de barri\"><meta itemprop=\"url\" content=\"https:\/\/polititzacionsdelmalestar.org\/wp-content\/uploads\/2018\/02\/los-jovenes-de-barrio3-1000-560x560.jpg\"><meta itemprop=\"width\" content=\"560px\"><meta itemprop=\"height\" content=\"560px\"><\/div><\/div><div class=\"caption kad_caption\"><div class=\"kad_caption_inner\">Los j\u00f3venes de barrio<\/div><\/div><\/a><\/div><\/div><div class=\"tcol-lg-12 tcol-md-12 tcol-sm-12 tcol-xs-12 tcol-ss-12 g_item\"><div class=\"grid_item kt_item_fade_in kad_gallery_fade_in gallery_item\"><a href=\"https:\/\/polititzacionsdelmalestar.org\/wp-content\/uploads\/2018\/02\/03-3.jpg\" data-rel=\"lightbox\" class=\"lightboxhover\"><div class=\"kt-intrinsic\" style=\"padding-bottom:100%;\"><div itemprop=\"image\" itemscope itemtype=\"https:\/\/schema.org\/ImageObject\"><img loading=\"lazy\" decoding=\"async\" width=\"560\" height=\"560\" src=\"https:\/\/polititzacionsdelmalestar.org\/wp-content\/uploads\/2018\/02\/03-3-560x560.jpg\" srcset=\"https:\/\/polititzacionsdelmalestar.org\/wp-content\/uploads\/2018\/02\/03-3-560x560.jpg 560w, https:\/\/polititzacionsdelmalestar.org\/wp-content\/uploads\/2018\/02\/03-3-150x150.jpg 150w\" sizes=\"auto, (max-width: 560px) 100vw, 560px\" data-caption=\"Los j\u00f3venes de barrio\" class=\"light-dropshaddow\" itemprop=\"contentUrl\" alt=\"Los j\u00f3venes de barrio\"><meta itemprop=\"url\" content=\"https:\/\/polititzacionsdelmalestar.org\/wp-content\/uploads\/2018\/02\/03-3-560x560.jpg\"><meta itemprop=\"width\" content=\"560px\"><meta itemprop=\"height\" content=\"560px\"><\/div><\/div><div class=\"caption kad_caption\"><div class=\"kad_caption_inner\">Los j\u00f3venes de barrio<\/div><\/div><\/a><\/div><\/div><\/div><\/div><\/div><\/div><\/div>","protected":false},"excerpt":{"rendered":"<h3><a href=\"http:\/\/polititzacionsdelmalestar.org\/2018\/02\/15\/joves-de-barri\/?lang=es\">Los j\u00f3venes de barrio<\/a><\/h3>\n<p>1982<br \/>\n<a href=\"http:\/\/polititzacionsdelmalestar.org\/2018\/02\/09\/col-lectiu-video-nou\/\"><strong>Col\u00b7lectiu Video-Nou<\/strong><\/a><br \/>\n<br \/>\n<a href=\"http:\/\/polititzacionsdelmalestar.org\/temes\/malestar\/?lang=es\">Malestar<\/a>, <a href=\"http:\/\/polititzacionsdelmalestar.org\/temes\/memoria\/?lang=es\">Memoria<\/a>, <a href=\"http:\/\/polititzacionsdelmalestar.org\/temes\/politica\/?lang=es\">Pol\u00edtica <\/a>y <a href=\"http:\/\/polititzacionsdelmalestar.org\/temes\/processos-collaboratius\/?lang=es\">Procesos colaborativos<\/a><\/p>\n<h4><\/h4>\n","protected":false},"author":6,"featured_media":8363,"comment_status":"closed","ping_status":"closed","sticky":false,"template":"","format":"standard","meta":{"footnotes":""},"categories":[177,150,135,155,158,123],"tags":[],"class_list":["post-8595","post","type-post","status-publish","format-standard","has-post-thumbnail","hentry","category-collectiu-video-nou","category-malestar-es","category-memoria-es","category-politica-es","category-processos-collaboratius-es","category-proyectos"],"_links":{"self":[{"href":"https:\/\/polititzacionsdelmalestar.org\/es\/wp-json\/wp\/v2\/posts\/8595","targetHints":{"allow":["GET"]}}],"collection":[{"href":"https:\/\/polititzacionsdelmalestar.org\/es\/wp-json\/wp\/v2\/posts"}],"about":[{"href":"https:\/\/polititzacionsdelmalestar.org\/es\/wp-json\/wp\/v2\/types\/post"}],"author":[{"embeddable":true,"href":"https:\/\/polititzacionsdelmalestar.org\/es\/wp-json\/wp\/v2\/users\/6"}],"replies":[{"embeddable":true,"href":"https:\/\/polititzacionsdelmalestar.org\/es\/wp-json\/wp\/v2\/comments?post=8595"}],"version-history":[{"count":12,"href":"https:\/\/polititzacionsdelmalestar.org\/es\/wp-json\/wp\/v2\/posts\/8595\/revisions"}],"predecessor-version":[{"id":9608,"href":"https:\/\/polititzacionsdelmalestar.org\/es\/wp-json\/wp\/v2\/posts\/8595\/revisions\/9608"}],"wp:featuredmedia":[{"embeddable":true,"href":"https:\/\/polititzacionsdelmalestar.org\/es\/wp-json\/wp\/v2\/media\/8363"}],"wp:attachment":[{"href":"https:\/\/polititzacionsdelmalestar.org\/es\/wp-json\/wp\/v2\/media?parent=8595"}],"wp:term":[{"taxonomy":"category","embeddable":true,"href":"https:\/\/polititzacionsdelmalestar.org\/es\/wp-json\/wp\/v2\/categories?post=8595"},{"taxonomy":"post_tag","embeddable":true,"href":"https:\/\/polititzacionsdelmalestar.org\/es\/wp-json\/wp\/v2\/tags?post=8595"}],"curies":[{"name":"wp","href":"https:\/\/api.w.org\/{rel}","templated":true}]}}