


{"id":8590,"date":"2018-02-15T13:20:35","date_gmt":"2018-02-15T13:20:35","guid":{"rendered":"https:\/\/polititzacionsdelmalestar.org\/2018\/02\/15\/practica-estudi\/"},"modified":"2018-03-05T17:04:22","modified_gmt":"2018-03-05T17:04:22","slug":"practica-estudi","status":"publish","type":"post","link":"https:\/\/polititzacionsdelmalestar.org\/es\/practica-estudi\/","title":{"rendered":"Pr\u00e1ctica de estudio"},"content":{"rendered":"<div id=\"pl-8590\"  class=\"panel-layout\" ><div id=\"pg-8590-0\"  class=\"panel-grid panel-no-style\" ><div id=\"pgc-8590-0-0\"  class=\"panel-grid-cell\" ><div id=\"panel-8590-0-0-0\" class=\"so-panel widget widget_virtue_gallery_widget virtue_gallery_widget panel-first-child\" data-index=\"0\" ><h3 class=\"widget-title\">Pr\u00e1ctica de estudio<\/h3><div id=\"kad-wp-gallery649\" class=\"kad-wp-gallery gallery kt-gallery-column-1 init-isotope-intrinsic reinit-isotope kad-light-wp-gallery clearfix rowtight\" data-fade-in=\"1\" data-iso-selector=\".g_item\" data-iso-style=\"masonry\" data-iso-filter=\"false\"><div class=\"tcol-lg-12 tcol-md-12 tcol-sm-12 tcol-xs-12 tcol-ss-12 g_item\"><div class=\"grid_item kt_item_fade_in kad_gallery_fade_in gallery_item\"><a href=\"https:\/\/polititzacionsdelmalestar.org\/wp-content\/uploads\/2018\/02\/vdesideri1-1.jpg\" data-rel=\"lightbox\" class=\"lightboxhover\"><div class=\"kt-intrinsic\" style=\"padding-bottom:100%;\"><div itemprop=\"image\" itemscope itemtype=\"https:\/\/schema.org\/ImageObject\"><img loading=\"lazy\" decoding=\"async\" width=\"560\" height=\"560\" src=\"https:\/\/polititzacionsdelmalestar.org\/wp-content\/uploads\/2018\/02\/vdesideri1-1-560x560.jpg\" srcset=\"https:\/\/polititzacionsdelmalestar.org\/wp-content\/uploads\/2018\/02\/vdesideri1-1-560x560.jpg 560w, https:\/\/polititzacionsdelmalestar.org\/wp-content\/uploads\/2018\/02\/vdesideri1-1-150x150.jpg 150w\" sizes=\"auto, (max-width: 560px) 100vw, 560px\" data-caption=\"S\u00e1bado 16 de abril, Espai Pr\u00e0ctic. Barcelona, 2016. BAR Project.\" class=\"light-dropshaddow\" itemprop=\"contentUrl\" alt=\"\"><meta itemprop=\"url\" content=\"https:\/\/polititzacionsdelmalestar.org\/wp-content\/uploads\/2018\/02\/vdesideri1-1-560x560.jpg\"><meta itemprop=\"width\" content=\"560px\"><meta itemprop=\"height\" content=\"560px\"><\/div><\/div><div class=\"caption kad_caption\"><div class=\"kad_caption_inner\">S\u00e1bado 16 de abril, Espai Pr\u00e0ctic. Barcelona, 2016. BAR Project.<\/div><\/div><\/a><\/div><\/div><\/div><\/div><div id=\"panel-8590-0-0-1\" class=\"so-panel widget widget_sow-editor panel-last-child\" data-index=\"1\" ><div\n\t\t\t\n\t\t\tclass=\"so-widget-sow-editor so-widget-sow-editor-base\"\n\t\t\t\n\t\t>\n<div class=\"siteorigin-widget-tinymce textwidget\">\n\t<p>2014<\/p>\n<p>La <strong>Pr\u00e1ctica de estudio<\/strong> es una ficci\u00f3n (o una apuesta tal vez?) de que no existe un afuera del proceso de aprendizaje. Si nos reunimos a leer un texto, si conversamos, si cocinamos, si luchamos en el suelo, si dormimos juntos; estamos estudiando. Por lo general, cuando estudiamos, pretendemos que lo hacemos para m\u00e1s adelante. Pretendemos que utilizaremos ese conocimiento en alg\u00fan momento. Pero en este estudio no hay m\u00e1s adelante, s\u00f3lo hay pr\u00e1ctica. Y esta pr\u00e1ctica de estudio consiste en poner a prueba posibles comienzos, intercambiar ideas parciales, ejercicios m\u00e1s o menos interesantes, textos, emociones, distracciones, aburrimiento y as\u00ed sucesivamente.<\/p>\n<p>\u00bfQu\u00e9 pasa si abrazamos las capacidades de este espacio simulado y nos reunimos en el estudio para practicar y estudiar juntos?, o \u00bfqu\u00e9 si lo utilizamos para compartir y estudiar sentimientos inc\u00f3modos o inapropiados?, o incluso, \u00bfqu\u00e9 suceder\u00eda si empezamos por reflexionar acerca de la rabia como una categor\u00eda leg\u00edtima para la producci\u00f3n de conocimiento e incluso para el an\u00e1lisis pol\u00edtico?<\/p>\n<\/div>\n<\/div><\/div><\/div><div id=\"pgc-8590-0-1\"  class=\"panel-grid-cell\" ><div id=\"panel-8590-0-1-0\" class=\"so-panel widget widget_sow-editor panel-first-child\" data-index=\"2\" ><div\n\t\t\t\n\t\t\tclass=\"so-widget-sow-editor so-widget-sow-editor-base\"\n\t\t\t\n\t\t>\n<div class=\"siteorigin-widget-tinymce textwidget\">\n\t<h5><a href=\"https:\/\/polititzacionsdelmalestar.org\/2018\/02\/09\/bar-project\/?lang=es\">BAR project<\/a><\/h5>\n(Valentina Desideri y Florencia Portocarrero)\n<h4>\u00a0<\/h4>\n<h4>Palabras clave<\/h4>\n<p><a href=\"https:\/\/polititzacionsdelmalestar.org\/temes\/cos\/?lang=es\">Cuerpo<\/a>, <a href=\"https:\/\/polititzacionsdelmalestar.org\/temes\/genere\/?lang=es\">G\u00e9nero<\/a>, <a href=\"https:\/\/polititzacionsdelmalestar.org\/temes\/privacitat\/?lang=es\">Privacidad <\/a>y <a href=\"https:\/\/polititzacionsdelmalestar.org\/temes\/processos-collaboratius\/?lang=es\">Procesos colaborativos<\/a><\/p>\n<h4>\u00a0<\/h4>\n<h4 class=\"column\">Textos sobre el proyecto<\/h4>\n<p><a href=\"https:\/\/polititzacionsdelmalestar.org\/wp-content\/uploads\/2018\/02\/Manifestaciones-final.pdf\" target=\"_blank\" rel=\"noopener\">Manifestaciones final<\/a> PDF 10 MB<\/p>\n<h4>\u00a0<\/h4>\n<h4><strong>Documents <em>media<\/em><\/strong><\/h4>\n<p>- <a href=\"http:\/\/barproject.net\/2016\/04\/28\/valentina-desideri-florencia-portocarrero-una-practica-estudio-explorar-sentimientos-inapropiados-verguenza\/\" target=\"_blank\" rel=\"noopener\">Valentina Desideri y Florencia Portocarrero. Una pr\u00e1ctica de estudio para explorar sentimientos inapropiados: Verg\u00fcenza<\/a><\/p>\n<p>- <a href=\"http:\/\/barproject.net\/2016\/04\/15\/valentina-desideri-florencia-portocarrero-una-practica-estudio-explorar-sentimientos-inapropiados-rabia\/\" target=\"_blank\" rel=\"noopener\">Valentina Desideri y Florencia Portocarrero. Una pr\u00e1ctica de estudio para explorar sentimientos inapropiados: Rabia<\/a><\/p>\n<h4>\u00a0<\/h4>\n<h4 class=\"titol-galeria\">Fotos del projecte<\/h4><\/div>\n<\/div><\/div><div id=\"panel-8590-0-1-1\" class=\"so-panel widget widget_virtue_gallery_widget virtue_gallery_widget panel-last-child\" data-index=\"3\" ><div id=\"kad-wp-gallery762\" class=\"kad-wp-gallery gallery kt-gallery-column-1 init-isotope-intrinsic reinit-isotope kad-light-wp-gallery clearfix rowtight\" data-fade-in=\"1\" data-iso-selector=\".g_item\" data-iso-style=\"masonry\" data-iso-filter=\"false\"><div class=\"tcol-lg-12 tcol-md-12 tcol-sm-12 tcol-xs-12 tcol-ss-12 g_item\"><div class=\"grid_item kt_item_fade_in kad_gallery_fade_in gallery_item\"><a href=\"https:\/\/polititzacionsdelmalestar.org\/wp-content\/uploads\/2018\/02\/vdesideri2.jpg\" data-rel=\"lightbox\" class=\"lightboxhover\"><div class=\"kt-intrinsic\" style=\"padding-bottom:100%;\"><div itemprop=\"image\" itemscope itemtype=\"https:\/\/schema.org\/ImageObject\"><img loading=\"lazy\" decoding=\"async\" width=\"560\" height=\"560\" src=\"https:\/\/polititzacionsdelmalestar.org\/wp-content\/uploads\/2018\/02\/vdesideri2-560x560.jpg\" srcset=\"https:\/\/polititzacionsdelmalestar.org\/wp-content\/uploads\/2018\/02\/vdesideri2-560x560.jpg 560w, https:\/\/polititzacionsdelmalestar.org\/wp-content\/uploads\/2018\/02\/vdesideri2-150x150.jpg 150w\" sizes=\"auto, (max-width: 560px) 100vw, 560px\" data-caption=\"S\u00e1bado 16 de abril, Espai Pr\u00e0ctic. Barcelona, 2016. BAR Project.\" class=\"light-dropshaddow\" itemprop=\"contentUrl\" alt=\"\"><meta itemprop=\"url\" content=\"https:\/\/polititzacionsdelmalestar.org\/wp-content\/uploads\/2018\/02\/vdesideri2-560x560.jpg\"><meta itemprop=\"width\" content=\"560px\"><meta itemprop=\"height\" content=\"560px\"><\/div><\/div><div class=\"caption kad_caption\"><div class=\"kad_caption_inner\">S\u00e1bado 16 de abril, Espai Pr\u00e0ctic. Barcelona, 2016. BAR Project.<\/div><\/div><\/a><\/div><\/div><div class=\"tcol-lg-12 tcol-md-12 tcol-sm-12 tcol-xs-12 tcol-ss-12 g_item\"><div class=\"grid_item kt_item_fade_in kad_gallery_fade_in gallery_item\"><a href=\"https:\/\/polititzacionsdelmalestar.org\/wp-content\/uploads\/2018\/02\/vdesideri3.jpg\" data-rel=\"lightbox\" class=\"lightboxhover\"><div class=\"kt-intrinsic\" style=\"padding-bottom:100%;\"><div itemprop=\"image\" itemscope itemtype=\"https:\/\/schema.org\/ImageObject\"><img loading=\"lazy\" decoding=\"async\" width=\"560\" height=\"560\" src=\"https:\/\/polititzacionsdelmalestar.org\/wp-content\/uploads\/2018\/02\/vdesideri3-560x560.jpg\" srcset=\"https:\/\/polititzacionsdelmalestar.org\/wp-content\/uploads\/2018\/02\/vdesideri3-560x560.jpg 560w, https:\/\/polititzacionsdelmalestar.org\/wp-content\/uploads\/2018\/02\/vdesideri3-150x150.jpg 150w\" sizes=\"auto, (max-width: 560px) 100vw, 560px\" data-caption=\"S\u00e1bado 16 de abril, Espai Pr\u00e0ctic. Barcelona, 2016. BAR Project.\" class=\"light-dropshaddow\" itemprop=\"contentUrl\" alt=\"\"><meta itemprop=\"url\" content=\"https:\/\/polititzacionsdelmalestar.org\/wp-content\/uploads\/2018\/02\/vdesideri3-560x560.jpg\"><meta itemprop=\"width\" content=\"560px\"><meta itemprop=\"height\" content=\"560px\"><\/div><\/div><div class=\"caption kad_caption\"><div class=\"kad_caption_inner\">S\u00e1bado 16 de abril, Espai Pr\u00e0ctic. Barcelona, 2016. BAR Project.<\/div><\/div><\/a><\/div><\/div><\/div><\/div><\/div><\/div><\/div>","protected":false},"excerpt":{"rendered":"<h3><a href=\"http:\/\/polititzacionsdelmalestar.org\/2018\/02\/15\/practica-estudi\/?lang=es\">Pr\u00e1ctica de estudio<\/a><\/h3>\n<p>1998<br \/>\n<a href=\"http:\/\/polititzacionsdelmalestar.org\/2018\/02\/09\/valentina-desideri\/?lang=es\"><strong>Valentina Desideri<\/strong><br \/>\n<a href=\"http:\/\/polititzacionsdelmalestar.org\/2018\/02\/09\/florencia-portocarrero\/?lang=es\"><strong>Florencia Portocarrero<\/strong><\/a><br \/>\n<br \/>\n<a href=\"http:\/\/polititzacionsdelmalestar.org\/temes\/cos\/?lang=es\">Cuerpo<\/a>, <a href=\"http:\/\/polititzacionsdelmalestar.org\/temes\/genere\/?lang=es\">G\u00e9nero<\/a>, <a href=\"http:\/\/polititzacionsdelmalestar.org\/temes\/privacitat\/?lang=es\">Privacidad <\/a>y <a href=\"http:\/\/polititzacionsdelmalestar.org\/temes\/processos-collaboratius\/?lang=es\">Procesos colaborativos<\/a><\/p>\n","protected":false},"author":6,"featured_media":8338,"comment_status":"closed","ping_status":"closed","sticky":false,"template":"","format":"standard","meta":{"footnotes":""},"categories":[137,180,149,156,158,123,178],"tags":[],"class_list":["post-8590","post","type-post","status-publish","format-standard","has-post-thumbnail","hentry","category-cos-es","category-florencia-portocarrero","category-genere-es","category-privacitat-es","category-processos-collaboratius-es","category-proyectos","category-valentina-desideri"],"_links":{"self":[{"href":"https:\/\/polititzacionsdelmalestar.org\/es\/wp-json\/wp\/v2\/posts\/8590","targetHints":{"allow":["GET"]}}],"collection":[{"href":"https:\/\/polititzacionsdelmalestar.org\/es\/wp-json\/wp\/v2\/posts"}],"about":[{"href":"https:\/\/polititzacionsdelmalestar.org\/es\/wp-json\/wp\/v2\/types\/post"}],"author":[{"embeddable":true,"href":"https:\/\/polititzacionsdelmalestar.org\/es\/wp-json\/wp\/v2\/users\/6"}],"replies":[{"embeddable":true,"href":"https:\/\/polititzacionsdelmalestar.org\/es\/wp-json\/wp\/v2\/comments?post=8590"}],"version-history":[{"count":12,"href":"https:\/\/polititzacionsdelmalestar.org\/es\/wp-json\/wp\/v2\/posts\/8590\/revisions"}],"predecessor-version":[{"id":9292,"href":"https:\/\/polititzacionsdelmalestar.org\/es\/wp-json\/wp\/v2\/posts\/8590\/revisions\/9292"}],"wp:featuredmedia":[{"embeddable":true,"href":"https:\/\/polititzacionsdelmalestar.org\/es\/wp-json\/wp\/v2\/media\/8338"}],"wp:attachment":[{"href":"https:\/\/polititzacionsdelmalestar.org\/es\/wp-json\/wp\/v2\/media?parent=8590"}],"wp:term":[{"taxonomy":"category","embeddable":true,"href":"https:\/\/polititzacionsdelmalestar.org\/es\/wp-json\/wp\/v2\/categories?post=8590"},{"taxonomy":"post_tag","embeddable":true,"href":"https:\/\/polititzacionsdelmalestar.org\/es\/wp-json\/wp\/v2\/tags?post=8590"}],"curies":[{"name":"wp","href":"https:\/\/api.w.org\/{rel}","templated":true}]}}