


{"id":8581,"date":"2018-02-14T17:18:32","date_gmt":"2018-02-14T17:18:32","guid":{"rendered":"https:\/\/polititzacionsdelmalestar.org\/2018\/02\/14\/discurs-joventut-colombiana\/"},"modified":"2018-02-23T19:08:45","modified_gmt":"2018-02-23T19:08:45","slug":"discurs-joventut-colombiana","status":"publish","type":"post","link":"https:\/\/polititzacionsdelmalestar.org\/es\/discurs-joventut-colombiana\/","title":{"rendered":"Discurso a la juventud colombiana"},"content":{"rendered":"<div id=\"pl-8581\"  class=\"panel-layout\" ><div id=\"pg-8581-0\"  class=\"panel-grid panel-no-style\" ><div id=\"pgc-8581-0-0\"  class=\"panel-grid-cell\" ><div id=\"panel-8581-0-0-0\" class=\"so-panel widget widget_virtue_gallery_widget virtue_gallery_widget panel-first-child\" data-index=\"0\" ><h3 class=\"widget-title\">Discurso a la juventud colombiana  <\/h3><div id=\"kad-wp-gallery789\" class=\"kad-wp-gallery gallery kt-gallery-column-1 init-isotope-intrinsic reinit-isotope kad-light-wp-gallery clearfix rowtight\" data-fade-in=\"1\" data-iso-selector=\".g_item\" data-iso-style=\"masonry\" data-iso-filter=\"false\"><div class=\"tcol-lg-12 tcol-md-12 tcol-sm-12 tcol-xs-12 tcol-ss-12 g_item\"><div class=\"grid_item kt_item_fade_in kad_gallery_fade_in gallery_item\"><a href=\"https:\/\/polititzacionsdelmalestar.org\/wp-content\/uploads\/2018\/02\/2011-frame-del-video-registro-Discurso-a-la-juventud-Colombiana.png\" data-rel=\"lightbox\" class=\"lightboxhover\"><div class=\"kt-intrinsic\" style=\"padding-bottom:100%;\"><div itemprop=\"image\" itemscope itemtype=\"https:\/\/schema.org\/ImageObject\"><img loading=\"lazy\" decoding=\"async\" width=\"560\" height=\"560\" src=\"https:\/\/polititzacionsdelmalestar.org\/wp-content\/uploads\/2018\/02\/2011-frame-del-video-registro-Discurso-a-la-juventud-Colombiana-560x560.png\" srcset=\"https:\/\/polititzacionsdelmalestar.org\/wp-content\/uploads\/2018\/02\/2011-frame-del-video-registro-Discurso-a-la-juventud-Colombiana-560x560.png 560w, https:\/\/polititzacionsdelmalestar.org\/wp-content\/uploads\/2018\/02\/2011-frame-del-video-registro-Discurso-a-la-juventud-Colombiana-150x150.png 150w\" sizes=\"auto, (max-width: 560px) 100vw, 560px\" data-caption=\"Discurso a la juventud colombiana\" class=\"light-dropshaddow\" itemprop=\"contentUrl\" alt=\"Discurso a la juventud colombiana\"><meta itemprop=\"url\" content=\"https:\/\/polititzacionsdelmalestar.org\/wp-content\/uploads\/2018\/02\/2011-frame-del-video-registro-Discurso-a-la-juventud-Colombiana-560x560.png\"><meta itemprop=\"width\" content=\"560px\"><meta itemprop=\"height\" content=\"560px\"><\/div><\/div><div class=\"caption kad_caption\"><div class=\"kad_caption_inner\">Discurso a la juventud colombiana<\/div><\/div><\/a><\/div><\/div><\/div><\/div><div id=\"panel-8581-0-0-1\" class=\"so-panel widget widget_sow-editor panel-last-child\" data-index=\"1\" ><div\n\t\t\t\n\t\t\tclass=\"so-widget-sow-editor so-widget-sow-editor-base\"\n\t\t\t\n\t\t>\n<div class=\"siteorigin-widget-tinymce textwidget\">\n\t<p>2011\u00a0<\/p>\n<p><strong>Discurso a la juventud colombiana<\/strong> es una <em>performance<\/em> que reflexiona sobre los nacionalismos.<\/p>\n<p>En la presente obra se explora la subjetividad de la memoria hist\u00f3rica provocando una reflexi\u00f3n sobre algunos de los discursos nacionalistas adoptados por los pol\u00edticos.<\/p>\n<p>En concreto, la <em>performance<\/em> actualiza el discurso que Adolf Hitler pronunci\u00f3 ante las juventudes nazis en 1934. A la hora de actualizarlo se tradujo el discurso literal al castellano y todas las referencias a Alemania fueron sustituidas por referencias a Colombia. El discurso fue hecho en la plaza Sim\u00f3n Bol\u00edvar en Bogot\u00e1 ante el congreso de la Rep\u00fablica de Colombia.<\/p>\n<h4>\u00a0<\/h4>\n<h4>Recorrido del proyecto. \u00bfD\u00f3nde se encuentra la obra?<\/h4>\n<p>La obra <strong>Discurso a las juventud colombiana<\/strong> fue hecha en el 2011 en Bogot\u00e1 Colombia hecha para la exposici\u00f3n \"Pol\u00edticas \u00ednfimas\" en El Parche. Este proyecto esta en conexi\u00f3n con el proyecto Discurs a la juventud catalana. Aunque el proyecto adquiere diferentes connotaciones seg\u00fan cada contexto, se pretende como un cuestionamiento general a la identificaci\u00f3n emocional con el concepto y construcci\u00f3n de naci\u00f3n.<\/p>\n<\/div>\n<\/div><\/div><\/div><div id=\"pgc-8581-0-1\"  class=\"panel-grid-cell\" ><div id=\"panel-8581-0-1-0\" class=\"so-panel widget widget_sow-editor panel-first-child panel-last-child\" data-index=\"2\" ><div\n\t\t\t\n\t\t\tclass=\"so-widget-sow-editor so-widget-sow-editor-base\"\n\t\t\t\n\t\t>\n<div class=\"siteorigin-widget-tinymce textwidget\">\n\t<h5><a href=\"https:\/\/polititzacionsdelmalestar.org\/2018\/02\/09\/juan-david-galindo\/?lang=es\">Juan David Galindo<\/a><\/h5>\n<h4>\u00a0<\/h4>\n<h4>Palabras clave<\/h4>\n<p><a href=\"https:\/\/polititzacionsdelmalestar.org\/temes\/activismo\/?lang=es\">Activismo<\/a>, <a href=\"https:\/\/polititzacionsdelmalestar.org\/temes\/identitat\/?lang=es\">Identidad<\/a>, <a href=\"https:\/\/polititzacionsdelmalestar.org\/temes\/malestar\/?lang=es\">Malestar<\/a>, <a href=\"https:\/\/polititzacionsdelmalestar.org\/temes\/memoria\/?lang=es\">Memoria<\/a>, y <a href=\"https:\/\/polititzacionsdelmalestar.org\/temes\/politica\/?lang=es\">Pol\u00edtica<\/a><\/p>\n<h4>\u00a0<\/h4>\n<h4>Documentos <em>media<\/em><\/h4>\n<p>Discurso a la juventud colombiana<br \/> <a id=\"69f0c9ceabd45\" rel=\"wp-video-lightbox\" href=\"https:\/\/vimeo.com\/254211423?width=800&#038;height=600\" title=\"\"><img decoding=\"async\" src=\"https:\/\/polititzacionsdelmalestar.org\/wp-content\/uploads\/2018\/02\/Discurso-juventud-colombiana-video.jpg\" class=\"video_lightbox_anchor_image\" alt=\"Discurso juventud colombiana\" \/><\/a>    <script>\r\n    \/* <![CDATA[ *\/\r\n    jQuery(document).ready(function($){\r\n        $(function(){\r\n            var width = $(window).innerWidth();\r\n            var setwidth = parseFloat(800);\r\n            var ratio = parseFloat(0.75);\r\n            var height = parseFloat(600);\r\n            var link = 'https:\/\/vimeo.com\/254211423?width=800&amp;height=600';\r\n            if(width < setwidth)\r\n            {\r\n                height = Math.floor(width * 0.75);\r\n                \/\/console.log(\"device width \"+width+\", set width \"+800+\", ratio \"+0.75+\", new height \"+ height);\r\n                var new_url = wpvl_paramReplace('width', link, width);\r\n                var new_url = wpvl_paramReplace('height', new_url, height);\r\n                $(\"a#69f0c9ceabd45\").attr('href', new_url);\r\n                \/\/console.log(new_url);\r\n            }\r\n        });\r\n    });\r\n    \/* ]]> *\/\r\n    <\/script><\/p><\/div>\n<\/div><\/div><\/div><\/div><\/div>","protected":false},"excerpt":{"rendered":"<h3><a href=\"http:\/\/polititzacionsdelmalestar.org\/2018\/02\/14\/discurs-joventut-colombiana\/?lang=es\">Discurso a la juventud colombiana<\/a><\/h3>\n<p>2011<br \/>\n<a href=\"http:\/\/polititzacionsdelmalestar.org\/2018\/02\/09\/juan-david-galindo\/?lang=es\"><strong>Juan David Galindo<\/strong><\/a><br \/>\n<br \/>\n<a href=\"http:\/\/polititzacionsdelmalestar.org\/temes\/activismo\/?lang=es\">Activismo<\/a>, <a href=\"http:\/\/polititzacionsdelmalestar.org\/temes\/identitat\/?lang=es\">Identidad<\/a>, <a href=\"http:\/\/polititzacionsdelmalestar.org\/temes\/malestar\/?lang=es\">Malestar<\/a>, <a href=\"http:\/\/polititzacionsdelmalestar.org\/temes\/memoria\/?lang=es\">Memoria<\/a>, y <a href=\"http:\/\/polititzacionsdelmalestar.org\/temes\/politica\/?lang=es\">Pol\u00edtica<\/a><\/p>\n","protected":false},"author":6,"featured_media":8314,"comment_status":"closed","ping_status":"closed","sticky":false,"template":"","format":"standard","meta":{"footnotes":""},"categories":[144,181,150,135,155,123],"tags":[],"class_list":["post-8581","post","type-post","status-publish","format-standard","has-post-thumbnail","hentry","category-activisme-es","category-juan-david-galindo","category-malestar-es","category-memoria-es","category-politica-es","category-proyectos"],"_links":{"self":[{"href":"https:\/\/polititzacionsdelmalestar.org\/es\/wp-json\/wp\/v2\/posts\/8581","targetHints":{"allow":["GET"]}}],"collection":[{"href":"https:\/\/polititzacionsdelmalestar.org\/es\/wp-json\/wp\/v2\/posts"}],"about":[{"href":"https:\/\/polititzacionsdelmalestar.org\/es\/wp-json\/wp\/v2\/types\/post"}],"author":[{"embeddable":true,"href":"https:\/\/polititzacionsdelmalestar.org\/es\/wp-json\/wp\/v2\/users\/6"}],"replies":[{"embeddable":true,"href":"https:\/\/polititzacionsdelmalestar.org\/es\/wp-json\/wp\/v2\/comments?post=8581"}],"version-history":[{"count":12,"href":"https:\/\/polititzacionsdelmalestar.org\/es\/wp-json\/wp\/v2\/posts\/8581\/revisions"}],"predecessor-version":[{"id":9030,"href":"https:\/\/polititzacionsdelmalestar.org\/es\/wp-json\/wp\/v2\/posts\/8581\/revisions\/9030"}],"wp:featuredmedia":[{"embeddable":true,"href":"https:\/\/polititzacionsdelmalestar.org\/es\/wp-json\/wp\/v2\/media\/8314"}],"wp:attachment":[{"href":"https:\/\/polititzacionsdelmalestar.org\/es\/wp-json\/wp\/v2\/media?parent=8581"}],"wp:term":[{"taxonomy":"category","embeddable":true,"href":"https:\/\/polititzacionsdelmalestar.org\/es\/wp-json\/wp\/v2\/categories?post=8581"},{"taxonomy":"post_tag","embeddable":true,"href":"https:\/\/polititzacionsdelmalestar.org\/es\/wp-json\/wp\/v2\/tags?post=8581"}],"curies":[{"name":"wp","href":"https:\/\/api.w.org\/{rel}","templated":true}]}}