


{"id":8566,"date":"2018-02-14T14:34:13","date_gmt":"2018-02-14T14:34:13","guid":{"rendered":"https:\/\/polititzacionsdelmalestar.org\/2018\/02\/14\/we-are-the-new-slaves\/"},"modified":"2020-03-20T15:17:33","modified_gmt":"2020-03-20T15:17:33","slug":"we-are-the-new-slaves","status":"publish","type":"post","link":"https:\/\/polititzacionsdelmalestar.org\/es\/we-are-the-new-slaves\/","title":{"rendered":"We are the new slaves"},"content":{"rendered":"<div id=\"pl-8566\"  class=\"panel-layout\" ><div id=\"pg-8566-0\"  class=\"panel-grid panel-no-style\" ><div id=\"pgc-8566-0-0\"  class=\"panel-grid-cell\" ><div id=\"panel-8566-0-0-0\" class=\"so-panel widget widget_virtue_gallery_widget virtue_gallery_widget panel-first-child\" data-index=\"0\" ><h3 class=\"widget-title\">We are the new slaves<\/h3><div id=\"kad-wp-gallery625\" class=\"kad-wp-gallery gallery kt-gallery-column-1 init-isotope-intrinsic reinit-isotope kad-light-wp-gallery clearfix rowtight\" data-fade-in=\"1\" data-iso-selector=\".g_item\" data-iso-style=\"masonry\" data-iso-filter=\"false\"><div class=\"tcol-lg-12 tcol-md-12 tcol-sm-12 tcol-xs-12 tcol-ss-12 g_item\"><div class=\"grid_item kt_item_fade_in kad_gallery_fade_in gallery_item\"><a href=\"https:\/\/polititzacionsdelmalestar.org\/wp-content\/uploads\/2018\/02\/Foto-Ismael-Guye-Portador-cartel-Miquel-Garcia-1.jpg\" data-rel=\"lightbox\" class=\"lightboxhover\"><div class=\"kt-intrinsic\" style=\"padding-bottom:100%;\"><div itemprop=\"image\" itemscope itemtype=\"https:\/\/schema.org\/ImageObject\"><img loading=\"lazy\" decoding=\"async\" width=\"560\" height=\"560\" src=\"https:\/\/polititzacionsdelmalestar.org\/wp-content\/uploads\/2018\/02\/Foto-Ismael-Guye-Portador-cartel-Miquel-Garcia-1-560x560.jpg\" srcset=\"https:\/\/polititzacionsdelmalestar.org\/wp-content\/uploads\/2018\/02\/Foto-Ismael-Guye-Portador-cartel-Miquel-Garcia-1-560x560.jpg 560w, https:\/\/polititzacionsdelmalestar.org\/wp-content\/uploads\/2018\/02\/Foto-Ismael-Guye-Portador-cartel-Miquel-Garcia-1-150x150.jpg 150w\" sizes=\"auto, (max-width: 560px) 100vw, 560px\" data-caption=\"&quot;We are the new slaves&quot;\" class=\"light-dropshaddow\" itemprop=\"contentUrl\" alt=\"&quot;We are the new slaves&quot;\"><meta itemprop=\"url\" content=\"https:\/\/polititzacionsdelmalestar.org\/wp-content\/uploads\/2018\/02\/Foto-Ismael-Guye-Portador-cartel-Miquel-Garcia-1-560x560.jpg\"><meta itemprop=\"width\" content=\"560px\"><meta itemprop=\"height\" content=\"560px\"><\/div><\/div><div class=\"caption kad_caption\"><div class=\"kad_caption_inner\">\u00abWe are the new slaves\u00bb<\/div><\/div><\/a><\/div><\/div><\/div><\/div><div id=\"panel-8566-0-0-1\" class=\"so-panel widget widget_sow-editor panel-last-child\" data-index=\"1\" ><div\n\t\t\t\n\t\t\tclass=\"so-widget-sow-editor so-widget-sow-editor-base\"\n\t\t\t\n\t\t>\n<div class=\"siteorigin-widget-tinymce textwidget\">\n\t<p>2012<\/p>\n<p>Este proyecto surgi\u00f3 a partir de la misma frase que le da t\u00edtulo: <em>We are the new slaves<\/em>. La formalizaci\u00f3n de dicha frase, ha sido la impresi\u00f3n en una edici\u00f3n formato p\u00f3ster de 500 unidades, de las cuales 250 ser\u00e1n destinadas al espacio p\u00fablico, que ser\u00e1n colocados en paredes y espacios a pie de calle. <em>We are the new slaves,<\/em> consiste en cuestionar y proponer el hecho de la renovaci\u00f3n -tan propia en nuestros d\u00edas- para algo viejo, invisibiliza en cierta manera las condiciones propias de esa categor\u00eda, la esclavitud, que supuestamente ha desaparecido pero que sigue vigente bajo otras formas y estructuras.<\/p>\n<h4>Recorrido del proyecto. \u00bfD\u00f3nde se encuentra la obra?<\/h4>\n<p>2012 - El proyecto ser realiz\u00f3 durante una residencia en CRIDA (<em>Centre de Resid\u00e8ncia i Intercanvi d'Artistes<\/em>). <em>Fundaci\u00f3 Palma Espai d'Art<\/em>. Palma, ESP.<\/p>\n<p>2013 - Exposici\u00f3n del proyecto - <em>We are the new slaves<\/em>. Comisariado porIv\u00e1n Mej\u00eda. <em>Financial Crimes<\/em>. Sala Muncunill. Terrassa, Catalunya, ESP<\/p>\n<p>2013 - Participaci\u00f3n exposici\u00f3n colectiva - Marca Espa\u00f1a (<em>Marke Spanien<\/em>). <em>Kreativstadt Wei\u00dfensee<\/em>, ECC (<em>European Creative City<\/em>). Berlin, GER<\/p>\n<p>Al ser una obra de la que se hicieron 500 copias, los artistas conservan los ejemplares restantes de la intervenci\u00f3n p\u00fablica y de la venta del p\u00f3ster.<\/p>\n<\/div>\n<\/div><\/div><\/div><div id=\"pgc-8566-0-1\"  class=\"panel-grid-cell\" ><div id=\"panel-8566-0-1-0\" class=\"so-panel widget widget_sow-editor panel-first-child\" data-index=\"2\" ><div\n\t\t\t\n\t\t\tclass=\"so-widget-sow-editor so-widget-sow-editor-base\"\n\t\t\t\n\t\t>\n<div class=\"siteorigin-widget-tinymce textwidget\">\n\t<h5><a href=\"https:\/\/polititzacionsdelmalestar.org\/2018\/02\/13\/marcos-cuesta\/?lang=es\">Marcos Cuesta<\/a><\/h5>\n<h5><a href=\"https:\/\/polititzacionsdelmalestar.org\/2018\/02\/09\/bartomeu-sastre\/?lang=es\">Bartomeu Sastre<\/a><\/h5>\n<h4><\/h4>\n<h4>Palabras clave<\/h4>\n<a href=\"https:\/\/polititzacionsdelmalestar.org\/temes\/activismo\/?lang=es\">Activismo<\/a>, <a href=\"https:\/\/polititzacionsdelmalestar.org\/temes\/identitat\/?lang=es\">Identidad<\/a>, <a href=\"https:\/\/polititzacionsdelmalestar.org\/temes\/malestar\/?lang=es\">Malestar<\/a> y <a href=\"https:\/\/polititzacionsdelmalestar.org\/temes\/politica\/?lang=es\">Pol\u00edtica<\/a>\n<h4><\/h4>\n<h4 class=\"column\">Textos sobre el proyecto<\/h4>\n- <a href=\"https:\/\/polititzacionsdelmalestar.org\/wp-content\/uploads\/2018\/02\/Cuesta-Sastre-We-are-the-new-slaves.pdf\" target=\"_blank\" rel=\"noopener\"><em>Cuesta-Sastre-We are the new slaves<\/em><\/a> PDF (4,4 MB)\n\n- <em><a href=\"https:\/\/polititzacionsdelmalestar.org\/wp-content\/uploads\/2018\/02\/Cartell-Cicle-Expositiu-Financial.pdf\" target=\"_blank\" rel=\"noopener\">Cartell Cicle Expositiu Financial<\/a> <\/em>PDF (1,2 MB)\n\n- <em><a href=\"https:\/\/polititzacionsdelmalestar.org\/wp-content\/uploads\/2018\/02\/Invitaci\u00f3-exposici\u00f3.pdf\" target=\"_blank\" rel=\"noopener\">Invitaci\u00f3 exposici\u00f3<\/a><\/em> PDF (272 KB)\n<h4><\/h4>\n<h4 class=\"titol-galeria\">Fotos del proyecto<\/h4><\/div>\n<\/div><\/div><div id=\"panel-8566-0-1-1\" class=\"so-panel widget widget_virtue_gallery_widget virtue_gallery_widget panel-last-child\" data-index=\"3\" ><div id=\"kad-wp-gallery459\" class=\"kad-wp-gallery gallery kt-gallery-column-1 init-isotope-intrinsic reinit-isotope kad-light-wp-gallery clearfix rowtight\" data-fade-in=\"1\" data-iso-selector=\".g_item\" data-iso-style=\"masonry\" data-iso-filter=\"false\"><div class=\"tcol-lg-12 tcol-md-12 tcol-sm-12 tcol-xs-12 tcol-ss-12 g_item\"><div class=\"grid_item kt_item_fade_in kad_gallery_fade_in gallery_item\"><a href=\"https:\/\/polititzacionsdelmalestar.org\/wp-content\/uploads\/2018\/02\/Bartomeu-Sastre-We-are-the-new-slaves.jpg\" data-rel=\"lightbox\" class=\"lightboxhover\"><div class=\"kt-intrinsic\" style=\"padding-bottom:128.20512820513%;\"><div itemprop=\"image\" itemscope itemtype=\"https:\/\/schema.org\/ImageObject\"><img loading=\"lazy\" decoding=\"async\" width=\"390\" height=\"500\" src=\"https:\/\/polititzacionsdelmalestar.org\/wp-content\/uploads\/2018\/02\/Bartomeu-Sastre-We-are-the-new-slaves.jpg\" srcset=\"https:\/\/polititzacionsdelmalestar.org\/wp-content\/uploads\/2018\/02\/Bartomeu-Sastre-We-are-the-new-slaves.jpg 390w, https:\/\/polititzacionsdelmalestar.org\/wp-content\/uploads\/2018\/02\/Bartomeu-Sastre-We-are-the-new-slaves-234x300.jpg 234w\" sizes=\"auto, (max-width: 390px) 100vw, 390px\" data-caption=\"&quot;We are the new slaves&quot;\" class=\"light-dropshaddow\" itemprop=\"contentUrl\" alt=\"We are the new slaves\"><meta itemprop=\"url\" content=\"https:\/\/polititzacionsdelmalestar.org\/wp-content\/uploads\/2018\/02\/Bartomeu-Sastre-We-are-the-new-slaves.jpg\"><meta itemprop=\"width\" content=\"390px\"><meta itemprop=\"height\" content=\"500px\"><\/div><\/div><div class=\"caption kad_caption\"><div class=\"kad_caption_inner\">\u00abWe are the new slaves\u00bb<\/div><\/div><\/a><\/div><\/div><div class=\"tcol-lg-12 tcol-md-12 tcol-sm-12 tcol-xs-12 tcol-ss-12 g_item\"><div class=\"grid_item kt_item_fade_in kad_gallery_fade_in gallery_item\"><a href=\"https:\/\/polititzacionsdelmalestar.org\/wp-content\/uploads\/2018\/02\/IMG_8652-1000.jpg\" data-rel=\"lightbox\" class=\"lightboxhover\"><div class=\"kt-intrinsic\" style=\"padding-bottom:100%;\"><div itemprop=\"image\" itemscope itemtype=\"https:\/\/schema.org\/ImageObject\"><img loading=\"lazy\" decoding=\"async\" width=\"560\" height=\"560\" src=\"https:\/\/polititzacionsdelmalestar.org\/wp-content\/uploads\/2018\/02\/IMG_8652-1000-560x560.jpg\" srcset=\"https:\/\/polititzacionsdelmalestar.org\/wp-content\/uploads\/2018\/02\/IMG_8652-1000-560x560.jpg 560w, https:\/\/polititzacionsdelmalestar.org\/wp-content\/uploads\/2018\/02\/IMG_8652-1000-150x150.jpg 150w\" sizes=\"auto, (max-width: 560px) 100vw, 560px\" data-caption=\"&quot;We are the new slaves&quot;\" class=\"light-dropshaddow\" itemprop=\"contentUrl\" alt=\"We are the new slaves\"><meta itemprop=\"url\" content=\"https:\/\/polititzacionsdelmalestar.org\/wp-content\/uploads\/2018\/02\/IMG_8652-1000-560x560.jpg\"><meta itemprop=\"width\" content=\"560px\"><meta itemprop=\"height\" content=\"560px\"><\/div><\/div><div class=\"caption kad_caption\"><div class=\"kad_caption_inner\">\u00abWe are the new slaves\u00bb<\/div><\/div><\/a><\/div><\/div><div class=\"tcol-lg-12 tcol-md-12 tcol-sm-12 tcol-xs-12 tcol-ss-12 g_item\"><div class=\"grid_item kt_item_fade_in kad_gallery_fade_in gallery_item\"><a href=\"https:\/\/polititzacionsdelmalestar.org\/wp-content\/uploads\/2018\/02\/We-are-the-new-slaves-Cuesta-Sastre-1000.jpg\" data-rel=\"lightbox\" class=\"lightboxhover\"><div class=\"kt-intrinsic\" style=\"padding-bottom:100%;\"><div itemprop=\"image\" itemscope itemtype=\"https:\/\/schema.org\/ImageObject\"><img loading=\"lazy\" decoding=\"async\" width=\"560\" height=\"560\" src=\"https:\/\/polititzacionsdelmalestar.org\/wp-content\/uploads\/2018\/02\/We-are-the-new-slaves-Cuesta-Sastre-1000-560x560.jpg\" srcset=\"https:\/\/polititzacionsdelmalestar.org\/wp-content\/uploads\/2018\/02\/We-are-the-new-slaves-Cuesta-Sastre-1000-560x560.jpg 560w, https:\/\/polititzacionsdelmalestar.org\/wp-content\/uploads\/2018\/02\/We-are-the-new-slaves-Cuesta-Sastre-1000-150x150.jpg 150w\" sizes=\"auto, (max-width: 560px) 100vw, 560px\" data-caption=\"&quot;We are the new slaves&quot;\" class=\"light-dropshaddow\" itemprop=\"contentUrl\" alt=\"We are the new slaves\"><meta itemprop=\"url\" content=\"https:\/\/polititzacionsdelmalestar.org\/wp-content\/uploads\/2018\/02\/We-are-the-new-slaves-Cuesta-Sastre-1000-560x560.jpg\"><meta itemprop=\"width\" content=\"560px\"><meta itemprop=\"height\" content=\"560px\"><\/div><\/div><div class=\"caption kad_caption\"><div class=\"kad_caption_inner\">\u00abWe are the new slaves\u00bb<\/div><\/div><\/a><\/div><\/div><\/div><\/div><\/div><\/div><\/div>","protected":false},"excerpt":{"rendered":"<h3><a href=\"http:\/\/polititzacionsdelmalestar.org\/2018\/02\/14\/we-are-the-new-slaves\/?lang=es\">We are the new slaves<\/a><\/h3>\n<p>1998<br \/>\n<a href=\"http:\/\/polititzacionsdelmalestar.org\/2018\/02\/13\/marcos-cuesta\/?lang=es\"><strong>Marcos Cuesta<\/strong><\/a><br \/>\n<br \/>\n<a href=\"http:\/\/polititzacionsdelmalestar.org\/2018\/02\/09\/bartomeu-sastre\/?lang=ess\"><strong>Bartomeu Sastre<\/strong><\/a><br \/>\n<a href=\"http:\/\/polititzacionsdelmalestar.org\/temes\/activismo\/?lang=es\">Activismo<\/a>, <a href=\"http:\/\/polititzacionsdelmalestar.org\/temes\/identitat\/?lang=es\">Identidad<\/a>, <a href=\"http:\/\/polititzacionsdelmalestar.org\/temes\/malestar\/?lang=es\">Malestar<\/a> y <a href=\"http:\/\/polititzacionsdelmalestar.org\/temes\/politica\/?lang=es\">Pol\u00edtica<\/a><\/p>\n","protected":false},"author":6,"featured_media":8174,"comment_status":"closed","ping_status":"closed","sticky":false,"template":"","format":"standard","meta":{"footnotes":""},"categories":[144,176,174,150,175,155,123],"tags":[],"class_list":["post-8566","post","type-post","status-publish","format-standard","has-post-thumbnail","hentry","category-activisme-es","category-bartomeu-sastre","category-identidad","category-malestar-es","category-marcos-cuesta","category-politica-es","category-proyectos"],"_links":{"self":[{"href":"https:\/\/polititzacionsdelmalestar.org\/es\/wp-json\/wp\/v2\/posts\/8566","targetHints":{"allow":["GET"]}}],"collection":[{"href":"https:\/\/polititzacionsdelmalestar.org\/es\/wp-json\/wp\/v2\/posts"}],"about":[{"href":"https:\/\/polititzacionsdelmalestar.org\/es\/wp-json\/wp\/v2\/types\/post"}],"author":[{"embeddable":true,"href":"https:\/\/polititzacionsdelmalestar.org\/es\/wp-json\/wp\/v2\/users\/6"}],"replies":[{"embeddable":true,"href":"https:\/\/polititzacionsdelmalestar.org\/es\/wp-json\/wp\/v2\/comments?post=8566"}],"version-history":[{"count":12,"href":"https:\/\/polititzacionsdelmalestar.org\/es\/wp-json\/wp\/v2\/posts\/8566\/revisions"}],"predecessor-version":[{"id":10368,"href":"https:\/\/polititzacionsdelmalestar.org\/es\/wp-json\/wp\/v2\/posts\/8566\/revisions\/10368"}],"wp:featuredmedia":[{"embeddable":true,"href":"https:\/\/polititzacionsdelmalestar.org\/es\/wp-json\/wp\/v2\/media\/8174"}],"wp:attachment":[{"href":"https:\/\/polititzacionsdelmalestar.org\/es\/wp-json\/wp\/v2\/media?parent=8566"}],"wp:term":[{"taxonomy":"category","embeddable":true,"href":"https:\/\/polititzacionsdelmalestar.org\/es\/wp-json\/wp\/v2\/categories?post=8566"},{"taxonomy":"post_tag","embeddable":true,"href":"https:\/\/polititzacionsdelmalestar.org\/es\/wp-json\/wp\/v2\/tags?post=8566"}],"curies":[{"name":"wp","href":"https:\/\/api.w.org\/{rel}","templated":true}]}}