


{"id":8547,"date":"2018-02-14T13:32:48","date_gmt":"2018-02-14T13:32:48","guid":{"rendered":"https:\/\/polititzacionsdelmalestar.org\/2018\/02\/14\/topografia-sensible\/"},"modified":"2018-03-18T12:10:40","modified_gmt":"2018-03-18T12:10:40","slug":"topografia-sensible","status":"publish","type":"post","link":"https:\/\/polititzacionsdelmalestar.org\/es\/topografia-sensible\/","title":{"rendered":"Topograf\u00eda sensible"},"content":{"rendered":"<div id=\"pl-8547\"  class=\"panel-layout\" ><div id=\"pg-8547-0\"  class=\"panel-grid panel-no-style\" ><div id=\"pgc-8547-0-0\"  class=\"panel-grid-cell\" ><div id=\"panel-8547-0-0-0\" class=\"so-panel widget widget_virtue_gallery_widget virtue_gallery_widget panel-first-child\" data-index=\"0\" ><h3 class=\"widget-title\">Topograf\u00eda sensible<\/h3><div id=\"kad-wp-gallery266\" class=\"kad-wp-gallery gallery kt-gallery-column-1 init-isotope-intrinsic reinit-isotope kad-light-wp-gallery clearfix rowtight\" data-fade-in=\"1\" data-iso-selector=\".g_item\" data-iso-style=\"masonry\" data-iso-filter=\"false\"><div class=\"tcol-lg-12 tcol-md-12 tcol-sm-12 tcol-xs-12 tcol-ss-12 g_item\"><div class=\"grid_item kt_item_fade_in kad_gallery_fade_in gallery_item\"><a href=\"https:\/\/polititzacionsdelmalestar.org\/wp-content\/uploads\/2018\/02\/Calaf-2009.jpg\" data-rel=\"lightbox\" class=\"lightboxhover\"><div class=\"kt-intrinsic\" style=\"padding-bottom:100%;\"><div itemprop=\"image\" itemscope itemtype=\"https:\/\/schema.org\/ImageObject\"><img loading=\"lazy\" decoding=\"async\" width=\"560\" height=\"560\" src=\"https:\/\/polititzacionsdelmalestar.org\/wp-content\/uploads\/2018\/02\/Calaf-2009-560x560.jpg\" srcset=\"https:\/\/polititzacionsdelmalestar.org\/wp-content\/uploads\/2018\/02\/Calaf-2009-560x560.jpg 560w, https:\/\/polititzacionsdelmalestar.org\/wp-content\/uploads\/2018\/02\/Calaf-2009-150x150.jpg 150w\" sizes=\"auto, (max-width: 560px) 100vw, 560px\" data-caption=\"Topograf\u00eda sensible - Calaf, 2009\" class=\"light-dropshaddow\" itemprop=\"contentUrl\" alt=\"Topograf\u00eda sensible\"><meta itemprop=\"url\" content=\"https:\/\/polititzacionsdelmalestar.org\/wp-content\/uploads\/2018\/02\/Calaf-2009-560x560.jpg\"><meta itemprop=\"width\" content=\"560px\"><meta itemprop=\"height\" content=\"560px\"><\/div><\/div><div class=\"caption kad_caption\"><div class=\"kad_caption_inner\">Topograf\u00eda sensible &#8211; Calaf, 2009<\/div><\/div><\/a><\/div><\/div><\/div><\/div><div id=\"panel-8547-0-0-1\" class=\"so-panel widget widget_sow-editor panel-last-child\" data-index=\"1\" ><div\n\t\t\t\n\t\t\tclass=\"so-widget-sow-editor so-widget-sow-editor-base\"\n\t\t\t\n\t\t>\n<div class=\"siteorigin-widget-tinymce textwidget\">\n\t<p>Desde el 2009<\/p>\n<p>Caminar para reconocer nuestro mas inmediato paisaje, el de los senderos en los parques, el de los espacios olvidados, el de los l\u00edmites de lo urbano. El que crece en la memoria de la tierra. Antiguos campos labrados que respiran a trav\u00e9s de las rendijas del cemento, donde encontramos historias vivas en el recuerdo de lo verde.<\/p>\n<p>Topograf\u00eda Sensible es el t\u00edtulo de un conjunto de proyectos, de distinta dimensi\u00f3n y duraci\u00f3n, que tienen como objetivo reconocer un lugar, desde la investigaci\u00f3n en la vida diaria que acoge, y dando valor al entorno natural a partir de la narrativa colectiva y la creatividad social. Mediante recorridos, recuperaci\u00f3n de historias locales, actividades colaborativas y pedag\u00f3gicas, Topograf\u00eda Sensible, propone herbarios y recetarios cr\u00edticos, para recuperar memoria local, y generar atenci\u00f3n hacia la justicia ambiental.<\/p>\n<p>Topograf\u00eda Sensible, se inicia en 2009 en Calaf, como proyecto invitado en la edici\u00f3n de ese a\u00f1o de Idensitat, que resultar\u00e1 en un libro publicado en 2011. Posteriormente, se han ido sumando experiencias en Tarragona, Valencia, Menorca, Mira-Sol, Sabadell, Barcelona, Jerez de la Frontera, etc.:<\/p>\n<p>Passeig pel Rodal de Calaf \/\/ Herbaris cr\u00edtics \/\/ Caminar Mira-sol \/\/ Sabadell perif\u00e8ric \/\/ Paseos por la periferia de Jerez.<\/p>\n<h4>\u00a0<\/h4>\n<h4>Recorrido del proyecto. D\u00f3nde se encuentra la obra?<\/h4>\n<p>De <em>Passeig pel Rodal de Calaf<\/em> existe un libro publicado en 2011. TP: Mira-Sol, gano una de las residencias <em>Fes Camp!<\/em> 2014. De Sabadell <em>Perif\u00e8ric<\/em>, se encuentra una colecci\u00f3n fotogr\u00e1fica en el MAS, Museu d'Art de Sabadell. Topograf\u00eda Sensible, se ha presentado en diversos debates y ha participado en exposiciones colectivas.<\/p>\n<\/div>\n<\/div><\/div><\/div><div id=\"pgc-8547-0-1\"  class=\"panel-grid-cell\" ><div id=\"panel-8547-0-1-0\" class=\"so-panel widget widget_sow-editor panel-first-child\" data-index=\"2\" ><div\n\t\t\t\n\t\t\tclass=\"so-widget-sow-editor so-widget-sow-editor-base\"\n\t\t\t\n\t\t>\n<div class=\"siteorigin-widget-tinymce textwidget\">\n\t<h5><a href=\"https:\/\/polititzacionsdelmalestar.org\/2018\/02\/08\/anna-recasens\/?lang=es\">Anna Recasens<\/a><\/h5>\n<h4>\u00a0<\/h4>\n<h4>Palabras clave<\/h4>\n<p><a href=\"https:\/\/polititzacionsdelmalestar.org\/temes\/memoria\/?lang=es\">Memoria<\/a>, <a href=\"https:\/\/polititzacionsdelmalestar.org\/temes\/natura\/?lang=es\">Naturaleza <\/a>y <a href=\"https:\/\/polititzacionsdelmalestar.org\/temes\/processos-collaboratius\/?lang=es\">Procesos colaborativos<\/a><\/p>\n<h4>\u00a0<\/h4>\n<h4 class=\"column\">Textos sobre el proyecto<\/h4>\n<p>- <a href=\"https:\/\/polititzacionsdelmalestar.org\/wp-content\/uploads\/2018\/02\/Cruzar-el-peri\u0301metro-1.pdf\" target=\"_blank\" rel=\"noopener\">Cruzar el peri\u0301metro<\/a> PDF (1,1 MB)<\/p>\n<p>- <a href=\"https:\/\/polititzacionsdelmalestar.org\/wp-content\/uploads\/2018\/02\/Espacios-experiencias-y-recorridos-interiores-1.pdf\" target=\"_blank\" rel=\"noopener\">Espacios, experiencias y recorridos interiores<\/a> PDF (2,5 MB)<\/p>\n<p>- <em><a href=\"https:\/\/polititzacionsdelmalestar.org\/wp-content\/uploads\/2018\/02\/Home-natura-ciutat-i-pra\u0300ctiques-arti\u0301stiques-1.pdf\" target=\"_blank\" rel=\"noopener\">Home, natura, ciutat, i pra\u0300ctiques arti\u0301stiques<\/a><\/em> (PDF 2,9 MB)<\/p>\n<h4>\u00a0<\/h4>\n<h4><strong>Documentos <em>media<\/em><\/strong><\/h4>\n<p><a href=\"http:\/\/issuu.com\/idensitat\/docs\/anna_recasens\/1\" target=\"_blank\" rel=\"noopener\">Convocatoria <em>Fes Camp!<\/em> 2014 <\/a><\/p>\n<h4>\u00a0<\/h4>\n<h4 class=\"titol-galeria\">Fotos del projecte<\/h4><\/div>\n<\/div><\/div><div id=\"panel-8547-0-1-1\" class=\"so-panel widget widget_virtue_gallery_widget virtue_gallery_widget panel-last-child\" data-index=\"3\" ><div id=\"kad-wp-gallery908\" class=\"kad-wp-gallery gallery kt-gallery-column-1 init-isotope-intrinsic reinit-isotope kad-light-wp-gallery clearfix rowtight\" data-fade-in=\"1\" data-iso-selector=\".g_item\" data-iso-style=\"masonry\" data-iso-filter=\"false\"><div class=\"tcol-lg-12 tcol-md-12 tcol-sm-12 tcol-xs-12 tcol-ss-12 g_item\"><div class=\"grid_item kt_item_fade_in kad_gallery_fade_in gallery_item\"><a href=\"https:\/\/polititzacionsdelmalestar.org\/wp-content\/uploads\/2018\/02\/Calaf-2010-1.jpg\" data-rel=\"lightbox\" class=\"lightboxhover\"><div class=\"kt-intrinsic\" style=\"padding-bottom:100%;\"><div itemprop=\"image\" itemscope itemtype=\"https:\/\/schema.org\/ImageObject\"><img loading=\"lazy\" decoding=\"async\" width=\"560\" height=\"560\" src=\"https:\/\/polititzacionsdelmalestar.org\/wp-content\/uploads\/2018\/02\/Calaf-2010-1-560x560.jpg\" srcset=\"https:\/\/polititzacionsdelmalestar.org\/wp-content\/uploads\/2018\/02\/Calaf-2010-1-560x560.jpg 560w, https:\/\/polititzacionsdelmalestar.org\/wp-content\/uploads\/2018\/02\/Calaf-2010-1-150x150.jpg 150w\" sizes=\"auto, (max-width: 560px) 100vw, 560px\" data-caption=\"Calaf, 2010\" class=\"light-dropshaddow\" itemprop=\"contentUrl\" alt=\"Calaf, 2010\"><meta itemprop=\"url\" content=\"https:\/\/polititzacionsdelmalestar.org\/wp-content\/uploads\/2018\/02\/Calaf-2010-1-560x560.jpg\"><meta itemprop=\"width\" content=\"560px\"><meta itemprop=\"height\" content=\"560px\"><\/div><\/div><div class=\"caption kad_caption\"><div class=\"kad_caption_inner\">Calaf, 2010<\/div><\/div><\/a><\/div><\/div><div class=\"tcol-lg-12 tcol-md-12 tcol-sm-12 tcol-xs-12 tcol-ss-12 g_item\"><div class=\"grid_item kt_item_fade_in kad_gallery_fade_in gallery_item\"><a href=\"https:\/\/polititzacionsdelmalestar.org\/wp-content\/uploads\/2018\/02\/Jerez-2017-1.jpg\" data-rel=\"lightbox\" class=\"lightboxhover\"><div class=\"kt-intrinsic\" style=\"padding-bottom:100%;\"><div itemprop=\"image\" itemscope itemtype=\"https:\/\/schema.org\/ImageObject\"><img loading=\"lazy\" decoding=\"async\" width=\"560\" height=\"560\" src=\"https:\/\/polititzacionsdelmalestar.org\/wp-content\/uploads\/2018\/02\/Jerez-2017-1-560x560.jpg\" srcset=\"https:\/\/polititzacionsdelmalestar.org\/wp-content\/uploads\/2018\/02\/Jerez-2017-1-560x560.jpg 560w, https:\/\/polititzacionsdelmalestar.org\/wp-content\/uploads\/2018\/02\/Jerez-2017-1-150x150.jpg 150w\" sizes=\"auto, (max-width: 560px) 100vw, 560px\" data-caption=\"Jerez, 2017\" class=\"light-dropshaddow\" itemprop=\"contentUrl\" alt=\"Jerez, 2017\"><meta itemprop=\"url\" content=\"https:\/\/polititzacionsdelmalestar.org\/wp-content\/uploads\/2018\/02\/Jerez-2017-1-560x560.jpg\"><meta itemprop=\"width\" content=\"560px\"><meta itemprop=\"height\" content=\"560px\"><\/div><\/div><div class=\"caption kad_caption\"><div class=\"kad_caption_inner\">Jerez, 2017<\/div><\/div><\/a><\/div><\/div><div class=\"tcol-lg-12 tcol-md-12 tcol-sm-12 tcol-xs-12 tcol-ss-12 g_item\"><div class=\"grid_item kt_item_fade_in kad_gallery_fade_in gallery_item\"><a href=\"https:\/\/polititzacionsdelmalestar.org\/wp-content\/uploads\/2018\/02\/MiraSol-2-2014-1.jpg\" data-rel=\"lightbox\" class=\"lightboxhover\"><div class=\"kt-intrinsic\" style=\"padding-bottom:100%;\"><div itemprop=\"image\" itemscope itemtype=\"https:\/\/schema.org\/ImageObject\"><img loading=\"lazy\" decoding=\"async\" width=\"560\" height=\"560\" src=\"https:\/\/polititzacionsdelmalestar.org\/wp-content\/uploads\/2018\/02\/MiraSol-2-2014-1-560x560.jpg\" srcset=\"https:\/\/polititzacionsdelmalestar.org\/wp-content\/uploads\/2018\/02\/MiraSol-2-2014-1-560x560.jpg 560w, https:\/\/polititzacionsdelmalestar.org\/wp-content\/uploads\/2018\/02\/MiraSol-2-2014-1-150x150.jpg 150w\" sizes=\"auto, (max-width: 560px) 100vw, 560px\" data-caption=\"Mirasol 2, 2014\" class=\"light-dropshaddow\" itemprop=\"contentUrl\" alt=\"Mirasol 2, 2014\"><meta itemprop=\"url\" content=\"https:\/\/polititzacionsdelmalestar.org\/wp-content\/uploads\/2018\/02\/MiraSol-2-2014-1-560x560.jpg\"><meta itemprop=\"width\" content=\"560px\"><meta itemprop=\"height\" content=\"560px\"><\/div><\/div><div class=\"caption kad_caption\"><div class=\"kad_caption_inner\">Mirasol 2, 2014<\/div><\/div><\/a><\/div><\/div><div class=\"tcol-lg-12 tcol-md-12 tcol-sm-12 tcol-xs-12 tcol-ss-12 g_item\"><div class=\"grid_item kt_item_fade_in kad_gallery_fade_in gallery_item\"><a href=\"https:\/\/polititzacionsdelmalestar.org\/wp-content\/uploads\/2018\/02\/MiraSol-2014-1.jpg\" data-rel=\"lightbox\" class=\"lightboxhover\"><div class=\"kt-intrinsic\" style=\"padding-bottom:100%;\"><div itemprop=\"image\" itemscope itemtype=\"https:\/\/schema.org\/ImageObject\"><img loading=\"lazy\" decoding=\"async\" width=\"560\" height=\"560\" src=\"https:\/\/polititzacionsdelmalestar.org\/wp-content\/uploads\/2018\/02\/MiraSol-2014-1-560x560.jpg\" srcset=\"https:\/\/polititzacionsdelmalestar.org\/wp-content\/uploads\/2018\/02\/MiraSol-2014-1-560x560.jpg 560w, https:\/\/polititzacionsdelmalestar.org\/wp-content\/uploads\/2018\/02\/MiraSol-2014-1-150x150.jpg 150w\" sizes=\"auto, (max-width: 560px) 100vw, 560px\" data-caption=\"Mirasol, 2014\" class=\"light-dropshaddow\" itemprop=\"contentUrl\" alt=\"Mirasol, 2014\"><meta itemprop=\"url\" content=\"https:\/\/polititzacionsdelmalestar.org\/wp-content\/uploads\/2018\/02\/MiraSol-2014-1-560x560.jpg\"><meta itemprop=\"width\" content=\"560px\"><meta itemprop=\"height\" content=\"560px\"><\/div><\/div><div class=\"caption kad_caption\"><div class=\"kad_caption_inner\">Mirasol, 2014<\/div><\/div><\/a><\/div><\/div><div class=\"tcol-lg-12 tcol-md-12 tcol-sm-12 tcol-xs-12 tcol-ss-12 g_item\"><div class=\"grid_item kt_item_fade_in kad_gallery_fade_in gallery_item\"><a href=\"https:\/\/polititzacionsdelmalestar.org\/wp-content\/uploads\/2018\/02\/Sabadell-2-2011-1.jpg\" data-rel=\"lightbox\" class=\"lightboxhover\"><div class=\"kt-intrinsic\" style=\"padding-bottom:100%;\"><div itemprop=\"image\" itemscope itemtype=\"https:\/\/schema.org\/ImageObject\"><img loading=\"lazy\" decoding=\"async\" width=\"560\" height=\"560\" src=\"https:\/\/polititzacionsdelmalestar.org\/wp-content\/uploads\/2018\/02\/Sabadell-2-2011-1-560x560.jpg\" srcset=\"https:\/\/polititzacionsdelmalestar.org\/wp-content\/uploads\/2018\/02\/Sabadell-2-2011-1-560x560.jpg 560w, https:\/\/polititzacionsdelmalestar.org\/wp-content\/uploads\/2018\/02\/Sabadell-2-2011-1-150x150.jpg 150w\" sizes=\"auto, (max-width: 560px) 100vw, 560px\" data-caption=\"Sabadell 2, 2011\" class=\"light-dropshaddow\" itemprop=\"contentUrl\" alt=\"Sabadell 2, 2011\"><meta itemprop=\"url\" content=\"https:\/\/polititzacionsdelmalestar.org\/wp-content\/uploads\/2018\/02\/Sabadell-2-2011-1-560x560.jpg\"><meta itemprop=\"width\" content=\"560px\"><meta itemprop=\"height\" content=\"560px\"><\/div><\/div><div class=\"caption kad_caption\"><div class=\"kad_caption_inner\">Sabadell 2, 2011<\/div><\/div><\/a><\/div><\/div><div class=\"tcol-lg-12 tcol-md-12 tcol-sm-12 tcol-xs-12 tcol-ss-12 g_item\"><div class=\"grid_item kt_item_fade_in kad_gallery_fade_in gallery_item\"><a href=\"https:\/\/polititzacionsdelmalestar.org\/wp-content\/uploads\/2018\/02\/Sabadell-2014-1.jpg\" data-rel=\"lightbox\" class=\"lightboxhover\"><div class=\"kt-intrinsic\" style=\"padding-bottom:100%;\"><div itemprop=\"image\" itemscope itemtype=\"https:\/\/schema.org\/ImageObject\"><img loading=\"lazy\" decoding=\"async\" width=\"560\" height=\"560\" src=\"https:\/\/polititzacionsdelmalestar.org\/wp-content\/uploads\/2018\/02\/Sabadell-2014-1-560x560.jpg\" srcset=\"https:\/\/polititzacionsdelmalestar.org\/wp-content\/uploads\/2018\/02\/Sabadell-2014-1-560x560.jpg 560w, https:\/\/polititzacionsdelmalestar.org\/wp-content\/uploads\/2018\/02\/Sabadell-2014-1-150x150.jpg 150w\" sizes=\"auto, (max-width: 560px) 100vw, 560px\" data-caption=\"Sabadell, 2014\" class=\"light-dropshaddow\" itemprop=\"contentUrl\" alt=\"Sabadell, 2014\"><meta itemprop=\"url\" content=\"https:\/\/polititzacionsdelmalestar.org\/wp-content\/uploads\/2018\/02\/Sabadell-2014-1-560x560.jpg\"><meta itemprop=\"width\" content=\"560px\"><meta itemprop=\"height\" content=\"560px\"><\/div><\/div><div class=\"caption kad_caption\"><div class=\"kad_caption_inner\">Sabadell, 2014<\/div><\/div><\/a><\/div><\/div><\/div><\/div><\/div><\/div><\/div>","protected":false},"excerpt":{"rendered":"<h3><a href=\"http:\/\/polititzacionsdelmalestar.org\/2018\/02\/14\/topografia-sensible\/?lang=es\">Topograf\u00eda sensible<\/a><\/h3>\n<p>2012<br \/>\n<strong><a href=\"http:\/\/polititzacionsdelmalestar.org\/2018\/02\/08\/anna-recasens\/?lang=es\">Anna Recasens<\/a><\/strong><br \/>\n<br \/>\n<a href=\"http:\/\/polititzacionsdelmalestar.org\/temes\/memoria\/?lang=es\">Memoria<\/a>, <a href=\"http:\/\/polititzacionsdelmalestar.org\/temes\/natura\/?lang=es\">Naturaleza <\/a>y <a href=\"http:\/\/polititzacionsdelmalestar.org\/temes\/processos-collaboratius\/?lang=es\">Procesos colaborativos<\/a\n<\/p>\n","protected":false},"author":6,"featured_media":7856,"comment_status":"closed","ping_status":"closed","sticky":false,"template":"","format":"standard","meta":{"footnotes":""},"categories":[184,135,172,158,123],"tags":[],"class_list":["post-8547","post","type-post","status-publish","format-standard","has-post-thumbnail","hentry","category-anna-recasens","category-memoria-es","category-naturaleza","category-processos-collaboratius-es","category-proyectos"],"_links":{"self":[{"href":"https:\/\/polititzacionsdelmalestar.org\/es\/wp-json\/wp\/v2\/posts\/8547","targetHints":{"allow":["GET"]}}],"collection":[{"href":"https:\/\/polititzacionsdelmalestar.org\/es\/wp-json\/wp\/v2\/posts"}],"about":[{"href":"https:\/\/polititzacionsdelmalestar.org\/es\/wp-json\/wp\/v2\/types\/post"}],"author":[{"embeddable":true,"href":"https:\/\/polititzacionsdelmalestar.org\/es\/wp-json\/wp\/v2\/users\/6"}],"replies":[{"embeddable":true,"href":"https:\/\/polititzacionsdelmalestar.org\/es\/wp-json\/wp\/v2\/comments?post=8547"}],"version-history":[{"count":12,"href":"https:\/\/polititzacionsdelmalestar.org\/es\/wp-json\/wp\/v2\/posts\/8547\/revisions"}],"predecessor-version":[{"id":9416,"href":"https:\/\/polititzacionsdelmalestar.org\/es\/wp-json\/wp\/v2\/posts\/8547\/revisions\/9416"}],"wp:featuredmedia":[{"embeddable":true,"href":"https:\/\/polititzacionsdelmalestar.org\/es\/wp-json\/wp\/v2\/media\/7856"}],"wp:attachment":[{"href":"https:\/\/polititzacionsdelmalestar.org\/es\/wp-json\/wp\/v2\/media?parent=8547"}],"wp:term":[{"taxonomy":"category","embeddable":true,"href":"https:\/\/polititzacionsdelmalestar.org\/es\/wp-json\/wp\/v2\/categories?post=8547"},{"taxonomy":"post_tag","embeddable":true,"href":"https:\/\/polititzacionsdelmalestar.org\/es\/wp-json\/wp\/v2\/tags?post=8547"}],"curies":[{"name":"wp","href":"https:\/\/api.w.org\/{rel}","templated":true}]}}