


{"id":8193,"date":"2018-02-13T17:01:49","date_gmt":"2018-02-13T17:01:49","guid":{"rendered":"https:\/\/polititzacionsdelmalestar.org\/2018\/02\/13\/marcos-cuesta\/"},"modified":"2020-03-02T12:40:15","modified_gmt":"2020-03-02T12:40:15","slug":"marcos-cuesta","status":"publish","type":"post","link":"https:\/\/polititzacionsdelmalestar.org\/es\/marcos-cuesta\/","title":{"rendered":"Cuesta, Marcos"},"content":{"rendered":"<div id=\"pl-8193\"  class=\"panel-layout\" ><div id=\"pg-8193-0\"  class=\"panel-grid panel-no-style\" ><div id=\"pgc-8193-0-0\"  class=\"panel-grid-cell\" ><div id=\"panel-8193-0-0-0\" class=\"so-panel widget widget_sow-editor panel-first-child panel-last-child\" data-index=\"0\" ><div\n\t\t\t\n\t\t\tclass=\"so-widget-sow-editor so-widget-sow-editor-base\"\n\t\t\t\n\t\t><h3 class=\"widget-title\">Marcos Cuesta<\/h3>\n<div class=\"siteorigin-widget-tinymce textwidget\">\n\t<\/div>\n<\/div><\/div><\/div><\/div><div id=\"pg-8193-1\"  class=\"panel-grid panel-no-style\" ><div id=\"pgc-8193-1-0\"  class=\"panel-grid-cell\" ><div id=\"panel-8193-1-0-0\" class=\"so-panel widget widget_sow-editor panel-first-child\" data-index=\"1\" ><div\n\t\t\t\n\t\t\tclass=\"so-widget-sow-editor so-widget-sow-editor-base\"\n\t\t\t\n\t\t>\n<div class=\"siteorigin-widget-tinymce textwidget\">\n\t<p><img loading=\"lazy\" decoding=\"async\" class=\"foto_completa\" src=\"https:\/\/polititzacionsdelmalestar.org\/wp-content\/uploads\/2018\/02\/Foto-Ismael-Guye-Portador-cartel-Miquel-Garcia.jpg\" alt=\"We are the new slaves\" width=\"1000\" height=\"667\" \/><\/p>\n<p><em>\"We are the new slaves\".<\/em><\/p>\n<p>&nbsp;<\/p>\n<h5><a href=\"https:\/\/polititzacionsdelmalestar.org\/2018\/02\/14\/we-are-the-new-slaves\/?lang=es\">\"We are the new slaves\"<\/a><\/h5>\n<p>2012<br \/>\n<a href=\"https:\/\/polititzacionsdelmalestar.org\/temes\/activismo\/?lang=es\">Activismo<\/a>, <a href=\"https:\/\/polititzacionsdelmalestar.org\/temes\/identitat\/?lang=es\">Identidad<\/a>, <a href=\"https:\/\/polititzacionsdelmalestar.org\/temes\/malestar\/?lang=es\">Malestar<\/a> y <a href=\"https:\/\/polititzacionsdelmalestar.org\/temes\/politica\/?lang=es\">Pol\u00edtica<\/a><br \/>\n<br \/>\nCon <strong><a href=\"https:\/\/polititzacionsdelmalestar.org\/2018\/02\/09\/bartomeu-sastre\/?lang=es\">Bartomeu Sastre<\/a><\/strong><\/p>\n<\/div>\n<\/div><\/div><div id=\"panel-8193-1-0-1\" class=\"so-panel widget widget_sow-editor panel-last-child\" data-index=\"2\" ><div\n\t\t\t\n\t\t\tclass=\"so-widget-sow-editor so-widget-sow-editor-base\"\n\t\t\t\n\t\t>\n<div class=\"siteorigin-widget-tinymce textwidget\">\n\t<p>Vive y trabaja en Barcelona. Es licenciado en Bellas Artes por la Universidad de Barcelona y graduado superior en Gr\u00e1fica Publicitaria por la EASD Serra i Abella. Ha trabajado con Bartomeu Sastre en diversos proyectos de arte contempor\u00e1neo. Desde el a\u00f1o 2000 compagina su profesi\u00f3n como dise\u00f1ador con tareas docentes en escuelas de arte en el \u00e1mbito de la comunicaci\u00f3n visual.<\/p>\n<\/div>\n<\/div><\/div><\/div><div id=\"pgc-8193-1-1\"  class=\"panel-grid-cell\" ><div id=\"panel-8193-1-1-0\" class=\"so-panel widget widget_sow-editor panel-first-child panel-last-child\" data-index=\"3\" ><div\n\t\t\t\n\t\t\tclass=\"so-widget-sow-editor so-widget-sow-editor-base\"\n\t\t\t\n\t\t>\n<div class=\"siteorigin-widget-tinymce textwidget\">\n\t<p><strong>Nota<\/strong><br \/>Esta es una selecci\u00f3n de las obras del autor que se enmarcan en los conceptos de Politizaciones del malestar.<\/p>\n<\/div>\n<\/div><\/div><\/div><\/div><\/div>","protected":false},"excerpt":{"rendered":"<h5><a href=\"http:\/\/polititzacionsdelmalestar.org\/2018\/02\/13\/marcos-cuesta\/?lang=es\" >Marcos Cuesta<\/a><\/h5>\n<li><a href=\"http:\/\/polititzacionsdelmalestar.org\/2018\/02\/14\/we-are-the-new-slaves\/?lang=es\" >We are the new slaves<\/a>, 2012<\/li>\n","protected":false},"author":6,"featured_media":7948,"comment_status":"closed","ping_status":"open","sticky":false,"template":"","format":"standard","meta":{"footnotes":""},"categories":[82],"tags":[],"class_list":["post-8193","post","type-post","status-publish","format-standard","has-post-thumbnail","hentry","category-autores"],"_links":{"self":[{"href":"https:\/\/polititzacionsdelmalestar.org\/es\/wp-json\/wp\/v2\/posts\/8193","targetHints":{"allow":["GET"]}}],"collection":[{"href":"https:\/\/polititzacionsdelmalestar.org\/es\/wp-json\/wp\/v2\/posts"}],"about":[{"href":"https:\/\/polititzacionsdelmalestar.org\/es\/wp-json\/wp\/v2\/types\/post"}],"author":[{"embeddable":true,"href":"https:\/\/polititzacionsdelmalestar.org\/es\/wp-json\/wp\/v2\/users\/6"}],"replies":[{"embeddable":true,"href":"https:\/\/polititzacionsdelmalestar.org\/es\/wp-json\/wp\/v2\/comments?post=8193"}],"version-history":[{"count":11,"href":"https:\/\/polititzacionsdelmalestar.org\/es\/wp-json\/wp\/v2\/posts\/8193\/revisions"}],"predecessor-version":[{"id":9980,"href":"https:\/\/polititzacionsdelmalestar.org\/es\/wp-json\/wp\/v2\/posts\/8193\/revisions\/9980"}],"wp:featuredmedia":[{"embeddable":true,"href":"https:\/\/polititzacionsdelmalestar.org\/es\/wp-json\/wp\/v2\/media\/7948"}],"wp:attachment":[{"href":"https:\/\/polititzacionsdelmalestar.org\/es\/wp-json\/wp\/v2\/media?parent=8193"}],"wp:term":[{"taxonomy":"category","embeddable":true,"href":"https:\/\/polititzacionsdelmalestar.org\/es\/wp-json\/wp\/v2\/categories?post=8193"},{"taxonomy":"post_tag","embeddable":true,"href":"https:\/\/polititzacionsdelmalestar.org\/es\/wp-json\/wp\/v2\/tags?post=8193"}],"curies":[{"name":"wp","href":"https:\/\/api.w.org\/{rel}","templated":true}]}}