


{"id":8117,"date":"2018-02-09T17:22:19","date_gmt":"2018-02-09T17:22:19","guid":{"rendered":"https:\/\/polititzacionsdelmalestar.org\/2018\/02\/09\/eulalia-valldosera-6\/"},"modified":"2018-03-21T12:22:30","modified_gmt":"2018-03-21T12:22:30","slug":"collectiu-video-nou","status":"publish","type":"post","link":"https:\/\/polititzacionsdelmalestar.org\/es\/collectiu-video-nou\/","title":{"rendered":"Video-Nou, Colectivo"},"content":{"rendered":"<div id=\"pl-8117\"  class=\"panel-layout\" ><div id=\"pg-8117-0\"  class=\"panel-grid panel-no-style\" ><div id=\"pgc-8117-0-0\"  class=\"panel-grid-cell\" ><div id=\"panel-8117-0-0-0\" class=\"so-panel widget widget_sow-editor panel-first-child panel-last-child\" data-index=\"0\" ><div\n\t\t\t\n\t\t\tclass=\"so-widget-sow-editor so-widget-sow-editor-base\"\n\t\t\t\n\t\t><h3 class=\"widget-title\">Colectivo Video-Nou \/ Servicio de Video Comunitario<\/h3>\n<div class=\"siteorigin-widget-tinymce textwidget\">\n\t<\/div>\n<\/div><\/div><\/div><\/div><div id=\"pg-8117-1\"  class=\"panel-grid panel-no-style\" ><div id=\"pgc-8117-1-0\"  class=\"panel-grid-cell\" ><div id=\"panel-8117-1-0-0\" class=\"so-panel widget widget_sow-editor panel-first-child\" data-index=\"1\" ><div\n\t\t\t\n\t\t\tclass=\"so-widget-sow-editor so-widget-sow-editor-base\"\n\t\t\t\n\t\t>\n<div class=\"siteorigin-widget-tinymce textwidget\">\n\t<p><img loading=\"lazy\" decoding=\"async\" class=\"foto_completa\" src=\"https:\/\/polititzacionsdelmalestar.org\/wp-content\/uploads\/2018\/02\/los-jovenes-de-barrio1-800.jpg\" alt=\"Els joves de barri.\" width=\"800\" height=\"646\" \/> <\/p>\n<p><em>Los jovenes de barrio.<\/em><\/p>\n<p>&nbsp;<\/p>\n<h5><a href=\"https:\/\/polititzacionsdelmalestar.org\/2018\/02\/15\/joves-de-barri\/?lang=es\">Los jovenes de barrio<\/a><\/h5>\n<p>1982<\/p>\n<p><a href=\"https:\/\/polititzacionsdelmalestar.org\/temes\/malestar\/?lang=es\">Malestar<\/a>, <a href=\"https:\/\/polititzacionsdelmalestar.org\/temes\/memoria\/?lang=es\">Memoria<\/a>, <a href=\"https:\/\/polititzacionsdelmalestar.org\/temes\/politica\/?lang=es\">Pol\u00edtica <\/a>y <a href=\"https:\/\/polititzacionsdelmalestar.org\/temes\/processos-collaboratius\/?lang=es\">Procesos colaborativos<\/a><\/p>\n<\/div>\n<\/div><\/div><div id=\"panel-8117-1-0-1\" class=\"so-panel widget widget_sow-editor panel-last-child\" data-index=\"2\" ><div\n\t\t\t\n\t\t\tclass=\"so-widget-sow-editor so-widget-sow-editor-base\"\n\t\t\t\n\t\t>\n<div class=\"siteorigin-widget-tinymce textwidget\">\n\t<p>Video-Nou fue un colectivo creado en 1977. Explor\u00f3 los diversos campos de aplicaci\u00f3n del v\u00eddeo: social, art\u00edstico, documental, educativo y profesional. La actividad de Video-Nou se fue centrando en la pr\u00e1ctica de la comunicaci\u00f3n horizontal, bidireccional y participativa, produciendo videos elaborados con la participaci\u00f3n directa de los propios interesados que se difund\u00edan inmediatamente en su contexto espec\u00edfico y que denominaban \u201cintervenci\u00f3n v\u00eddeo\u201d.<\/p>\n<p>A principios de 1979, Video-Nou se constituye en equipo gestor del Servei de V\u00eddeo Comunitari, concebido con voluntad de servicio p\u00fablico, en marzo de 1979 organiza las primeras Jornadas de V\u00eddeo Comunitario en el Colegio de Arquitectos de Catalu\u00f1a, e inicia sus actividades con el soporte del Instituto del Teatro en Julio de 1979, primeramente como sociedad civil no lucrativa y m\u00e1s tarde como cooperativa, una experiencia que dur\u00f3 hasta el a\u00f1o 1983. El objetivo central del Servei de V\u00eddeo Comunitari fue difundir y promover la utilizaci\u00f3n del v\u00eddeo como medio de comunicaci\u00f3n y de dinamizaci\u00f3n social, cultural, educativa e informativa de la vida comunitaria.<br \/>\n\u2028<\/p>\n<\/div>\n<\/div><\/div><\/div><div id=\"pgc-8117-1-1\"  class=\"panel-grid-cell\" ><div id=\"panel-8117-1-1-0\" class=\"so-panel widget widget_sow-editor panel-first-child panel-last-child\" data-index=\"3\" ><div\n\t\t\t\n\t\t\tclass=\"so-widget-sow-editor so-widget-sow-editor-base\"\n\t\t\t\n\t\t>\n<div class=\"siteorigin-widget-tinymce textwidget\">\n\t<p><strong>Nota<\/strong><br \/>Esta es una selecci\u00f3n de las obras de los autores que se enmarcan en los conceptos de Politizaciones del malestar.<\/p>\n<\/div>\n<\/div><\/div><\/div><\/div><\/div>","protected":false},"excerpt":{"rendered":"<h5><a href=\"http:\/\/polititzacionsdelmalestar.org\/2018\/02\/09\/eulalia-valldosera-6\/?lang=es\/\" >Colectivo Video-Nou<\/a><\/h5>\n<li><a href=\"http:\/\/polititzacionsdelmalestar.org\/2018\/02\/15\/joves-de-barri\/?lang=es\" >Los jovenes de barrio<\/a>, 1982<\/li>\n","protected":false},"author":6,"featured_media":0,"comment_status":"closed","ping_status":"open","sticky":false,"template":"","format":"standard","meta":{"footnotes":""},"categories":[82],"tags":[],"class_list":["post-8117","post","type-post","status-publish","format-standard","hentry","category-autores"],"_links":{"self":[{"href":"https:\/\/polititzacionsdelmalestar.org\/es\/wp-json\/wp\/v2\/posts\/8117","targetHints":{"allow":["GET"]}}],"collection":[{"href":"https:\/\/polititzacionsdelmalestar.org\/es\/wp-json\/wp\/v2\/posts"}],"about":[{"href":"https:\/\/polititzacionsdelmalestar.org\/es\/wp-json\/wp\/v2\/types\/post"}],"author":[{"embeddable":true,"href":"https:\/\/polititzacionsdelmalestar.org\/es\/wp-json\/wp\/v2\/users\/6"}],"replies":[{"embeddable":true,"href":"https:\/\/polititzacionsdelmalestar.org\/es\/wp-json\/wp\/v2\/comments?post=8117"}],"version-history":[{"count":12,"href":"https:\/\/polititzacionsdelmalestar.org\/es\/wp-json\/wp\/v2\/posts\/8117\/revisions"}],"predecessor-version":[{"id":9621,"href":"https:\/\/polititzacionsdelmalestar.org\/es\/wp-json\/wp\/v2\/posts\/8117\/revisions\/9621"}],"wp:attachment":[{"href":"https:\/\/polititzacionsdelmalestar.org\/es\/wp-json\/wp\/v2\/media?parent=8117"}],"wp:term":[{"taxonomy":"category","embeddable":true,"href":"https:\/\/polititzacionsdelmalestar.org\/es\/wp-json\/wp\/v2\/categories?post=8117"},{"taxonomy":"post_tag","embeddable":true,"href":"https:\/\/polititzacionsdelmalestar.org\/es\/wp-json\/wp\/v2\/tags?post=8117"}],"curies":[{"name":"wp","href":"https:\/\/api.w.org\/{rel}","templated":true}]}}