


{"id":8090,"date":"2018-02-09T16:31:00","date_gmt":"2018-02-09T16:31:00","guid":{"rendered":"https:\/\/polititzacionsdelmalestar.org\/2018\/02\/09\/eulalia-valldosera-3\/"},"modified":"2018-03-21T12:21:44","modified_gmt":"2018-03-21T12:21:44","slug":"francesc-torres","status":"publish","type":"post","link":"https:\/\/polititzacionsdelmalestar.org\/es\/francesc-torres\/","title":{"rendered":"Torres, Francesc"},"content":{"rendered":"<div id=\"pl-8090\"  class=\"panel-layout\" ><div id=\"pg-8090-0\"  class=\"panel-grid panel-no-style\" ><div id=\"pgc-8090-0-0\"  class=\"panel-grid-cell\" ><div id=\"panel-8090-0-0-0\" class=\"so-panel widget widget_sow-editor panel-first-child panel-last-child\" data-index=\"0\" ><div\n\t\t\t\n\t\t\tclass=\"so-widget-sow-editor so-widget-sow-editor-base\"\n\t\t\t\n\t\t><h3 class=\"widget-title\">Francesc Torres<\/h3>\n<div class=\"siteorigin-widget-tinymce textwidget\">\n\t<\/div>\n<\/div><\/div><\/div><\/div><div id=\"pg-8090-1\"  class=\"panel-grid panel-no-style\" ><div id=\"pgc-8090-1-0\"  class=\"panel-grid-cell\" ><div id=\"panel-8090-1-0-0\" class=\"so-panel widget widget_sow-editor panel-first-child\" data-index=\"1\" ><div\n\t\t\t\n\t\t\tclass=\"so-widget-sow-editor so-widget-sow-editor-base\"\n\t\t\t\n\t\t>\n<div class=\"siteorigin-widget-tinymce textwidget\">\n\t<p><img loading=\"lazy\" decoding=\"async\" class=\"foto_completa\" src=\"https:\/\/polititzacionsdelmalestar.org\/wp-content\/uploads\/2018\/02\/Alejandro.jpg\" alt=\"Alejandro\" width=\"667\" height=\"1000\" \/> <\/p>\n<p><em>Alejandro<\/em><\/p>\n<p>&nbsp;<\/p>\n<h5><a href=\"https:\/\/polititzacionsdelmalestar.org\/2018\/02\/14\/25\/?lang=es\">25%<\/a><\/h5>\n<p>2013<br \/>\n<a href=\"https:\/\/polititzacionsdelmalestar.org\/temes\/comunicacio\/?lang=es\">Comunicaci\u00f3n<\/a>, <a href=\"https:\/\/polititzacionsdelmalestar.org\/temes\/identitat\/?lang=es\">Identidad<\/a>, <a href=\"https:\/\/polititzacionsdelmalestar.org\/temes\/migracio\/?lang=es\">Migraci\u00f3n<\/a>, <a href=\"https:\/\/polititzacionsdelmalestar.org\/temes\/politica\/?lang=es\">Pol\u00edtica <\/a>y <a href=\"https:\/\/polititzacionsdelmalestar.org\/temes\/violencia\/?lang=es\">Violencia<\/a><\/p>\n<\/div>\n<\/div><\/div><div id=\"panel-8090-1-0-1\" class=\"so-panel widget widget_sow-editor panel-last-child\" data-index=\"2\" ><div\n\t\t\t\n\t\t\tclass=\"so-widget-sow-editor so-widget-sow-editor-base\"\n\t\t\t\n\t\t>\n<div class=\"siteorigin-widget-tinymce textwidget\">\n\t<p>Barcelona, 1948. Artista visual. Vive en Paris de 1967 a 1969. Se traslada a los Estados Unidos en 1972 (Chicago). En 1974 se establece en Nueva York donde tiene su residencia desde entonces. Entre 1986 y 1988 vive en Berl\u00edn dentro de un programa de intercambio acad\u00e9mico. Adquiere la nacionalidad estadounidense en 1989. Desde octubre de 2001 est\u00e1 en Barcelona para una estancia indefinida.<\/p>\n<p>Ha realizado, trabajos permanentes en espacio p\u00fablico. Se comisario de exposiciones y colabora con varias publicaciones y diarios. Ha sido presidente de la <em>Associaci\u00f3 d'Artistes Visuals de Catalunya.<\/em><\/p>\n<p>Su trabajo est\u00e1 en numerosas colecciones p\u00fablicas e institucionales en todo el mundo. Varias exposiciones suyas han sido financiadas por la <em>Rockefeller Foundation<\/em> y la <em>Bohen Foundation<\/em> de Nueva York. Ha recibido, entre otros, el <em>National Endowment for the Arts Individual Artist's Fellowship<\/em> en cuatro ocasiones, el <em>New York Council for the Arts Fellowship<\/em> en dos ocasiones, el <em>Massachusetts Council for the Arts and Humanities Fellowship, New York Foundation for the Arts<\/em> en dos ocasiones, la DAAD del Gobierno Federal Alem\u00e1n, el Premio Emil Radok de la Universidad de Praga, el Premio de la Fundaci\u00f3n Picasso, y la <em>Fulbright Fellowship<\/em> de intercambio acad\u00e9mico. Es Premio Nacional de Artes Pl\u00e1sticas y de Artes Visuales de la <em>Generalitat de Catalunya<\/em> y ha detentado la c\u00e1tedra del <em>Juan Carlos I Center for Spanish Culture and Civilization<\/em> en la New York University (NYU). Ha representado a Catalu\u00f1a en la Bienal de Venecia de 2013.<\/p>\n<\/div>\n<\/div><\/div><\/div><div id=\"pgc-8090-1-1\"  class=\"panel-grid-cell\" ><div id=\"panel-8090-1-1-0\" class=\"so-panel widget widget_sow-editor panel-first-child panel-last-child\" data-index=\"3\" ><div\n\t\t\t\n\t\t\tclass=\"so-widget-sow-editor so-widget-sow-editor-base\"\n\t\t\t\n\t\t>\n<div class=\"siteorigin-widget-tinymce textwidget\">\n\t<p><strong>Nota<\/strong><br \/>Esta es una selecci\u00f3n de las obras del autor que se enmarcan en los conceptos de Politizaciones del malestar.<\/p>\n<\/div>\n<\/div><\/div><\/div><\/div><\/div>","protected":false},"excerpt":{"rendered":"<h5><a href=\"http:\/\/polititzacionsdelmalestar.org\/2018\/02\/09\/francesc-torres\/?lang=es\" >Francesc Torres<\/a><\/h5>\n<li><a href=\"http:\/\/polititzacionsdelmalestar.org\/2018\/02\/14\/25\/?lang=es\" >25%<\/a>, 2013<\/li>\n","protected":false},"author":6,"featured_media":0,"comment_status":"closed","ping_status":"open","sticky":false,"template":"","format":"standard","meta":{"footnotes":""},"categories":[82],"tags":[],"class_list":["post-8090","post","type-post","status-publish","format-standard","hentry","category-autores"],"_links":{"self":[{"href":"https:\/\/polititzacionsdelmalestar.org\/es\/wp-json\/wp\/v2\/posts\/8090","targetHints":{"allow":["GET"]}}],"collection":[{"href":"https:\/\/polititzacionsdelmalestar.org\/es\/wp-json\/wp\/v2\/posts"}],"about":[{"href":"https:\/\/polititzacionsdelmalestar.org\/es\/wp-json\/wp\/v2\/types\/post"}],"author":[{"embeddable":true,"href":"https:\/\/polititzacionsdelmalestar.org\/es\/wp-json\/wp\/v2\/users\/6"}],"replies":[{"embeddable":true,"href":"https:\/\/polititzacionsdelmalestar.org\/es\/wp-json\/wp\/v2\/comments?post=8090"}],"version-history":[{"count":10,"href":"https:\/\/polititzacionsdelmalestar.org\/es\/wp-json\/wp\/v2\/posts\/8090\/revisions"}],"predecessor-version":[{"id":9619,"href":"https:\/\/polititzacionsdelmalestar.org\/es\/wp-json\/wp\/v2\/posts\/8090\/revisions\/9619"}],"wp:attachment":[{"href":"https:\/\/polititzacionsdelmalestar.org\/es\/wp-json\/wp\/v2\/media?parent=8090"}],"wp:term":[{"taxonomy":"category","embeddable":true,"href":"https:\/\/polititzacionsdelmalestar.org\/es\/wp-json\/wp\/v2\/categories?post=8090"},{"taxonomy":"post_tag","embeddable":true,"href":"https:\/\/polititzacionsdelmalestar.org\/es\/wp-json\/wp\/v2\/tags?post=8090"}],"curies":[{"name":"wp","href":"https:\/\/api.w.org\/{rel}","templated":true}]}}