


{"id":8081,"date":"2018-02-09T15:34:31","date_gmt":"2018-02-09T15:34:31","guid":{"rendered":"https:\/\/polititzacionsdelmalestar.org\/2018\/02\/09\/eulalia-valldosera-2\/"},"modified":"2018-03-21T12:29:17","modified_gmt":"2018-03-21T12:29:17","slug":"bartomeu-sastre","status":"publish","type":"post","link":"https:\/\/polititzacionsdelmalestar.org\/es\/bartomeu-sastre\/","title":{"rendered":"Sastre, Bartomeu"},"content":{"rendered":"<div id=\"pl-8081\"  class=\"panel-layout\" ><div id=\"pg-8081-0\"  class=\"panel-grid panel-no-style\" ><div id=\"pgc-8081-0-0\"  class=\"panel-grid-cell\" ><div id=\"panel-8081-0-0-0\" class=\"so-panel widget widget_sow-editor panel-first-child panel-last-child\" data-index=\"0\" ><div\n\t\t\t\n\t\t\tclass=\"so-widget-sow-editor so-widget-sow-editor-base\"\n\t\t\t\n\t\t><h3 class=\"widget-title\">Bartomeu Sastre<\/h3>\n<div class=\"siteorigin-widget-tinymce textwidget\">\n\t<\/div>\n<\/div><\/div><\/div><\/div><div id=\"pg-8081-1\"  class=\"panel-grid panel-no-style\" ><div id=\"pgc-8081-1-0\"  class=\"panel-grid-cell\" ><div id=\"panel-8081-1-0-0\" class=\"so-panel widget widget_sow-editor panel-first-child\" data-index=\"1\" ><div\n\t\t\t\n\t\t\tclass=\"so-widget-sow-editor so-widget-sow-editor-base\"\n\t\t\t\n\t\t>\n<div class=\"siteorigin-widget-tinymce textwidget\">\n\t<p><img loading=\"lazy\" decoding=\"async\" class=\"foto_completa\" src=\"https:\/\/polititzacionsdelmalestar.org\/wp-content\/uploads\/2018\/02\/Foto-Ismael-Guye-Portador-cartel-Miquel-Garcia.jpg\" alt=\"We are the new slaves\" width=\"1000\" height=\"667\" \/> <\/p>\n<p><em>\"We are the new slaves\".<\/em><\/p>\n<p>&nbsp;<\/p>\n<h5><a href=\"https:\/\/polititzacionsdelmalestar.org\/2018\/02\/14\/we-are-the-new-slaves\/?lang=es\">\"We are the new slaves\"<\/a><\/h5>\n<p>2012<br \/>\n<a href=\"https:\/\/polititzacionsdelmalestar.org\/temes\/activismo\/?lang=es\">Activismo<\/a>, <a href=\"https:\/\/polititzacionsdelmalestar.org\/temes\/identitat\/?lang=es\">Identidad<\/a>, <a href=\"https:\/\/polititzacionsdelmalestar.org\/temes\/malestar\/?lang=es\">Malestar<\/a> y <a href=\"https:\/\/polititzacionsdelmalestar.org\/temes\/politica\/?lang=es\">Pol\u00edtica<\/a><br \/>\n<br \/>\nCon <strong><a href=\"https:\/\/polititzacionsdelmalestar.org\/2018\/02\/13\/marcos-cuesta\/?lang=es\">Marcos Cuesta<\/a><\/strong><\/p>\n<\/div>\n<\/div><\/div><div id=\"panel-8081-1-0-1\" class=\"so-panel widget widget_sow-editor panel-last-child\" data-index=\"2\" ><div\n\t\t\t\n\t\t\tclass=\"so-widget-sow-editor so-widget-sow-editor-base\"\n\t\t\t\n\t\t>\n<div class=\"siteorigin-widget-tinymce textwidget\">\n\t<p>Palma de Mallorca, 1986. Vive y trabaja en Barcelona. Est\u00e1 licenciado en Bellas Artes por la Universitat de Barcelona. Algunas de sus exposici\u00f3nes individuales son La voluntad (<em>The will<\/em>), (Comisariado por Tolo Ca\u00f1ellas, Box 27, Casal Solleric, Palma de Mallorca, 2014) o Corredor (Ses Voltes, Palma de Mallorca, 2013).<\/p>\n<p>Ha realizado proyectos conjuntamente con Marcos Cuesta bajo el nombre Cuesta-Sastre, como <em>We are the new slaves<\/em> (dentro del ciclo <em>Financial Crimes<\/em>. Po\u00e9ticas en la era del colonialismo financiero comisariado por Ivan Mej\u00eda, Sala Montcunill, Terrassa, 2013). Tambi\u00e9n recibieron la Beca FIB Art. FIB (Festival Internacional de Benic\u00e0ssim, 2011) y realizaron una residencia en Nau Estruch. (Sabadell, Catalu\u00f1a, 2013) d\u00f3nde participaron en la exposici\u00f3n colect\u00edva \"Es bien en serio\" (Nau Estruch. Sabadell, Catalu\u00f1a).<\/p>\n<p>Ha ganado certamenes como Art Jove convocado por el Govern Balear (Palma de Mallorca, 2012) y ha recibido varias becas como la de la Fundaci\u00f3 Guasch Coranty (Barcelona, 2010). Ha participado en diversas exposiciones colectivas como \"Quemados por el sol\" (Galer\u00eda Mallorca Landings, Palma de Mallorca), Desaparici\u00f3. <em>Absence as a pretext<\/em> (comisariada por Tolo Ca\u00f1ellas, Galer\u00eda Fran Reus, Palma de Mallorca, 2014), 15 piezas en 3 actos (comisariada por Zaida Trallero, Eduardo Hurtado i Rosa Lle\u00f3, Sant Andreu Contemporani, Barcelona, 2011). Ha cursado diversos <em>workshops<\/em>, de los cuales destaca \"Gestos comisariales. De los cuerpos en la escena del arte\", impartido por Manuel Segade, Tres Serveis Culturals. Palma.<\/p>\n<p><a href=\"http:\/\/bartomeusastre.com\" target=\"_blank\" rel=\"noopener\">Web oficial Bartolomeu Sastre<\/a><\/p>\n<\/div>\n<\/div><\/div><\/div><div id=\"pgc-8081-1-1\"  class=\"panel-grid-cell\" ><div id=\"panel-8081-1-1-0\" class=\"so-panel widget widget_sow-editor panel-first-child panel-last-child\" data-index=\"3\" ><div\n\t\t\t\n\t\t\tclass=\"so-widget-sow-editor so-widget-sow-editor-base\"\n\t\t\t\n\t\t>\n<div class=\"siteorigin-widget-tinymce textwidget\">\n\t<p><strong>Nota<\/strong><br \/>Esta es una selecci\u00f3n de las obras del autor que se enmarcan en los conceptos de Politizaciones del malestar.<\/p>\n<h4>\u00a0<\/h4>\n<p><strong>Otros proyectos<\/strong><\/p>\n<p>- <a href=\"http:\/\/bartomeusastre.com\/Precarious-Visibility\" target=\"_blank\" rel=\"noopener\">http:\/\/bartomeusastre.com\/Precarious-Visibility<\/a><\/p>\n<p>- <a href=\"http:\/\/bartomeusastre.com\/I-VE-GOT-TO-HERE\" target=\"_blank\" rel=\"noopener\">http:\/\/bartomeusastre.com\/I-VE-GOT-TO-HERE<\/a><\/p>\n<p><a href=\"http:\/\/bartomeusastre.com\/CORREDOR\" target=\"_blank\" rel=\"noopener\">- http:\/\/bartomeusastre.com\/CORREDOR<\/a><\/p>\n<\/div>\n<\/div><\/div><\/div><\/div><\/div>","protected":false},"excerpt":{"rendered":"<h5><a href=\"http:\/\/polititzacionsdelmalestar.org\/2018\/02\/09\/bartomeu-sastre\/?lang=es\" >Bartomeu Sastre<\/a><\/h5>\n<li><a href=\"http:\/\/polititzacionsdelmalestar.org\/2018\/02\/14\/we-are-the-new-slaves\/?lang=es\" >We are the new slaves<\/a>, 2012<\/li>\n","protected":false},"author":6,"featured_media":0,"comment_status":"closed","ping_status":"open","sticky":false,"template":"","format":"standard","meta":{"footnotes":""},"categories":[82],"tags":[],"class_list":["post-8081","post","type-post","status-publish","format-standard","hentry","category-autores"],"_links":{"self":[{"href":"https:\/\/polititzacionsdelmalestar.org\/es\/wp-json\/wp\/v2\/posts\/8081","targetHints":{"allow":["GET"]}}],"collection":[{"href":"https:\/\/polititzacionsdelmalestar.org\/es\/wp-json\/wp\/v2\/posts"}],"about":[{"href":"https:\/\/polititzacionsdelmalestar.org\/es\/wp-json\/wp\/v2\/types\/post"}],"author":[{"embeddable":true,"href":"https:\/\/polititzacionsdelmalestar.org\/es\/wp-json\/wp\/v2\/users\/6"}],"replies":[{"embeddable":true,"href":"https:\/\/polititzacionsdelmalestar.org\/es\/wp-json\/wp\/v2\/comments?post=8081"}],"version-history":[{"count":11,"href":"https:\/\/polititzacionsdelmalestar.org\/es\/wp-json\/wp\/v2\/posts\/8081\/revisions"}],"predecessor-version":[{"id":9628,"href":"https:\/\/polititzacionsdelmalestar.org\/es\/wp-json\/wp\/v2\/posts\/8081\/revisions\/9628"}],"wp:attachment":[{"href":"https:\/\/polititzacionsdelmalestar.org\/es\/wp-json\/wp\/v2\/media?parent=8081"}],"wp:term":[{"taxonomy":"category","embeddable":true,"href":"https:\/\/polititzacionsdelmalestar.org\/es\/wp-json\/wp\/v2\/categories?post=8081"},{"taxonomy":"post_tag","embeddable":true,"href":"https:\/\/polititzacionsdelmalestar.org\/es\/wp-json\/wp\/v2\/tags?post=8081"}],"curies":[{"name":"wp","href":"https:\/\/api.w.org\/{rel}","templated":true}]}}