


{"id":7853,"date":"2018-02-08T16:18:52","date_gmt":"2018-02-08T16:18:52","guid":{"rendered":"https:\/\/polititzacionsdelmalestar.org\/?p=7853"},"modified":"2020-03-02T12:13:18","modified_gmt":"2020-03-02T12:13:18","slug":"anna-recasens","status":"publish","type":"post","link":"https:\/\/polititzacionsdelmalestar.org\/es\/anna-recasens\/","title":{"rendered":"Recasens, Anna"},"content":{"rendered":"<div id=\"pl-7853\"  class=\"panel-layout\" ><div id=\"pg-7853-0\"  class=\"panel-grid panel-no-style\" ><div id=\"pgc-7853-0-0\"  class=\"panel-grid-cell\" ><div id=\"panel-7853-0-0-0\" class=\"so-panel widget widget_sow-editor panel-first-child panel-last-child\" data-index=\"0\" ><div\n\t\t\t\n\t\t\tclass=\"so-widget-sow-editor so-widget-sow-editor-base\"\n\t\t\t\n\t\t><h3 class=\"widget-title\">Anna Recasens<\/h3>\n<div class=\"siteorigin-widget-tinymce textwidget\">\n\t<\/div>\n<\/div><\/div><\/div><\/div><div id=\"pg-7853-1\"  class=\"panel-grid panel-no-style\" ><div id=\"pgc-7853-1-0\"  class=\"panel-grid-cell\" ><div id=\"panel-7853-1-0-0\" class=\"so-panel widget widget_sow-editor panel-first-child\" data-index=\"1\" ><div\n\t\t\t\n\t\t\tclass=\"so-widget-sow-editor so-widget-sow-editor-base\"\n\t\t\t\n\t\t>\n<div class=\"siteorigin-widget-tinymce textwidget\">\n\t<p><img loading=\"lazy\" decoding=\"async\" =\"foto_completa\" src=\"https:\/\/polititzacionsdelmalestar.org\/wp-content\/uploads\/2018\/02\/Calaf-2009.jpg\" alt=\"Topografia sensible\" width=\"1000\" height=\"750\" \/> <em>Topografia sensible<\/em><\/p>\n<h4>\u00a0<\/h4>\n<h5><a href=\"https:\/\/polititzacionsdelmalestar.org\/2018\/02\/14\/topografia-sensible\/?lang=es\">Topograf\u00eda sensible<\/a><\/h5>\n<p>Desde el 2012<br \/>\nFaltan palabras clave<\/p>\n<\/div>\n<\/div><\/div><div id=\"panel-7853-1-0-1\" class=\"so-panel widget widget_sow-editor panel-last-child\" data-index=\"2\" ><div\n\t\t\t\n\t\t\tclass=\"so-widget-sow-editor so-widget-sow-editor-base\"\n\t\t\t\n\t\t>\n<div class=\"siteorigin-widget-tinymce textwidget\">\n\t<p>Licenciada en Bellas Artes por la Universidad de Barcelona, artista visual, gestora cultural y horticultora urbana. Combina propuestas art\u00edsticas personales y colectivas con tareas educativas, de gesti\u00f3n y de dinamizaci\u00f3n cultural.<\/p>\n<p>Participa en proyectos de investigaci\u00f3n y en propuestas de acci\u00f3n en torno al arte, la ciudad, la naturaleza y el espacio social. Imparte talleres relacionados con estos temas, publica art\u00edculos en distintos medios y participa en foros y mesas de debate.<\/p>\n<p>Ha creado y dirigido el <em>Laboratori Social Metropolit\u00e0<\/em>, con sede en la NauEstruch de Sabadell entre 2012 y 2017: un espacio de reflexi\u00f3n sobre la cultura contempor\u00e1nea, la justicia ambiental, y un espacio de encuentro para construir ciudad, intercambiar conocimientos y de trabajo entre pr\u00e1cticas sociales y propuestas creativas.<\/p>\n<p>Actualmente reside en Jerez de la Frontera, donde ha activado Topograf\u00eda Sensible, una linea de trabajo que desde 2009 promueve procesos art\u00edsticos participativos compartiendo conocimientos sobre el medio natural y activando mecanismos colectivos que promuevan una mirada critica hacia el entorno y la acci\u00f3n hacia lo com\u00fan.<\/p>\n<p><a href=\"https:\/\/annarecasens.wordpress.com\" target=\"_blank\" rel=\"noopener\">Web de Anna Recasens<\/a><\/p>\n<p><a href=\"http:\/\/laboratorisocialmetropolita.wordpress.com\/\">laboratorisocialmetropolita.wordpress.com<\/a><\/p>\n<p>\u00a0<\/p>\n<\/div>\n<\/div><\/div><\/div><div id=\"pgc-7853-1-1\"  class=\"panel-grid-cell\" ><div id=\"panel-7853-1-1-0\" class=\"so-panel widget widget_sow-editor panel-first-child panel-last-child\" data-index=\"3\" ><div\n\t\t\t\n\t\t\tclass=\"so-widget-sow-editor so-widget-sow-editor-base\"\n\t\t\t\n\t\t>\n<div class=\"siteorigin-widget-tinymce textwidget\">\n\t<p><strong>Nota<\/strong><br \/> Esta es una selecci\u00f3n de las obras de la autora que se enmarcan en los conceptos de Politizaciones del malestar.<\/p>\n<h4>\u00a0<\/h4>\n<p><strong>Otros proyectos<\/strong><\/p>\n<p><a href=\"https:\/\/vimeo.com\/user23762776\" target=\"_blank\" rel=\"noopener\">Torresoto-visual de Inma Parra (Con la colaboraci\u00f3n de Anna Recasens)<\/a><\/p>\n<\/div>\n<\/div><\/div><\/div><\/div><\/div>","protected":false},"excerpt":{"rendered":"<h5><a href=\"https:\/\/polititzacionsdelmalestar.org\/2018\/02\/08\/anna-recasens\/?lang=es\" >Anna Recasens<\/a><\/h5>\n<li><a href=\"http:\/\/polititzacionsdelmalestar.org\/2018\/02\/14\/topografia-sensible\/?lang=es\" >Topograf\u00eda sensible<\/a>, 2012<\/li>\n","protected":false},"author":6,"featured_media":0,"comment_status":"closed","ping_status":"open","sticky":false,"template":"","format":"standard","meta":{"footnotes":""},"categories":[82],"tags":[],"class_list":["post-7853","post","type-post","status-publish","format-standard","hentry","category-autores"],"_links":{"self":[{"href":"https:\/\/polititzacionsdelmalestar.org\/es\/wp-json\/wp\/v2\/posts\/7853","targetHints":{"allow":["GET"]}}],"collection":[{"href":"https:\/\/polititzacionsdelmalestar.org\/es\/wp-json\/wp\/v2\/posts"}],"about":[{"href":"https:\/\/polititzacionsdelmalestar.org\/es\/wp-json\/wp\/v2\/types\/post"}],"author":[{"embeddable":true,"href":"https:\/\/polititzacionsdelmalestar.org\/es\/wp-json\/wp\/v2\/users\/6"}],"replies":[{"embeddable":true,"href":"https:\/\/polititzacionsdelmalestar.org\/es\/wp-json\/wp\/v2\/comments?post=7853"}],"version-history":[{"count":11,"href":"https:\/\/polititzacionsdelmalestar.org\/es\/wp-json\/wp\/v2\/posts\/7853\/revisions"}],"predecessor-version":[{"id":9967,"href":"https:\/\/polititzacionsdelmalestar.org\/es\/wp-json\/wp\/v2\/posts\/7853\/revisions\/9967"}],"wp:attachment":[{"href":"https:\/\/polititzacionsdelmalestar.org\/es\/wp-json\/wp\/v2\/media?parent=7853"}],"wp:term":[{"taxonomy":"category","embeddable":true,"href":"https:\/\/polititzacionsdelmalestar.org\/es\/wp-json\/wp\/v2\/categories?post=7853"},{"taxonomy":"post_tag","embeddable":true,"href":"https:\/\/polititzacionsdelmalestar.org\/es\/wp-json\/wp\/v2\/tags?post=7853"}],"curies":[{"name":"wp","href":"https:\/\/api.w.org\/{rel}","templated":true}]}}