


{"id":5165,"date":"2018-01-09T08:27:24","date_gmt":"2018-01-09T08:27:24","guid":{"rendered":"https:\/\/polititzacionsdelmalestar.org\/2018\/01\/09\/eulalia-valldosera\/"},"modified":"2018-02-08T15:35:58","modified_gmt":"2018-02-08T15:35:58","slug":"eulalia-valldosera","status":"publish","type":"post","link":"https:\/\/polititzacionsdelmalestar.org\/es\/eulalia-valldosera\/","title":{"rendered":"Valldosera, Eul\u00e0lia"},"content":{"rendered":"<div id=\"pl-5165\"  class=\"panel-layout\" ><div id=\"pg-5165-0\"  class=\"panel-grid panel-no-style\" ><div id=\"pgc-5165-0-0\"  class=\"panel-grid-cell\" ><div id=\"panel-5165-0-0-0\" class=\"so-panel widget widget_sow-editor panel-first-child panel-last-child\" data-index=\"0\" ><div\n\t\t\t\n\t\t\tclass=\"so-widget-sow-editor so-widget-sow-editor-base\"\n\t\t\t\n\t\t><h3 class=\"widget-title\">Eul\u00e0lia Valldosera<\/h3>\n<div class=\"siteorigin-widget-tinymce textwidget\">\n\t<\/div>\n<\/div><\/div><\/div><\/div><div id=\"pg-5165-1\"  class=\"panel-grid panel-no-style\" ><div id=\"pgc-5165-1-0\"  class=\"panel-grid-cell\" ><div id=\"panel-5165-1-0-0\" class=\"so-panel widget widget_sow-editor panel-first-child\" data-index=\"1\" ><div\n\t\t\t\n\t\t\tclass=\"so-widget-sow-editor so-widget-sow-editor-base\"\n\t\t\t\n\t\t>\n<div class=\"siteorigin-widget-tinymce textwidget\">\n\t<p><img loading=\"lazy\" decoding=\"async\" class=\"foto_completa\" src=\"https:\/\/polititzacionsdelmalestar.org\/wp-content\/uploads\/2017\/11\/01-G.jpg\" alt=\"Constelaciones #2 Gemma (2003), stills del video \u00a9VEGAP\" width=\"1000\" height=\"667\" \/><\/p>\n<p><em>Constelaciones #2 Gemma (2003), <\/em>stills<em> del video \u00a9VEGAP.<\/em><\/p>\n<p>\u00a0<\/p>\n<h5><a href=\"https:\/\/polititzacionsdelmalestar.org\/2017\/11\/30\/constelaciones_valentina_gemma\/?lang=es\">Constelaciones (#1 Valentina, #2 Gemma)<\/a><\/h5>\n<p>2003<br \/> <a href=\"https:\/\/polititzacionsdelmalestar.org\/temas\/malestar\/?lang=es\">Malestar<\/a>, <a href=\"https:\/\/polititzacionsdelmalestar.org\/temas\/memoria\/?lang=es\">Memoria<\/a> y <a href=\"https:\/\/polititzacionsdelmalestar.org\/temas\/processos-collaboratius\/?lang=es\">Procesos colaborativos<\/a><\/p>\n<\/div>\n<\/div><\/div><div id=\"panel-5165-1-0-1\" class=\"so-panel widget widget_sow-editor panel-last-child\" data-index=\"2\" ><div\n\t\t\t\n\t\t\tclass=\"so-widget-sow-editor so-widget-sow-editor-base\"\n\t\t\t\n\t\t>\n<div class=\"siteorigin-widget-tinymce textwidget\">\n\t<p>Nacida el 1963 en Vilafranca del Pened\u00e8s, vivi\u00f3 en Holanda y Alemania mientras representaba a nuestro pa\u00eds en numerosas bienales internacionales durante la d\u00e9cada de los '90, siendo todav\u00eda una desconocida aqu\u00ed. El impacto de su retrospectiva que le dedic\u00f3 la Fundaci\u00f3n Antoni T\u00e0pies (Barcelona) y Witte de With (Rotterdam) en 2001 le procur\u00f3 el premio Nacional que otorga la Generalitat en Catalu\u00f1a. M\u00e1s recientemente su individual en el Museo Reina Sof\u00eda (2009) la situ\u00f3 como pionera y figura generatriz de una manera de hacer que recorre transversalmente todos los medios.<\/p>\n<p>Sus \u00faltimas investigaciones son un punto de inflexi\u00f3n en su carrera, proponiendo el ensamblaje entre su habilidad como sanadora y\/o canalizadora y su trabajo art\u00edstico. Por un lado los talleres en los cuales inicia a sus participantes en el manejo del cuerpo energ\u00e9tico en combinaci\u00f3n con sus habituales herramientas como artista mediante la luz, el lenguaje del cuerpo y la instalaci\u00f3n objetual al espacio. Por otro, sus obras-ensayo como \"Econom\u00eda del azar divino\" (2013) en la Fundaci\u00f3n Mir\u00f3, o \"Agua informada\" en Halfhouse (Barcelona), son el precedente de su nueva apuesta: Econom\u00eda de la visi\u00f3n, una serie de lecturas con las cuales sana espacios en v\u00edas de cambio.<\/p>\n<p><a href=\"https:\/\/eulaliavalldosera.com\" target=\"_blank\" rel=\"noopener\">Web oficial Eul\u00e0lia Valldosera<\/a>.<\/p>\n<p><a href=\"http:\/\/www.rtve.es\/alacarta\/videos\/creadores\/aventura-del-saber-serie-documental-creadores-eulalia-valldosera\/2751510\/\" target=\"_blank\" rel=\"noopener\">http:\/\/www.rtve.es\/alacarta\/videos\/creadores\/aventura-del-saber-serie-documental-creadores-eulalia-valldosera\/2751510\/<\/a><\/p>\n<\/div>\n<\/div><\/div><\/div><div id=\"pgc-5165-1-1\"  class=\"panel-grid-cell\" ><div id=\"panel-5165-1-1-0\" class=\"so-panel widget widget_sow-editor panel-first-child panel-last-child\" data-index=\"3\" ><div\n\t\t\t\n\t\t\tclass=\"so-widget-sow-editor so-widget-sow-editor-base\"\n\t\t\t\n\t\t>\n<div class=\"siteorigin-widget-tinymce textwidget\">\n\t<p><strong>Nota<\/strong><br \/>\nEsta es una selecci\u00f3n de las obras de la autora que se enmarcan en los conceptos de Politizaciones del malestar.<\/p>\n<h4>\u00a0<\/h4>\n<p><strong>Otros proyectos\u00a0<\/strong><\/p>\n<p>- <a href=\"http:\/\/eulaliavalldosera.com\/penelope\/project\/\" target=\"_blank\" rel=\"noopener\">Pen\u00e9lope tiene voz<\/a><\/p>\n<p>- Pl\u00e1stico mantra. Canto sanador de las aguas marinas y isla de Capri, 2016.<\/p>\n<a id=\"69f0c785aa2a6\" rel=\"wp-video-lightbox\" href=\"https:\/\/vimeo.com\/214711191?width=800&#038;height=600\" title=\"\"><img decoding=\"async\" src=\"https:\/\/polititzacionsdelmalestar.org\/wp-content\/uploads\/2018\/01\/Video_mantra_valldosera.jpg\" class=\"video_lightbox_anchor_image\" alt=\"PLASTIC MANTRA Canto sanador de las aguas marinas y isla de Capri 2016\" \/><\/a>    <script>\r\n    \/* <![CDATA[ *\/\r\n    jQuery(document).ready(function($){\r\n        $(function(){\r\n            var width = $(window).innerWidth();\r\n            var setwidth = parseFloat(800);\r\n            var ratio = parseFloat(0.75);\r\n            var height = parseFloat(600);\r\n            var link = 'https:\/\/vimeo.com\/214711191?width=800&amp;height=600';\r\n            if(width < setwidth)\r\n            {\r\n                height = Math.floor(width * 0.75);\r\n                \/\/console.log(\"device width \"+width+\", set width \"+800+\", ratio \"+0.75+\", new height \"+ height);\r\n                var new_url = wpvl_paramReplace('width', link, width);\r\n                var new_url = wpvl_paramReplace('height', new_url, height);\r\n                $(\"a#69f0c785aa2a6\").attr('href', new_url);\r\n                \/\/console.log(new_url);\r\n            }\r\n        });\r\n    });\r\n    \/* ]]> *\/\r\n    <\/script>\n<\/div>\n<\/div><\/div><\/div><\/div><\/div>","protected":false},"excerpt":{"rendered":"<h5><a href=\"http:\/\/polititzacionsdelmalestar.org\/2018\/01\/09\/eulalia-valldosera\/?lang=es\" >Eul\u00e0lia Valldosera<\/a><\/h5>\n<li><a href=\"http:\/\/polititzacionsdelmalestar.org\/2017\/11\/30\/constelaciones_valentina_gemma\/?lang=es\" >CONSTELACIONES (#1 Valentina, #2 Gemma)<\/a>, 2003<\/li>\n","protected":false},"author":6,"featured_media":0,"comment_status":"closed","ping_status":"closed","sticky":false,"template":"","format":"standard","meta":{"footnotes":""},"categories":[82],"tags":[],"class_list":["post-5165","post","type-post","status-publish","format-standard","hentry","category-autores"],"_links":{"self":[{"href":"https:\/\/polititzacionsdelmalestar.org\/es\/wp-json\/wp\/v2\/posts\/5165","targetHints":{"allow":["GET"]}}],"collection":[{"href":"https:\/\/polititzacionsdelmalestar.org\/es\/wp-json\/wp\/v2\/posts"}],"about":[{"href":"https:\/\/polititzacionsdelmalestar.org\/es\/wp-json\/wp\/v2\/types\/post"}],"author":[{"embeddable":true,"href":"https:\/\/polititzacionsdelmalestar.org\/es\/wp-json\/wp\/v2\/users\/6"}],"replies":[{"embeddable":true,"href":"https:\/\/polititzacionsdelmalestar.org\/es\/wp-json\/wp\/v2\/comments?post=5165"}],"version-history":[{"count":11,"href":"https:\/\/polititzacionsdelmalestar.org\/es\/wp-json\/wp\/v2\/posts\/5165\/revisions"}],"predecessor-version":[{"id":7815,"href":"https:\/\/polititzacionsdelmalestar.org\/es\/wp-json\/wp\/v2\/posts\/5165\/revisions\/7815"}],"wp:attachment":[{"href":"https:\/\/polititzacionsdelmalestar.org\/es\/wp-json\/wp\/v2\/media?parent=5165"}],"wp:term":[{"taxonomy":"category","embeddable":true,"href":"https:\/\/polititzacionsdelmalestar.org\/es\/wp-json\/wp\/v2\/categories?post=5165"},{"taxonomy":"post_tag","embeddable":true,"href":"https:\/\/polititzacionsdelmalestar.org\/es\/wp-json\/wp\/v2\/tags?post=5165"}],"curies":[{"name":"wp","href":"https:\/\/api.w.org\/{rel}","templated":true}]}}