


{"id":5107,"date":"2018-01-23T18:45:41","date_gmt":"2018-01-23T18:45:41","guid":{"rendered":"https:\/\/polititzacionsdelmalestar.org\/2018\/01\/23\/javier-penafiel\/"},"modified":"2018-02-08T15:29:43","modified_gmt":"2018-02-08T15:29:43","slug":"javier-penafiel","status":"publish","type":"post","link":"https:\/\/polititzacionsdelmalestar.org\/es\/javier-penafiel\/","title":{"rendered":"Pe\u00f1afiel, Javier"},"content":{"rendered":"<div id=\"pl-5107\"  class=\"panel-layout\" ><div id=\"pg-5107-0\"  class=\"panel-grid panel-no-style\" ><div id=\"pgc-5107-0-0\"  class=\"panel-grid-cell\" ><div id=\"panel-5107-0-0-0\" class=\"so-panel widget widget_sow-editor panel-first-child panel-last-child\" data-index=\"0\" ><div\n\t\t\t\n\t\t\tclass=\"so-widget-sow-editor so-widget-sow-editor-base\"\n\t\t\t\n\t\t><h3 class=\"widget-title\">Javier Pe\u00f1afiel<\/h3>\n<div class=\"siteorigin-widget-tinymce textwidget\">\n\t<\/div>\n<\/div><\/div><\/div><\/div><div id=\"pg-5107-1\"  class=\"panel-grid panel-no-style\" ><div id=\"pgc-5107-1-0\"  class=\"panel-grid-cell\" ><div id=\"panel-5107-1-0-0\" class=\"so-panel widget widget_sow-editor panel-first-child\" data-index=\"1\" ><div\n\t\t\t\n\t\t\tclass=\"so-widget-sow-editor so-widget-sow-editor-base\"\n\t\t\t\n\t\t>\n<div class=\"siteorigin-widget-tinymce textwidget\">\n\t<p><img loading=\"lazy\" decoding=\"async\" class=\"foto_completa\" src=\"https:\/\/polititzacionsdelmalestar.org\/wp-content\/uploads\/2018\/01\/01-pen%CC%83afiel_-1.jpg\" alt=\"Fotograf\u00edas de Perfeccionando muerte: Adolf Alca\u00f1iz. Confedrama realizada en el Museo de las carrozas f\u00fanebres de Barcelona.\" width=\"1000\" height=\"667\" \/><\/p>\n<p><em>Confedrama realizada en el Museo de las carrozas f\u00fanebres de Barcelona. Fotograf\u00edas: Adolf Alca\u00f1iz.<\/em><\/p>\n<p>\u00a0<\/p>\n<h5><a href=\"https:\/\/polititzacionsdelmalestar.org\/perfeccionando-muerte\/?lang=es\">Perfeccionando muerte<\/a><\/h5>\n<p>2016<br \/><a href=\"https:\/\/polititzacionsdelmalestar.org\/temes\/comunicacio\/?lang=es\">Comunicaci\u00f3n<\/a>, <a href=\"https:\/\/polititzacionsdelmalestar.org\/temes\/cos\/?lang=es\">Cuerpo<\/a>, <a href=\"https:\/\/polititzacionsdelmalestar.org\/temes\/malestar\/?lang=es\">Malestar<\/a>, <a href=\"https:\/\/polititzacionsdelmalestar.org\/temes\/memoria\/?lang=es\">Memoria<\/a>, <a href=\"https:\/\/polititzacionsdelmalestar.org\/temes\/performance\/?lang=es\">Performance <\/a>y <a href=\"https:\/\/polititzacionsdelmalestar.org\/temes\/privacitat\/?lang=es\">Privacidad<\/a><\/p>\n<\/div>\n<\/div><\/div><div id=\"panel-5107-1-0-1\" class=\"so-panel widget widget_sow-editor panel-last-child\" data-index=\"2\" ><div\n\t\t\t\n\t\t\tclass=\"so-widget-sow-editor so-widget-sow-editor-base\"\n\t\t\t\n\t\t>\n<div class=\"siteorigin-widget-tinymce textwidget\">\n\t<p>Zaragoza, 1964. Vive y trabaja en Barcelona.<\/p>\n<p>Desarrolla un trabajo interdisciplinario y multimedia, sus temas: la ilusi\u00f3n biogr\u00e1fica, los narcisismos del capitalismo cognitivo y la polifon\u00eda del com\u00fan, los desarrolla en proyectos de larga duraci\u00f3n como <em>egolactante<\/em> 1997-2007, (puesta en escena, web interactiva para diferentes invitados 2004-7, murales de vinilos o incluso una tira de dibujos para suplemento cultural de un peri\u00f3dico) o <em>agencia de intervenci\u00f3n en la sentimentalidad<\/em>, 1997-2001 (archivo de voces a partir de contestadores autom\u00e1ticos, o en apoyo parateatral con 9 invitados) o el m\u00e1s reciente <em>distancia<\/em>, <em>miento<\/em>, 2009-2013 (libros, lecturas performativas e instalaciones).<\/p>\n<p>Desde 1997 ha producido y vivido en Nueva York, Berl\u00edn, Lisboa, Sao Paulo o Valpara\u00edso. Proyectos como <em>Mera coincidencia<\/em>, CGAC 2007, <em>Os acasos convenientes<\/em>, Play Gallery Berl\u00edn, o <em>Agenda de caducidad de los tiempos dr\u00e1sticos<\/em>, 28 Bienal de Sao Paulo 2008 son producto de estas largas estancias. Tambi\u00e9n trabaja en procesos curatoriales compartidos como <em>Voz entre l\u00edneas<\/em>, La panera 2010.<\/p>\n<p><a href=\"http:\/\/www.javierpenafiel.com\/#\/F\/es\" target=\"_blank\" rel=\"noopener\">Web oficial Javier Pe\u00f1afiel<\/a><\/p>\n<p><a href=\"http:\/\/blog.javierpenafiel.com\" target=\"_blank\" rel=\"noopener\">Bloc de Javier Pe\u00f1afiel<\/a><\/p>\n<\/div>\n<\/div><\/div><\/div><div id=\"pgc-5107-1-1\"  class=\"panel-grid-cell\" ><div id=\"panel-5107-1-1-0\" class=\"so-panel widget widget_sow-editor panel-first-child panel-last-child\" data-index=\"3\" ><div\n\t\t\t\n\t\t\tclass=\"so-widget-sow-editor so-widget-sow-editor-base\"\n\t\t\t\n\t\t>\n<div class=\"siteorigin-widget-tinymce textwidget\">\n\t<p><strong>Nota<\/strong><br \/>\nEsta es una selecci\u00f3n de las obras del autor que se enmarcan en los conceptos de Politizaciones del malestar.<\/p>\n<h4>\u00a0<\/h4>\n<p><strong>Otros proyectos<\/strong><\/p>\n<p>Diagnosis balbuceo<\/p>\n<a id=\"69f0c9e8ba3b2\" rel=\"wp-video-lightbox\" href=\"https:\/\/vimeo.com\/169058773?width=800&#038;height=600\" title=\"\"><img decoding=\"async\" src=\"https:\/\/polititzacionsdelmalestar.org\/wp-content\/uploads\/2018\/01\/diagnosis-balbuceo.jpg\" class=\"video_lightbox_anchor_image\" alt=\"Diagnosis balbuceo\" \/><\/a>    <script>\r\n    \/* <![CDATA[ *\/\r\n    jQuery(document).ready(function($){\r\n        $(function(){\r\n            var width = $(window).innerWidth();\r\n            var setwidth = parseFloat(800);\r\n            var ratio = parseFloat(0.75);\r\n            var height = parseFloat(600);\r\n            var link = 'https:\/\/vimeo.com\/169058773?width=800&amp;height=600';\r\n            if(width < setwidth)\r\n            {\r\n                height = Math.floor(width * 0.75);\r\n                \/\/console.log(\"device width \"+width+\", set width \"+800+\", ratio \"+0.75+\", new height \"+ height);\r\n                var new_url = wpvl_paramReplace('width', link, width);\r\n                var new_url = wpvl_paramReplace('height', new_url, height);\r\n                $(\"a#69f0c9e8ba3b2\").attr('href', new_url);\r\n                \/\/console.log(new_url);\r\n            }\r\n        });\r\n    });\r\n    \/* ]]> *\/\r\n    <\/script>\n<\/div>\n<\/div><\/div><\/div><\/div><\/div>","protected":false},"excerpt":{"rendered":"<h5><a href=\"http:\/\/polititzacionsdelmalestar.org\/2018\/01\/23\/javier-penafiel\/?lang=es\">Javier Pe\u00f1afiel<\/strong><\/a><\/h5>\n<li><a href=\"http:\/\/polititzacionsdelmalestar.org\/2018\/01\/25\/perfeccionando-muerte\/?lang=es\">Perfeccionando muerte<\/a>, 2017<\/li>\n","protected":false},"author":6,"featured_media":0,"comment_status":"closed","ping_status":"open","sticky":false,"template":"","format":"standard","meta":{"footnotes":""},"categories":[82],"tags":[],"class_list":["post-5107","post","type-post","status-publish","format-standard","hentry","category-autores"],"_links":{"self":[{"href":"https:\/\/polititzacionsdelmalestar.org\/es\/wp-json\/wp\/v2\/posts\/5107","targetHints":{"allow":["GET"]}}],"collection":[{"href":"https:\/\/polititzacionsdelmalestar.org\/es\/wp-json\/wp\/v2\/posts"}],"about":[{"href":"https:\/\/polititzacionsdelmalestar.org\/es\/wp-json\/wp\/v2\/types\/post"}],"author":[{"embeddable":true,"href":"https:\/\/polititzacionsdelmalestar.org\/es\/wp-json\/wp\/v2\/users\/6"}],"replies":[{"embeddable":true,"href":"https:\/\/polititzacionsdelmalestar.org\/es\/wp-json\/wp\/v2\/comments?post=5107"}],"version-history":[{"count":11,"href":"https:\/\/polititzacionsdelmalestar.org\/es\/wp-json\/wp\/v2\/posts\/5107\/revisions"}],"predecessor-version":[{"id":7801,"href":"https:\/\/polititzacionsdelmalestar.org\/es\/wp-json\/wp\/v2\/posts\/5107\/revisions\/7801"}],"wp:attachment":[{"href":"https:\/\/polititzacionsdelmalestar.org\/es\/wp-json\/wp\/v2\/media?parent=5107"}],"wp:term":[{"taxonomy":"category","embeddable":true,"href":"https:\/\/polititzacionsdelmalestar.org\/es\/wp-json\/wp\/v2\/categories?post=5107"},{"taxonomy":"post_tag","embeddable":true,"href":"https:\/\/polititzacionsdelmalestar.org\/es\/wp-json\/wp\/v2\/tags?post=5107"}],"curies":[{"name":"wp","href":"https:\/\/api.w.org\/{rel}","templated":true}]}}