


{"id":5085,"date":"2018-01-25T14:38:04","date_gmt":"2018-01-25T14:38:04","guid":{"rendered":"https:\/\/polititzacionsdelmalestar.org\/2018\/01\/25\/say-yes\/"},"modified":"2020-03-20T15:18:25","modified_gmt":"2020-03-20T15:18:25","slug":"say-yes","status":"publish","type":"post","link":"https:\/\/polititzacionsdelmalestar.org\/es\/say-yes\/","title":{"rendered":"Say yes!"},"content":{"rendered":"<div id=\"pl-5085\"  class=\"panel-layout\" ><div id=\"pg-5085-0\"  class=\"panel-grid panel-no-style\" ><div id=\"pgc-5085-0-0\"  class=\"panel-grid-cell\" ><div id=\"panel-5085-0-0-0\" class=\"so-panel widget widget_virtue_gallery_widget virtue_gallery_widget panel-first-child\" data-index=\"0\" ><h3 class=\"widget-title\">Say yes!<\/h3><div id=\"kad-wp-gallery431\" class=\"kad-wp-gallery gallery kt-gallery-column-1 init-isotope-intrinsic reinit-isotope kad-light-wp-gallery clearfix rowtight\" data-fade-in=\"1\" data-iso-selector=\".g_item\" data-iso-style=\"masonry\" data-iso-filter=\"false\"><div class=\"tcol-lg-12 tcol-md-12 tcol-sm-12 tcol-xs-12 tcol-ss-12 g_item\"><div class=\"grid_item kt_item_fade_in kad_gallery_fade_in gallery_item\"><a href=\"https:\/\/polititzacionsdelmalestar.org\/wp-content\/uploads\/2018\/01\/01-IMG_0491.jpg\" data-rel=\"lightbox\" class=\"lightboxhover\"><div class=\"kt-intrinsic\" style=\"padding-bottom:100%;\"><div itemprop=\"image\" itemscope itemtype=\"https:\/\/schema.org\/ImageObject\"><img loading=\"lazy\" decoding=\"async\" width=\"560\" height=\"560\" src=\"https:\/\/polititzacionsdelmalestar.org\/wp-content\/uploads\/2018\/01\/01-IMG_0491-560x560.jpg\" srcset=\"https:\/\/polititzacionsdelmalestar.org\/wp-content\/uploads\/2018\/01\/01-IMG_0491-560x560.jpg 560w, https:\/\/polititzacionsdelmalestar.org\/wp-content\/uploads\/2018\/01\/01-IMG_0491-150x150.jpg 150w\" sizes=\"auto, (max-width: 560px) 100vw, 560px\" data-caption=\"&quot;Say yes!&quot;\u00a0\" class=\"light-dropshaddow\" itemprop=\"contentUrl\" alt=\"Say yes!\u00a0\"><meta itemprop=\"url\" content=\"https:\/\/polititzacionsdelmalestar.org\/wp-content\/uploads\/2018\/01\/01-IMG_0491-560x560.jpg\"><meta itemprop=\"width\" content=\"560px\"><meta itemprop=\"height\" content=\"560px\"><\/div><\/div><div class=\"caption kad_caption\"><div class=\"kad_caption_inner\">\u00abSay yes!\u00bb\u00a0<\/div><\/div><\/a><\/div><\/div><\/div><\/div><div id=\"panel-5085-0-0-1\" class=\"so-panel widget widget_sow-editor panel-last-child\" data-index=\"1\" ><div\n\t\t\t\n\t\t\tclass=\"so-widget-sow-editor so-widget-sow-editor-base\"\n\t\t\t\n\t\t>\n<div class=\"siteorigin-widget-tinymce textwidget\">\n\t<p>2010<br \/><em>Installation. Psychoactive drugs.<\/em><br \/>Dimensions variables<\/p>\n<p>Adoptando la inspiraci\u00f3n de las\u00a0Ars Memoriae, Freud aloj\u00f3 el inconsciente en la ciudad estratificada y sincr\u00f3nica de Roma. En 1966 Lacan retomar\u00eda esa met\u00e1fora desplaz\u00e1ndolo a una urbe del nuevo mundo, la moderna Baltimore. Para ambos autores ciudad e inconsciente son id\u00e9nticos, siendo este \u00faltimo el lugar que habitamos. Partiendo de la analog\u00eda de las ciudades mentales como espejos distorsionados de la formaci\u00f3n de nuestra mentalidad,\u00a0<em>Say yes!<\/em>\u00a0muestra una polis construida con f\u00e1rmacos psico-activos. Los medicamentos que la constituyen proceden de los botiquines de familiares, amigos y conocidos de la artista. El imperativo en su t\u00edtulo significa a un tiempo que una afirmaci\u00f3n individual o colectiva de la felicidad la\u00a0quasi\u00a0obligaci\u00f3n de serlo en las sociedades del bienestar; pudiendo leerse asimismo tanto como alusi\u00f3n a una sociedad que administra f\u00e1rmacos a sus ciudadanos disconformes como al consumo de sustancias psicotr\u00f3picas en tanto que pr\u00e1ctica de agenciamiento colectivo.<\/p>\n<\/div>\n<\/div><\/div><\/div><div id=\"pgc-5085-0-1\"  class=\"panel-grid-cell\" ><div id=\"panel-5085-0-1-0\" class=\"so-panel widget widget_sow-editor panel-first-child\" data-index=\"2\" ><div\n\t\t\t\n\t\t\tclass=\"so-widget-sow-editor so-widget-sow-editor-base\"\n\t\t\t\n\t\t>\n<div class=\"siteorigin-widget-tinymce textwidget\">\n\t<h5><a href=\"https:\/\/polititzacionsdelmalestar.org\/2018\/01\/24\/julia-montilla\/?lang=es\">Julia Montilla<\/a><\/h5>\n<h4>\u00a0<\/h4>\n<h4>Palabras clave<\/h4>\n<p><a href=\"https:\/\/polititzacionsdelmalestar.org\/temes\/cos\/?lang=es\">Cuerpo<\/a>,\u00a0<a href=\"https:\/\/polititzacionsdelmalestar.org\/temes\/malestar\/?lang=es\">Malestar <\/a>y <a href=\"https:\/\/polititzacionsdelmalestar.org\/temes\/medicalitzacio\/?lang=es\">Medicalizaci\u00f3n<\/a><\/p>\n<h4>\u00a0<\/h4>\n<h4>Textos sobre el proyecto<\/h4>\n<p>- <em><a href=\"http:\/\/www.juliamontilla.com\/work\/say-yes-texto\/\" target=\"_blank\" rel=\"noopener\">Say yes!<\/a><\/em> (Castell\u00e0)\u00a0<br \/>- <em><a href=\"http:\/\/www.juliamontilla.com\/work\/say-yes-texto\/\" target=\"_blank\" rel=\"noopener\">Say yes!<\/a><\/em> (Angl\u00e8s)<\/p><\/div>\n<\/div><\/div><div id=\"panel-5085-0-1-1\" class=\"so-panel widget widget_virtue_gallery_widget virtue_gallery_widget panel-last-child\" data-index=\"3\" ><div id=\"kad-wp-gallery762\" class=\"kad-wp-gallery gallery kt-gallery-column-1 init-isotope-intrinsic reinit-isotope kad-light-wp-gallery clearfix rowtight\" data-fade-in=\"1\" data-iso-selector=\".g_item\" data-iso-style=\"masonry\" data-iso-filter=\"false\"><div class=\"tcol-lg-12 tcol-md-12 tcol-sm-12 tcol-xs-12 tcol-ss-12 g_item\"><div class=\"grid_item kt_item_fade_in kad_gallery_fade_in gallery_item\"><a href=\"https:\/\/polititzacionsdelmalestar.org\/wp-content\/uploads\/2018\/01\/01-IMG_0491.jpg\" data-rel=\"lightbox\" class=\"lightboxhover\"><div class=\"kt-intrinsic\" style=\"padding-bottom:100%;\"><div itemprop=\"image\" itemscope itemtype=\"https:\/\/schema.org\/ImageObject\"><img loading=\"lazy\" decoding=\"async\" width=\"560\" height=\"560\" src=\"https:\/\/polititzacionsdelmalestar.org\/wp-content\/uploads\/2018\/01\/01-IMG_0491-560x560.jpg\" srcset=\"https:\/\/polititzacionsdelmalestar.org\/wp-content\/uploads\/2018\/01\/01-IMG_0491-560x560.jpg 560w, https:\/\/polititzacionsdelmalestar.org\/wp-content\/uploads\/2018\/01\/01-IMG_0491-150x150.jpg 150w\" sizes=\"auto, (max-width: 560px) 100vw, 560px\" data-caption=\"&quot;Say yes!&quot;\u00a0\" class=\"light-dropshaddow\" itemprop=\"contentUrl\" alt=\"Say yes!\u00a0\"><meta itemprop=\"url\" content=\"https:\/\/polititzacionsdelmalestar.org\/wp-content\/uploads\/2018\/01\/01-IMG_0491-560x560.jpg\"><meta itemprop=\"width\" content=\"560px\"><meta itemprop=\"height\" content=\"560px\"><\/div><\/div><div class=\"caption kad_caption\"><div class=\"kad_caption_inner\">\u00abSay yes!\u00bb\u00a0<\/div><\/div><\/a><\/div><\/div><\/div><\/div><\/div><\/div><\/div>","protected":false},"excerpt":{"rendered":"<h3><a href=\"http:\/\/polititzacionsdelmalestar.org\/2018\/01\/25\/say-yes\/?lang=es\">Say yes!<\/a><\/h3>\n<p>2010<br \/>\n<a href=\"http:\/\/polititzacionsdelmalestar.org\/2018\/01\/24\/julia-montilla\/?lang=es\"><strong>Julia Montilla<\/strong><\/a><br \/>\n<br \/>\n<a href=\"http:\/\/polititzacionsdelmalestar.org\/temes\/cos\/?lang=es\">Cuerpo<\/a>,\u00a0<a href=\"http:\/\/polititzacionsdelmalestar.org\/temes\/malestar\/?lang=es\">Malestar <\/a>y <a href=\"http:\/\/polititzacionsdelmalestar.org\/temes\/medicalitzacio\/?lang=es\">Medicalizaci\u00f3n<\/a><\/p>\n","protected":false},"author":6,"featured_media":5086,"comment_status":"closed","ping_status":"closed","sticky":false,"template":"","format":"standard","meta":{"footnotes":""},"categories":[137,103,150,152,123],"tags":[],"class_list":["post-5085","post","type-post","status-publish","format-standard","has-post-thumbnail","hentry","category-cos-es","category-julia-montilla-es","category-malestar-es","category-medicalitzacio-es","category-proyectos"],"_links":{"self":[{"href":"https:\/\/polititzacionsdelmalestar.org\/es\/wp-json\/wp\/v2\/posts\/5085","targetHints":{"allow":["GET"]}}],"collection":[{"href":"https:\/\/polititzacionsdelmalestar.org\/es\/wp-json\/wp\/v2\/posts"}],"about":[{"href":"https:\/\/polititzacionsdelmalestar.org\/es\/wp-json\/wp\/v2\/types\/post"}],"author":[{"embeddable":true,"href":"https:\/\/polititzacionsdelmalestar.org\/es\/wp-json\/wp\/v2\/users\/6"}],"replies":[{"embeddable":true,"href":"https:\/\/polititzacionsdelmalestar.org\/es\/wp-json\/wp\/v2\/comments?post=5085"}],"version-history":[{"count":12,"href":"https:\/\/polititzacionsdelmalestar.org\/es\/wp-json\/wp\/v2\/posts\/5085\/revisions"}],"predecessor-version":[{"id":10370,"href":"https:\/\/polititzacionsdelmalestar.org\/es\/wp-json\/wp\/v2\/posts\/5085\/revisions\/10370"}],"wp:featuredmedia":[{"embeddable":true,"href":"https:\/\/polititzacionsdelmalestar.org\/es\/wp-json\/wp\/v2\/media\/5086"}],"wp:attachment":[{"href":"https:\/\/polititzacionsdelmalestar.org\/es\/wp-json\/wp\/v2\/media?parent=5085"}],"wp:term":[{"taxonomy":"category","embeddable":true,"href":"https:\/\/polititzacionsdelmalestar.org\/es\/wp-json\/wp\/v2\/categories?post=5085"},{"taxonomy":"post_tag","embeddable":true,"href":"https:\/\/polititzacionsdelmalestar.org\/es\/wp-json\/wp\/v2\/tags?post=5085"}],"curies":[{"name":"wp","href":"https:\/\/api.w.org\/{rel}","templated":true}]}}