


{"id":5080,"date":"2018-01-23T16:46:04","date_gmt":"2018-01-23T16:46:04","guid":{"rendered":"https:\/\/polititzacionsdelmalestar.org\/2018\/01\/23\/antonio-ortega\/"},"modified":"2018-03-18T11:20:26","modified_gmt":"2018-03-18T11:20:26","slug":"antonio-ortega","status":"publish","type":"post","link":"https:\/\/polititzacionsdelmalestar.org\/es\/antonio-ortega\/","title":{"rendered":"Ortega, Antonio"},"content":{"rendered":"<div id=\"pl-5080\"  class=\"panel-layout\" ><div id=\"pg-5080-0\"  class=\"panel-grid panel-no-style\" ><div id=\"pgc-5080-0-0\"  class=\"panel-grid-cell\" ><div id=\"panel-5080-0-0-0\" class=\"so-panel widget widget_sow-editor panel-first-child panel-last-child\" data-index=\"0\" ><div\n\t\t\t\n\t\t\tclass=\"so-widget-sow-editor so-widget-sow-editor-base\"\n\t\t\t\n\t\t><h3 class=\"widget-title\">Antonio Ortega<\/h3>\n<div class=\"siteorigin-widget-tinymce textwidget\">\n\t<\/div>\n<\/div><\/div><\/div><\/div><div id=\"pg-5080-1\"  class=\"panel-grid panel-no-style\" ><div id=\"pgc-5080-1-0\"  class=\"panel-grid-cell\" ><div id=\"panel-5080-1-0-0\" class=\"so-panel widget widget_sow-editor panel-first-child\" data-index=\"1\" ><div\n\t\t\t\n\t\t\tclass=\"so-widget-sow-editor so-widget-sow-editor-base\"\n\t\t\t\n\t\t>\n<div class=\"siteorigin-widget-tinymce textwidget\">\n\t<p><img loading=\"lazy\" decoding=\"async\" class=\"foto_completa\" src=\"https:\/\/polititzacionsdelmalestar.org\/wp-content\/uploads\/2018\/01\/01-apren-y-esot2.jpg\" alt=\"Captura de la filmaci\u00f3 de Aprensi\u00f3n y esoterismo\" width=\"1000\" height=\"667\" \/><\/p>\n<p><em>Captura de la filmaci\u00f3n de Aprensi\u00f3n y esoterismo.<\/em><\/p>\n<p>\u00a0<\/p>\n<h5><a href=https:\/\/polititzacionsdelmalestar.org\/2018\/01\/24\/aprension-esoterismo\/?lang=es\">Aprensi\u00f3n y esoterismo<\/a><\/h5>\n<p>2002<br \/> <a href=\"https:\/\/polititzacionsdelmalestar.org\/temas\/cos\/?lang=es\">Cuerpo<\/a>,\u00a0<a href=\"https:\/\/polititzacionsdelmalestar.org\/temas\/familia\/?lang=es\">Familia<\/a>, <a href=\"https:\/\/polititzacionsdelmalestar.org\/temas\/malestar\/?lang=es\">Malestar<\/a>, <a href=\"https:\/\/polititzacionsdelmalestar.org\/temas\/medicalitzacio\/?lang=es\">Medicalizaci\u00f3n<\/a> y <a href=\"https:\/\/polititzacionsdelmalestar.org\/temas\/politica\/?lang=es\">Pol\u00edtica<\/a><\/p>\n<\/div>\n<\/div><\/div><div id=\"panel-5080-1-0-1\" class=\"so-panel widget widget_sow-editor panel-last-child\" data-index=\"2\" ><div\n\t\t\t\n\t\t\tclass=\"so-widget-sow-editor so-widget-sow-editor-base\"\n\t\t\t\n\t\t>\n<div class=\"siteorigin-widget-tinymce textwidget\">\n\t<p>Antonio Ortega (Sant Celoni 1968) es Doctor en Bellas Artes por la Universidad de Barcelona, \u200b\u200best\u00e1 representado por la galer\u00eda Klaus and Elisabeth Thoman (Innsbruck \/ Viena) y profesor de la Escuela Massana-UAB<\/p>\n<p>Inicia su pr\u00e1ctica art\u00edstica en el campo de la instalaci\u00f3n y la performance expandida, para, desde el a\u00f1o 2007 focalizar su trabajo en el texto. Es autor de la obra de teatro The ten best tips ever, in Alphabetical order, estrenada a Objectif Exhibitions (Amberes), ha publicado el libro Demagogia y propaganda en arte seg\u00fan Antonio Ortega en la editorial Bielbooks. Asimismo, Ortega ha dedicado parte de su labor en ofrecer seminarios y conferencias en las que contempla la conferencia como una obra perform\u00e1tica.<\/p>\n<p>En su trabajo como artista destacan proyectos individuales como Fe y entusiasmo, en el Espacio 13 de la Fundaci\u00f3n Joan Mir\u00f3, Antonio Ortega & The Contestants, The Showroom (Londres), la individual Opfer sind wir alle, al Abteiberg Museum (Moenchengladbach ) o I hope Alice Cooper does not become a vegetarian, al Scottsdale Museum for Contemporary Art (Phoenix).<br \/>\nHa sido responsable de actividades en el Centro de Arte Santa M\u00f3nica durante los a\u00f1os 2004 hasta 2008, tarea en la que profundiz\u00f3 en los formatos de trabajo que prescind\u00edan de la exposici\u00f3n como canal privilegiado de difusi\u00f3n y presentaci\u00f3n de las creaciones art\u00edsticas , con proyectos como Festival Espont\u00e1neo, Hemos tomado la radio !, comisariado por Jorge Luis Marzo, o Alternativas a la Exposici\u00f3n de Beatriz Herr\u00e1ez.<br \/>\nActualmente centra sus investigaciones en el conflicto entre autoridad y autor\u00eda, parte de los resultados han sido presentados en la exposici\u00f3n Autogesti\u00f3n en la Fundaci\u00f3n Joan Mir\u00f3 que Antonio Ortega ha comisariado y para la que ha publicado un ensayo con el mismo t\u00edtulo.<\/p>\n<\/div>\n<\/div><\/div><\/div><div id=\"pgc-5080-1-1\"  class=\"panel-grid-cell\" ><div id=\"panel-5080-1-1-0\" class=\"so-panel widget widget_sow-editor panel-first-child panel-last-child\" data-index=\"3\" ><div\n\t\t\t\n\t\t\tclass=\"so-widget-sow-editor so-widget-sow-editor-base\"\n\t\t\t\n\t\t>\n<div class=\"siteorigin-widget-tinymce textwidget\">\n\t<p><strong>Nota<\/strong><br \/>\nEsta es una selecci\u00f3n de las obras del autor que se enmarcan en los conceptos de Politizaciones del malestar.<\/p>\n<h4>\u00a0<\/h4>\n<p><strong>Otros proyectos<\/strong><\/p>\n<p>- <a href=\"http:\/\/www.hamacaonline.net\/obra.php?id=312\" target=\"_blank\" rel=\"noopener\">Resignaci\u00f3n y angustia<\/a><\/p>\n<p>- <a href=\"http:\/\/www.hamacaonline.net\/obra.php?id=246\" target=\"_blank\" rel=\"noopener\">Registro de bondad<\/a><\/p>\n<p>- Autogesti\u00f3<\/p>\n<a id=\"69f0c8d70d2c2\" rel=\"wp-video-lightbox\" href=\"https:\/\/vimeo.com\/204184285?width=800&#038;height=600\" title=\"\"><img decoding=\"async\" src=\"https:\/\/polititzacionsdelmalestar.org\/wp-content\/uploads\/2018\/01\/antonio-ortega.jpg\" class=\"video_lightbox_anchor_image\" alt=\"Autogesti\u00f3\" \/><\/a>    <script>\r\n    \/* <![CDATA[ *\/\r\n    jQuery(document).ready(function($){\r\n        $(function(){\r\n            var width = $(window).innerWidth();\r\n            var setwidth = parseFloat(800);\r\n            var ratio = parseFloat(0.75);\r\n            var height = parseFloat(600);\r\n            var link = 'https:\/\/vimeo.com\/204184285?width=800&amp;height=600';\r\n            if(width < setwidth)\r\n            {\r\n                height = Math.floor(width * 0.75);\r\n                \/\/console.log(\"device width \"+width+\", set width \"+800+\", ratio \"+0.75+\", new height \"+ height);\r\n                var new_url = wpvl_paramReplace('width', link, width);\r\n                var new_url = wpvl_paramReplace('height', new_url, height);\r\n                $(\"a#69f0c8d70d2c2\").attr('href', new_url);\r\n                \/\/console.log(new_url);\r\n            }\r\n        });\r\n    });\r\n    \/* ]]> *\/\r\n    <\/script>\n<\/div>\n<\/div><\/div><\/div><\/div><\/div>","protected":false},"excerpt":{"rendered":"<h5><a href=\"http:\/\/polititzacionsdelmalestar.org\/2018\/01\/23\/antonio-ortega\/?lang=es\">Antonio Ortega<\/strong><\/a><\/h5>\n<li><a href=\"http:\/\/polititzacionsdelmalestar.org\/2018\/01\/24\/aprension-esoterismo\/?lang=es\">Aprensi\u00f3n y esoterismo<\/a>&#8211;<\/li>\n","protected":false},"author":6,"featured_media":0,"comment_status":"closed","ping_status":"open","sticky":false,"template":"","format":"standard","meta":{"footnotes":""},"categories":[82],"tags":[],"class_list":["post-5080","post","type-post","status-publish","format-standard","hentry","category-autores"],"_links":{"self":[{"href":"https:\/\/polititzacionsdelmalestar.org\/es\/wp-json\/wp\/v2\/posts\/5080","targetHints":{"allow":["GET"]}}],"collection":[{"href":"https:\/\/polititzacionsdelmalestar.org\/es\/wp-json\/wp\/v2\/posts"}],"about":[{"href":"https:\/\/polititzacionsdelmalestar.org\/es\/wp-json\/wp\/v2\/types\/post"}],"author":[{"embeddable":true,"href":"https:\/\/polititzacionsdelmalestar.org\/es\/wp-json\/wp\/v2\/users\/6"}],"replies":[{"embeddable":true,"href":"https:\/\/polititzacionsdelmalestar.org\/es\/wp-json\/wp\/v2\/comments?post=5080"}],"version-history":[{"count":10,"href":"https:\/\/polititzacionsdelmalestar.org\/es\/wp-json\/wp\/v2\/posts\/5080\/revisions"}],"predecessor-version":[{"id":9366,"href":"https:\/\/polititzacionsdelmalestar.org\/es\/wp-json\/wp\/v2\/posts\/5080\/revisions\/9366"}],"wp:attachment":[{"href":"https:\/\/polititzacionsdelmalestar.org\/es\/wp-json\/wp\/v2\/media?parent=5080"}],"wp:term":[{"taxonomy":"category","embeddable":true,"href":"https:\/\/polititzacionsdelmalestar.org\/es\/wp-json\/wp\/v2\/categories?post=5080"},{"taxonomy":"post_tag","embeddable":true,"href":"https:\/\/polititzacionsdelmalestar.org\/es\/wp-json\/wp\/v2\/tags?post=5080"}],"curies":[{"name":"wp","href":"https:\/\/api.w.org\/{rel}","templated":true}]}}