


{"id":5040,"date":"2018-01-26T18:04:48","date_gmt":"2018-01-26T18:04:48","guid":{"rendered":"https:\/\/polititzacionsdelmalestar.org\/2018\/01\/26\/quien-canta-su-mal-espanta\/"},"modified":"2018-02-23T18:48:20","modified_gmt":"2018-02-23T18:48:20","slug":"quien-canta-su-mal-espanta","status":"publish","type":"post","link":"https:\/\/polititzacionsdelmalestar.org\/es\/quien-canta-su-mal-espanta\/","title":{"rendered":"Quien canta su mal espanta"},"content":{"rendered":"<div id=\"pl-5040\"  class=\"panel-layout\" ><div id=\"pg-5040-0\"  class=\"panel-grid panel-no-style\" ><div id=\"pgc-5040-0-0\"  class=\"panel-grid-cell\" ><div id=\"panel-5040-0-0-0\" class=\"so-panel widget widget_virtue_gallery_widget virtue_gallery_widget panel-first-child\" data-index=\"0\" ><h3 class=\"widget-title\">Quien canta su mal espanta<\/h3><div id=\"kad-wp-gallery212\" class=\"kad-wp-gallery gallery kt-gallery-column-1 init-isotope-intrinsic reinit-isotope kad-light-wp-gallery clearfix rowtight\" data-fade-in=\"1\" data-iso-selector=\".g_item\" data-iso-style=\"masonry\" data-iso-filter=\"false\"><div class=\"tcol-lg-12 tcol-md-12 tcol-sm-12 tcol-xs-12 tcol-ss-12 g_item\"><div class=\"grid_item kt_item_fade_in kad_gallery_fade_in gallery_item\"><a href=\"https:\/\/polititzacionsdelmalestar.org\/wp-content\/uploads\/2018\/01\/01-01.jpg\" data-rel=\"lightbox\" class=\"lightboxhover\"><div class=\"kt-intrinsic\" style=\"padding-bottom:54.8%;\"><div itemprop=\"image\" itemscope itemtype=\"https:\/\/schema.org\/ImageObject\"><img loading=\"lazy\" decoding=\"async\" width=\"1000\" height=\"548\" src=\"https:\/\/polititzacionsdelmalestar.org\/wp-content\/uploads\/2018\/01\/01-01.jpg\" srcset=\"https:\/\/polititzacionsdelmalestar.org\/wp-content\/uploads\/2018\/01\/01-01.jpg 1000w, https:\/\/polititzacionsdelmalestar.org\/wp-content\/uploads\/2018\/01\/01-01-300x164.jpg 300w, https:\/\/polititzacionsdelmalestar.org\/wp-content\/uploads\/2018\/01\/01-01-768x421.jpg 768w, https:\/\/polititzacionsdelmalestar.org\/wp-content\/uploads\/2018\/01\/01-01-728x398.jpg 728w, https:\/\/polititzacionsdelmalestar.org\/wp-content\/uploads\/2018\/01\/01-01-364x199.jpg 364w, https:\/\/polititzacionsdelmalestar.org\/wp-content\/uploads\/2018\/01\/01-01-520x284.jpg 520w, https:\/\/polititzacionsdelmalestar.org\/wp-content\/uploads\/2018\/01\/01-01-260x142.jpg 260w\" sizes=\"auto, (max-width: 1000px) 100vw, 1000px\" data-caption=\"Quien canta su mal espanta\" class=\"light-dropshaddow\" itemprop=\"contentUrl\" alt=\"\"><meta itemprop=\"url\" content=\"https:\/\/polititzacionsdelmalestar.org\/wp-content\/uploads\/2018\/01\/01-01.jpg\"><meta itemprop=\"width\" content=\"1000px\"><meta itemprop=\"height\" content=\"548px\"><\/div><\/div><div class=\"caption kad_caption\"><div class=\"kad_caption_inner\">Quien canta su mal espanta<\/div><\/div><\/a><\/div><\/div><\/div><\/div><div id=\"panel-5040-0-0-1\" class=\"so-panel widget widget_sow-editor panel-last-child\" data-index=\"1\" ><div\n\t\t\t\n\t\t\tclass=\"so-widget-sow-editor so-widget-sow-editor-base\"\n\t\t\t\n\t\t>\n<div class=\"siteorigin-widget-tinymce textwidget\">\n\t<p>2017<br \/>Proyecto colaborativo.<\/p>\n<p>En colaboraci\u00f3n con Elsa de Alfonso, Don Sim\u00f3n i Telefunken, Mariona Aup\u00ed y los ciudadanos de Girona.<\/p>\n<p>Hubo un sabio que durante muchos a\u00f1os estudi\u00f3 la manifestaci\u00f3n del sentimiento en el hombre y se atrevi\u00f3 a afirmar que el origen del habla rae en la canci\u00f3n. Seg\u00fan \u00e9l, el canto surge de la necesidad de gustar y de llenar el vac\u00edo del alma.<\/p>\n<p>\u00bfPor qu\u00e9? En este tiempo de malestar generalizado en que nos definimos y comunicamos a trav\u00e9s de las pantallas, tendr\u00edamos que conectar nuevamente con el mundo. La pol\u00edtica ha degenerado y ha dejado de tener sentido y, muchas veces, el arte, tambi\u00e9n. Es por eso que he querido hacer una obra colaborativa, que no sea una representaci\u00f3n de un discurso, sino que, aunque sea por un instante, ayude a reconectar-nos. Las madres cantan a sus hijos porque no tengan miedo, y de alguna manera tenemos el canto como una cosa que nos protege de la oscuridad del mundo.<\/p>\n<p>\u00bfD\u00f3nde y c\u00f3mo? La propuesta pretend\u00eda, adem\u00e1s, reivindicar un espacio en desuso, la capilla de Santa Ll\u00facia, una capilla rom\u00e1nica a la ciudad de Girona. Durante una semana invit\u00e9 los habitantes de la ciudad a cantar en este espacio. Instal\u00e9 un equipo de sonido profesional con dos micr\u00f3fonos enfrentados y conectados a la vez. En un micr\u00f3fono ten\u00edan que cantar la canci\u00f3n que los pusiera alegres o los trajera buenos recuerdos y, al otro, la canci\u00f3n que los pusiera m\u00e1s melanc\u00f2lics o tristes.<\/p>\n<p>Mediante unos dispositivos electr\u00f3nicos, el artista musical Elsa de Alfonso cre\u00f3 unos presets con que los usuarios pod\u00edan experimentar varios timbres y escaleras a cada uno de los micr\u00f3fonos, de forma que cada cantante\/participando pod\u00eda crear su propia obra\/canci\u00f3n\/intervenci\u00f3n en este planteamiento colaborativo.<\/p>\n<p>Para dar a conocer el lugar y el proyecto hicimos un concierto a mb dos grupos de m\u00fasica a guisa de ejemplo del que pasar\u00eda durante la semana. En el micr\u00f3fono melanc\u00f3lico cant\u00f3 Mariona Aup\u00ed y en el micr\u00f3fono alegre cant\u00f3 Don Sim\u00f3n y Telefunken. Y c\u00f3mo dice Josep Maria Ardilla, fil\u00f3sofo que admiro, \u00abvivir es sentir la vida y esto es un milagro\u00bb.<\/p>\n<p>Proyecto coproducido por Arts Santa M\u00f2nica y B\u00f2lit en el marco de Politizaciones del malestar.\u00a0<\/p>\n<p>\u00a0<\/p>\n<h4>Recorrido del proyecto. \u00bfD\u00f3nde se encuentra la obra?<\/h4>\n<p>Quien canta su mal espanta<\/p>\n<a id=\"69f0c9f211f85\" rel=\"wp-video-lightbox\" href=\"https:\/\/www.youtube.com\/watch?v=rTkzqbDMqfo&#038;width=800&#038;height=600\" title=\"\"><img decoding=\"async\" src=\"https:\/\/polititzacionsdelmalestar.org\/wp-content\/uploads\/2018\/01\/mal-espanta.jpg\" class=\"video_lightbox_anchor_image\" alt=\"Quien canta su mal espanta\" \/><\/a>    <script>\r\n    \/* <![CDATA[ *\/\r\n    jQuery(document).ready(function($){\r\n        $(function(){\r\n            var width = $(window).innerWidth();\r\n            var setwidth = parseFloat(800);\r\n            var ratio = parseFloat(0.75);\r\n            var height = parseFloat(600);\r\n            var link = 'https:\/\/www.youtube.com\/watch?v=rTkzqbDMqfo&amp;width=800&amp;height=600';\r\n            if(width < setwidth)\r\n            {\r\n                height = Math.floor(width * 0.75);\r\n                \/\/console.log(\"device width \"+width+\", set width \"+800+\", ratio \"+0.75+\", new height \"+ height);\r\n                var new_url = wpvl_paramReplace('width', link, width);\r\n                var new_url = wpvl_paramReplace('height', new_url, height);\r\n                $(\"a#69f0c9f211f85\").attr('href', new_url);\r\n                \/\/console.log(new_url);\r\n            }\r\n        });\r\n    });\r\n    \/* ]]> *\/\r\n    <\/script>\n<\/div>\n<\/div><\/div><\/div><div id=\"pgc-5040-0-1\"  class=\"panel-grid-cell\" ><div id=\"panel-5040-0-1-0\" class=\"so-panel widget widget_sow-editor panel-first-child\" data-index=\"2\" ><div\n\t\t\t\n\t\t\tclass=\"so-widget-sow-editor so-widget-sow-editor-base\"\n\t\t\t\n\t\t>\n<div class=\"siteorigin-widget-tinymce textwidget\">\n\t<h5><a href=\"https:\/\/polititzacionsdelmalestar.org\/2018\/01\/24\/virginia-garcia-del-pino\/?lang=es\">Virginia Garc\u00eda del Pino<\/a><\/h5>\n<h4>\u00a0<\/h4>\n<h4>Palabras clave<\/h4>\n<a href=\"https:\/\/polititzacionsdelmalestar.org\/temes\/memoria\/?lang=es\">Memoria <\/a> y <a href=\"https:\/\/polititzacionsdelmalestar.org\/temes\/processos-collaboratius\/?lang=es\"> Procesos colaborativos<\/a>\n<h4>\u00a0<\/h4>\n<h4>Textos sobre el proyecto<\/h4>\n<a href=\"https:\/\/polititzacionsdelmalestar.org\/wp-content\/uploads\/2018\/01\/Texto-de-Nora-sobre-Virgi\u0301nia-5-cast.pdf\">La \"lo\u0301gica aplastante\" en la obra de Virginia Garci\u0301a del Pino.<\/a> PDF (107 KB)\n<h4>\u00a0<\/h4>\n<h4>Documentos <em>media<\/em><\/h4>\nVirginia Garc\u00eda del Pino\n\n<a id=\"69f0c9f2123ac\" rel=\"wp-video-lightbox\" href=\"https:\/\/www.youtube.com\/watch?v=6pGLMufiyjU&#038;width=800&#038;height=600\" title=\"\"><img decoding=\"async\" src=\"https:\/\/polititzacionsdelmalestar.org\/wp-content\/uploads\/2018\/01\/virginia.jpg\" class=\"video_lightbox_anchor_image\" alt=\"Virginia Garc\u00eda del Pino\" \/><\/a>    <script>\r\n    \/* <![CDATA[ *\/\r\n    jQuery(document).ready(function($){\r\n        $(function(){\r\n            var width = $(window).innerWidth();\r\n            var setwidth = parseFloat(800);\r\n            var ratio = parseFloat(0.75);\r\n            var height = parseFloat(600);\r\n            var link = 'https:\/\/www.youtube.com\/watch?v=6pGLMufiyjU&amp;width=800&amp;height=600';\r\n            if(width < setwidth)\r\n            {\r\n                height = Math.floor(width * 0.75);\r\n                \/\/console.log(\"device width \"+width+\", set width \"+800+\", ratio \"+0.75+\", new height \"+ height);\r\n                var new_url = wpvl_paramReplace('width', link, width);\r\n                var new_url = wpvl_paramReplace('height', new_url, height);\r\n                $(\"a#69f0c9f2123ac\").attr('href', new_url);\r\n                \/\/console.log(new_url);\r\n            }\r\n        });\r\n    });\r\n    \/* ]]> *\/\r\n    <\/script>\n<h4><\/h4>\n<h4><div class=\"titol-galeria\">Fotos del proyecto<\/div><\/h4><\/div>\n<\/div><\/div><div id=\"panel-5040-0-1-1\" class=\"so-panel widget widget_virtue_gallery_widget virtue_gallery_widget panel-last-child\" data-index=\"3\" ><div id=\"kad-wp-gallery660\" class=\"kad-wp-gallery gallery kt-gallery-column-1 init-isotope-intrinsic reinit-isotope kad-light-wp-gallery clearfix rowtight\" data-fade-in=\"1\" data-iso-selector=\".g_item\" data-iso-style=\"masonry\" data-iso-filter=\"false\"><div class=\"tcol-lg-12 tcol-md-12 tcol-sm-12 tcol-xs-12 tcol-ss-12 g_item\"><div class=\"grid_item kt_item_fade_in kad_gallery_fade_in gallery_item\"><a href=\"https:\/\/polititzacionsdelmalestar.org\/wp-content\/uploads\/2018\/01\/02-02.jpg\" data-rel=\"lightbox\" class=\"lightboxhover\"><div class=\"kt-intrinsic\" style=\"padding-bottom:55.2%;\"><div itemprop=\"image\" itemscope itemtype=\"https:\/\/schema.org\/ImageObject\"><img loading=\"lazy\" decoding=\"async\" width=\"1000\" height=\"552\" src=\"https:\/\/polititzacionsdelmalestar.org\/wp-content\/uploads\/2018\/01\/02-02.jpg\" srcset=\"https:\/\/polititzacionsdelmalestar.org\/wp-content\/uploads\/2018\/01\/02-02.jpg 1000w, https:\/\/polititzacionsdelmalestar.org\/wp-content\/uploads\/2018\/01\/02-02-300x166.jpg 300w, https:\/\/polititzacionsdelmalestar.org\/wp-content\/uploads\/2018\/01\/02-02-768x424.jpg 768w\" sizes=\"auto, (max-width: 1000px) 100vw, 1000px\" data-caption=\"&quot;Quien canta su mal espanta&quot;\" class=\"light-dropshaddow\" itemprop=\"contentUrl\" alt=\"Quien canta su mal espanta\"><meta itemprop=\"url\" content=\"https:\/\/polititzacionsdelmalestar.org\/wp-content\/uploads\/2018\/01\/02-02.jpg\"><meta itemprop=\"width\" content=\"1000px\"><meta itemprop=\"height\" content=\"552px\"><\/div><\/div><div class=\"caption kad_caption\"><div class=\"kad_caption_inner\">\u00abQuien canta su mal espanta\u00bb<\/div><\/div><\/a><\/div><\/div><div class=\"tcol-lg-12 tcol-md-12 tcol-sm-12 tcol-xs-12 tcol-ss-12 g_item\"><div class=\"grid_item kt_item_fade_in kad_gallery_fade_in gallery_item\"><a href=\"https:\/\/polititzacionsdelmalestar.org\/wp-content\/uploads\/2018\/01\/03-IMG_4208.jpg\" data-rel=\"lightbox\" class=\"lightboxhover\"><div class=\"kt-intrinsic\" style=\"padding-bottom:100%;\"><div itemprop=\"image\" itemscope itemtype=\"https:\/\/schema.org\/ImageObject\"><img loading=\"lazy\" decoding=\"async\" width=\"560\" height=\"560\" src=\"https:\/\/polititzacionsdelmalestar.org\/wp-content\/uploads\/2018\/01\/03-IMG_4208-560x560.jpg\" srcset=\"https:\/\/polititzacionsdelmalestar.org\/wp-content\/uploads\/2018\/01\/03-IMG_4208-560x560.jpg 560w, https:\/\/polititzacionsdelmalestar.org\/wp-content\/uploads\/2018\/01\/03-IMG_4208-150x150.jpg 150w\" sizes=\"auto, (max-width: 560px) 100vw, 560px\" data-caption=\"&quot;Quien canta su mal espanta&quot;\" class=\"light-dropshaddow\" itemprop=\"contentUrl\" alt=\"Quien canta su mal espanta\"><meta itemprop=\"url\" content=\"https:\/\/polititzacionsdelmalestar.org\/wp-content\/uploads\/2018\/01\/03-IMG_4208-560x560.jpg\"><meta itemprop=\"width\" content=\"560px\"><meta itemprop=\"height\" content=\"560px\"><\/div><\/div><div class=\"caption kad_caption\"><div class=\"kad_caption_inner\">\u00abQuien canta su mal espanta\u00bb<\/div><\/div><\/a><\/div><\/div><div class=\"tcol-lg-12 tcol-md-12 tcol-sm-12 tcol-xs-12 tcol-ss-12 g_item\"><div class=\"grid_item kt_item_fade_in kad_gallery_fade_in gallery_item\"><a href=\"https:\/\/polititzacionsdelmalestar.org\/wp-content\/uploads\/2018\/01\/04-Virginia-04.jpg\" data-rel=\"lightbox\" class=\"lightboxhover\"><div class=\"kt-intrinsic\" style=\"padding-bottom:100%;\"><div itemprop=\"image\" itemscope itemtype=\"https:\/\/schema.org\/ImageObject\"><img loading=\"lazy\" decoding=\"async\" width=\"560\" height=\"560\" src=\"https:\/\/polititzacionsdelmalestar.org\/wp-content\/uploads\/2018\/01\/04-Virginia-04-560x560.jpg\" srcset=\"https:\/\/polititzacionsdelmalestar.org\/wp-content\/uploads\/2018\/01\/04-Virginia-04-560x560.jpg 560w, https:\/\/polititzacionsdelmalestar.org\/wp-content\/uploads\/2018\/01\/04-Virginia-04-150x150.jpg 150w\" sizes=\"auto, (max-width: 560px) 100vw, 560px\" data-caption=\"&quot;Quien canta su mal espanta&quot;\" class=\"light-dropshaddow\" itemprop=\"contentUrl\" alt=\"Quien canta su mal espanta\"><meta itemprop=\"url\" content=\"https:\/\/polititzacionsdelmalestar.org\/wp-content\/uploads\/2018\/01\/04-Virginia-04-560x560.jpg\"><meta itemprop=\"width\" content=\"560px\"><meta itemprop=\"height\" content=\"560px\"><\/div><\/div><div class=\"caption kad_caption\"><div class=\"kad_caption_inner\">\u00abQuien canta su mal espanta\u00bb<\/div><\/div><\/a><\/div><\/div><div class=\"tcol-lg-12 tcol-md-12 tcol-sm-12 tcol-xs-12 tcol-ss-12 g_item\"><div class=\"grid_item kt_item_fade_in kad_gallery_fade_in gallery_item\"><a href=\"https:\/\/polititzacionsdelmalestar.org\/wp-content\/uploads\/2018\/01\/05-IMG_4226.jpg\" data-rel=\"lightbox\" class=\"lightboxhover\"><div class=\"kt-intrinsic\" style=\"padding-bottom:100%;\"><div itemprop=\"image\" itemscope itemtype=\"https:\/\/schema.org\/ImageObject\"><img loading=\"lazy\" decoding=\"async\" width=\"560\" height=\"560\" src=\"https:\/\/polititzacionsdelmalestar.org\/wp-content\/uploads\/2018\/01\/05-IMG_4226-560x560.jpg\" srcset=\"https:\/\/polititzacionsdelmalestar.org\/wp-content\/uploads\/2018\/01\/05-IMG_4226-560x560.jpg 560w, https:\/\/polititzacionsdelmalestar.org\/wp-content\/uploads\/2018\/01\/05-IMG_4226-150x150.jpg 150w\" sizes=\"auto, (max-width: 560px) 100vw, 560px\" data-caption=\"&quot;Quien canta su mal espanta&quot;\" class=\"light-dropshaddow\" itemprop=\"contentUrl\" alt=\"Quien canta su mal espanta\"><meta itemprop=\"url\" content=\"https:\/\/polititzacionsdelmalestar.org\/wp-content\/uploads\/2018\/01\/05-IMG_4226-560x560.jpg\"><meta itemprop=\"width\" content=\"560px\"><meta itemprop=\"height\" content=\"560px\"><\/div><\/div><div class=\"caption kad_caption\"><div class=\"kad_caption_inner\">\u00abQuien canta su mal espanta\u00bb<\/div><\/div><\/a><\/div><\/div><div class=\"tcol-lg-12 tcol-md-12 tcol-sm-12 tcol-xs-12 tcol-ss-12 g_item\"><div class=\"grid_item kt_item_fade_in kad_gallery_fade_in gallery_item\"><a href=\"https:\/\/polititzacionsdelmalestar.org\/wp-content\/uploads\/2018\/01\/06-Virginia-05.jpg\" data-rel=\"lightbox\" class=\"lightboxhover\"><div class=\"kt-intrinsic\" style=\"padding-bottom:100%;\"><div itemprop=\"image\" itemscope itemtype=\"https:\/\/schema.org\/ImageObject\"><img loading=\"lazy\" decoding=\"async\" width=\"560\" height=\"560\" src=\"https:\/\/polititzacionsdelmalestar.org\/wp-content\/uploads\/2018\/01\/06-Virginia-05-560x560.jpg\" srcset=\"https:\/\/polititzacionsdelmalestar.org\/wp-content\/uploads\/2018\/01\/06-Virginia-05-560x560.jpg 560w, https:\/\/polititzacionsdelmalestar.org\/wp-content\/uploads\/2018\/01\/06-Virginia-05-150x150.jpg 150w\" sizes=\"auto, (max-width: 560px) 100vw, 560px\" data-caption=\"&quot;Quien canta su mal espanta&quot;\" class=\"light-dropshaddow\" itemprop=\"contentUrl\" alt=\"Quien canta su mal espanta\"><meta itemprop=\"url\" content=\"https:\/\/polititzacionsdelmalestar.org\/wp-content\/uploads\/2018\/01\/06-Virginia-05-560x560.jpg\"><meta itemprop=\"width\" content=\"560px\"><meta itemprop=\"height\" content=\"560px\"><\/div><\/div><div class=\"caption kad_caption\"><div class=\"kad_caption_inner\">\u00abQuien canta su mal espanta\u00bb<\/div><\/div><\/a><\/div><\/div><div class=\"tcol-lg-12 tcol-md-12 tcol-sm-12 tcol-xs-12 tcol-ss-12 g_item\"><div class=\"grid_item kt_item_fade_in kad_gallery_fade_in gallery_item\"><a href=\"https:\/\/polititzacionsdelmalestar.org\/wp-content\/uploads\/2018\/01\/07-Virginia-08.jpg\" data-rel=\"lightbox\" class=\"lightboxhover\"><div class=\"kt-intrinsic\" style=\"padding-bottom:100%;\"><div itemprop=\"image\" itemscope itemtype=\"https:\/\/schema.org\/ImageObject\"><img loading=\"lazy\" decoding=\"async\" width=\"560\" height=\"560\" src=\"https:\/\/polititzacionsdelmalestar.org\/wp-content\/uploads\/2018\/01\/07-Virginia-08-560x560.jpg\" srcset=\"https:\/\/polititzacionsdelmalestar.org\/wp-content\/uploads\/2018\/01\/07-Virginia-08-560x560.jpg 560w, https:\/\/polititzacionsdelmalestar.org\/wp-content\/uploads\/2018\/01\/07-Virginia-08-150x150.jpg 150w\" sizes=\"auto, (max-width: 560px) 100vw, 560px\" data-caption=\"The Touching Community\" class=\"light-dropshaddow\" itemprop=\"contentUrl\" alt=\"Quien canta su mal espanta\"><meta itemprop=\"url\" content=\"https:\/\/polititzacionsdelmalestar.org\/wp-content\/uploads\/2018\/01\/07-Virginia-08-560x560.jpg\"><meta itemprop=\"width\" content=\"560px\"><meta itemprop=\"height\" content=\"560px\"><\/div><\/div><div class=\"caption kad_caption\"><div class=\"kad_caption_inner\">The Touching Community<\/div><\/div><\/a><\/div><\/div><\/div><\/div><\/div><\/div><\/div>","protected":false},"excerpt":{"rendered":"<h3><a href=\"http:\/\/polititzacionsdelmalestar.org\/2018\/01\/26\/quien-canta-su-mal-espanta\/?lang=es\">Quien canta su mal espanta<\/a><\/h3>\n<p>2017<br \/>\n<a href=\"http:\/\/polititzacionsdelmalestar.org\/2018\/01\/24\/virginia-garcia-del-pino\/?lang=es\"><strong>Virginia Garc\u00eda del Pino<\/strong><\/a><br \/>\n<br \/>\n<a href=\"http:\/\/polititzacionsdelmalestar.org\/temes\/memoria\/?lang=es\">Memoria <\/a> y<a href=\"http:\/\/polititzacionsdelmalestar.org\/temes\/processos-collaboratius\/?lang=es\"> Procesos colaborativos<\/a><\/p>\n","protected":false},"author":6,"featured_media":5041,"comment_status":"closed","ping_status":"closed","sticky":false,"template":"","format":"standard","meta":{"footnotes":""},"categories":[145,135,158,123,164],"tags":[],"class_list":["post-5040","post","type-post","status-publish","format-standard","has-post-thumbnail","hentry","category-espai-public-es","category-memoria-es","category-processos-collaboratius-es","category-proyectos","category-virginia-garcia-del-pino-es"],"_links":{"self":[{"href":"https:\/\/polititzacionsdelmalestar.org\/es\/wp-json\/wp\/v2\/posts\/5040","targetHints":{"allow":["GET"]}}],"collection":[{"href":"https:\/\/polititzacionsdelmalestar.org\/es\/wp-json\/wp\/v2\/posts"}],"about":[{"href":"https:\/\/polititzacionsdelmalestar.org\/es\/wp-json\/wp\/v2\/types\/post"}],"author":[{"embeddable":true,"href":"https:\/\/polititzacionsdelmalestar.org\/es\/wp-json\/wp\/v2\/users\/6"}],"replies":[{"embeddable":true,"href":"https:\/\/polititzacionsdelmalestar.org\/es\/wp-json\/wp\/v2\/comments?post=5040"}],"version-history":[{"count":11,"href":"https:\/\/polititzacionsdelmalestar.org\/es\/wp-json\/wp\/v2\/posts\/5040\/revisions"}],"predecessor-version":[{"id":8995,"href":"https:\/\/polititzacionsdelmalestar.org\/es\/wp-json\/wp\/v2\/posts\/5040\/revisions\/8995"}],"wp:featuredmedia":[{"embeddable":true,"href":"https:\/\/polititzacionsdelmalestar.org\/es\/wp-json\/wp\/v2\/media\/5041"}],"wp:attachment":[{"href":"https:\/\/polititzacionsdelmalestar.org\/es\/wp-json\/wp\/v2\/media?parent=5040"}],"wp:term":[{"taxonomy":"category","embeddable":true,"href":"https:\/\/polititzacionsdelmalestar.org\/es\/wp-json\/wp\/v2\/categories?post=5040"},{"taxonomy":"post_tag","embeddable":true,"href":"https:\/\/polititzacionsdelmalestar.org\/es\/wp-json\/wp\/v2\/tags?post=5040"}],"curies":[{"name":"wp","href":"https:\/\/api.w.org\/{rel}","templated":true}]}}