


{"id":4999,"date":"2018-01-24T14:54:08","date_gmt":"2018-01-24T14:54:08","guid":{"rendered":"https:\/\/polititzacionsdelmalestar.org\/2018\/01\/24\/julia-montilla\/"},"modified":"2018-02-19T16:11:26","modified_gmt":"2018-02-19T16:11:26","slug":"julia-montilla","status":"publish","type":"post","link":"https:\/\/polititzacionsdelmalestar.org\/es\/julia-montilla\/","title":{"rendered":"Montilla, Julia"},"content":{"rendered":"<div id=\"pl-4999\"  class=\"panel-layout\" ><div id=\"pg-4999-0\"  class=\"panel-grid panel-no-style\" ><div id=\"pgc-4999-0-0\"  class=\"panel-grid-cell\" ><div id=\"panel-4999-0-0-0\" class=\"so-panel widget widget_sow-editor panel-first-child panel-last-child\" data-index=\"0\" ><div\n\t\t\t\n\t\t\tclass=\"so-widget-sow-editor so-widget-sow-editor-base\"\n\t\t\t\n\t\t><h3 class=\"widget-title\">Julia Montilla<\/h3>\n<div class=\"siteorigin-widget-tinymce textwidget\">\n\t<\/div>\n<\/div><\/div><\/div><\/div><div id=\"pg-4999-1\"  class=\"panel-grid panel-no-style\" ><div id=\"pgc-4999-1-0\"  class=\"panel-grid-cell\" ><div id=\"panel-4999-1-0-0\" class=\"so-panel widget widget_sow-editor panel-first-child\" data-index=\"1\" ><div\n\t\t\t\n\t\t\tclass=\"so-widget-sow-editor so-widget-sow-editor-base\"\n\t\t\t\n\t\t>\n<div class=\"siteorigin-widget-tinymce textwidget\">\n\t<p><img loading=\"lazy\" decoding=\"async\" class=\"foto_completa\" src=\"https:\/\/polititzacionsdelmalestar.org\/wp-content\/uploads\/2018\/01\/01-IMG_0491.jpg\" alt=\"Say yes!\" width=\"1000\" height=\"667\" \/><\/p>\n<p><em>Tabletas vac\u00edas de psicof\u00e1rmacos consumidos en el Centro de D\u00eda Romareda 180 x 120 cm.<\/em><\/p>\n<p>\u00a0<\/p>\n<h5><a href=\"https:\/\/polititzacionsdelmalestar.org\/say-yes\/?lang=es\/\">\"Say yes!\"<\/a><\/h5>\n<p>2010<br \/> <a href=\"https:\/\/polititzacionsdelmalestar.org\/temes\/cos\/?lang=es\">Cuerpo<\/a>,\u00a0<a href=\"https:\/\/polititzacionsdelmalestar.org\/temes\/malestar\/?lang=es\">Malestar <\/a>y <a href=\"https:\/\/polititzacionsdelmalestar.org\/temes\/medicalitzacio\/?lang=es\">Medicalizaci\u00f3n<\/a><\/p>\n<\/div>\n<\/div><\/div><div id=\"panel-4999-1-0-1\" class=\"so-panel widget widget_sow-editor panel-last-child\" data-index=\"2\" ><div\n\t\t\t\n\t\t\tclass=\"so-widget-sow-editor so-widget-sow-editor-base\"\n\t\t\t\n\t\t>\n<div class=\"siteorigin-widget-tinymce textwidget\">\n\t<p>La revisi\u00f3n de la historia, la elaboraci\u00f3n del relato de los hechos, el conflicto entre las narraciones leg\u00edtimas y las heterodoxas, su incorporaci\u00f3n en los medios de comunicaci\u00f3n de masas, la utilizaci\u00f3n de lo espectacular y la actualizaci\u00f3n del imaginario colectivo son algunos de los aspectos que abordo.<\/p>\n<p>Los saberes y discursos presentes en la construcci\u00f3n de tales im\u00e1genes me han llevado \u00faltimamente ha preguntarme por los usos de categor\u00edas como lo normal y lo patol\u00f3gico, a trav\u00e9s de las ciencias m\u00e9dicas, en concreto la psiquiatr\u00eda y la psicolog\u00eda; y por el proceso de medicalizaci\u00f3n de lo cotidiano.<\/p>\n<p>Mi trabajo est\u00e1 conformado por la densa familia de medios de expresi\u00f3n que se hayan interrelacionados en el seno de la cultura de masas, desde el v\u00eddeo a la fotograf\u00eda pasando por las instalaciones o las publicaciones. En el enfoque metodol\u00f3gico que utilizo para abordar las producciones se cruzan la semiolog\u00eda, la historia del arte o la antropolog\u00eda, puesto que creo que un punto de vista unidisciplinar no puede dar cuenta de la complejidad social.<\/p>\n<p><a href=\"http:\/\/www.juliamontilla.com\" target=\"_blank\" rel=\"noopener\">Web oficial Julia Montilla<\/a><\/p>\n<\/div>\n<\/div><\/div><\/div><div id=\"pgc-4999-1-1\"  class=\"panel-grid-cell\" ><div id=\"panel-4999-1-1-0\" class=\"so-panel widget widget_sow-editor panel-first-child panel-last-child\" data-index=\"3\" ><div\n\t\t\t\n\t\t\tclass=\"so-widget-sow-editor so-widget-sow-editor-base\"\n\t\t\t\n\t\t>\n<div class=\"siteorigin-widget-tinymce textwidget\">\n\t<p><strong>Nota<\/strong><br \/>\nEsta es una selecci\u00f3n de las obras de la autora que se enmarcan en los conceptos de Politizaciones del malestar.<\/p>\n<h4>\u00a0<\/h4>\n<p><strong>Otros proyectos<\/strong><\/p>\n<p><a href=\"http:\/\/www.juliamontilla.com\/work\/un-mundo-basado-en-la\/\" target=\"_blank\" rel=\"noopener\">Un mundo basado en la evidencia. 2012<\/a><\/p>\n<\/div>\n<\/div><\/div><\/div><\/div><\/div>","protected":false},"excerpt":{"rendered":"<h5><a href=\"http:\/\/polititzacionsdelmalestar.org\/2018\/01\/24\/julia-montilla\/?lang=es\"><strong>Julia Montilla<\/strong><\/a><\/h5>\n<li><a href=\"http:\/\/polititzacionsdelmalestar.org\/2018\/01\/25\/say-yes\/?lang=es\">Say yes!\u00a0<\/a>, 2010<\/li>\n","protected":false},"author":6,"featured_media":0,"comment_status":"closed","ping_status":"open","sticky":false,"template":"","format":"standard","meta":{"footnotes":""},"categories":[82],"tags":[],"class_list":["post-4999","post","type-post","status-publish","format-standard","hentry","category-autores"],"_links":{"self":[{"href":"https:\/\/polititzacionsdelmalestar.org\/es\/wp-json\/wp\/v2\/posts\/4999","targetHints":{"allow":["GET"]}}],"collection":[{"href":"https:\/\/polititzacionsdelmalestar.org\/es\/wp-json\/wp\/v2\/posts"}],"about":[{"href":"https:\/\/polititzacionsdelmalestar.org\/es\/wp-json\/wp\/v2\/types\/post"}],"author":[{"embeddable":true,"href":"https:\/\/polititzacionsdelmalestar.org\/es\/wp-json\/wp\/v2\/users\/6"}],"replies":[{"embeddable":true,"href":"https:\/\/polititzacionsdelmalestar.org\/es\/wp-json\/wp\/v2\/comments?post=4999"}],"version-history":[{"count":10,"href":"https:\/\/polititzacionsdelmalestar.org\/es\/wp-json\/wp\/v2\/posts\/4999\/revisions"}],"predecessor-version":[{"id":8559,"href":"https:\/\/polititzacionsdelmalestar.org\/es\/wp-json\/wp\/v2\/posts\/4999\/revisions\/8559"}],"wp:attachment":[{"href":"https:\/\/polititzacionsdelmalestar.org\/es\/wp-json\/wp\/v2\/media?parent=4999"}],"wp:term":[{"taxonomy":"category","embeddable":true,"href":"https:\/\/polititzacionsdelmalestar.org\/es\/wp-json\/wp\/v2\/categories?post=4999"},{"taxonomy":"post_tag","embeddable":true,"href":"https:\/\/polititzacionsdelmalestar.org\/es\/wp-json\/wp\/v2\/tags?post=4999"}],"curies":[{"name":"wp","href":"https:\/\/api.w.org\/{rel}","templated":true}]}}