


{"id":4977,"date":"2018-01-24T14:03:04","date_gmt":"2018-01-24T14:03:04","guid":{"rendered":"https:\/\/polititzacionsdelmalestar.org\/2018\/01\/24\/rufino-mesa\/"},"modified":"2018-02-08T17:55:50","modified_gmt":"2018-02-08T17:55:50","slug":"rufino-mesa","status":"publish","type":"post","link":"https:\/\/polititzacionsdelmalestar.org\/es\/rufino-mesa\/","title":{"rendered":"Mesa, Rufino"},"content":{"rendered":"<div id=\"pl-4977\"  class=\"panel-layout\" ><div id=\"pg-4977-0\"  class=\"panel-grid panel-no-style\" ><div id=\"pgc-4977-0-0\"  class=\"panel-grid-cell\" ><div id=\"panel-4977-0-0-0\" class=\"so-panel widget widget_sow-editor panel-first-child panel-last-child\" data-index=\"0\" ><div\n\t\t\t\n\t\t\tclass=\"so-widget-sow-editor so-widget-sow-editor-base\"\n\t\t\t\n\t\t><h3 class=\"widget-title\">Rufino Mesa<\/h3>\n<div class=\"siteorigin-widget-tinymce textwidget\">\n\t<\/div>\n<\/div><\/div><\/div><\/div><div id=\"pg-4977-1\"  class=\"panel-grid panel-no-style\" ><div id=\"pgc-4977-1-0\"  class=\"panel-grid-cell\" ><div id=\"panel-4977-1-0-0\" class=\"so-panel widget widget_sow-editor panel-first-child\" data-index=\"1\" ><div\n\t\t\t\n\t\t\tclass=\"so-widget-sow-editor so-widget-sow-editor-base\"\n\t\t\t\n\t\t>\n<div class=\"siteorigin-widget-tinymce textwidget\">\n\t<p><img loading=\"lazy\" decoding=\"async\" class=\"foto_completa\" src=\"https:\/\/polititzacionsdelmalestar.org\/wp-content\/uploads\/2018\/01\/familia2.jpg\" alt=\"Proc\u00e9s de construccio de La Fam\u00edlia\" width=\"1000\" height=\"667\" \/><\/p>\n<p><em>Proceso de construcci\u00f3n de La familia.<\/em><\/p>\n<p>\u00a0<\/p>\n<h5><a href=\"https:\/\/polititzacionsdelmalestar.org\/la-familia\/?lang=es\">La familia<\/a><\/h5>\n<p>2017<br \/> <a href=\"https:\/\/polititzacionsdelmalestar.org\/temes\/cura\/?lang=es\">Cuidado<\/a>, <a href=\"https:\/\/polititzacionsdelmalestar.org\/temes\/espai-public\/?lang=es\">Espacio p\u00fablico<\/a>, <a href=\"https:\/\/polititzacionsdelmalestar.org\/temes\/memoria\/?lang=es\">Memoria <\/a>y <a href=\"https:\/\/polititzacionsdelmalestar.org\/temes\/privacitat\/?lang=es\">Privacidad<\/a><\/p>\n<\/div>\n<\/div><\/div><div id=\"panel-4977-1-0-1\" class=\"so-panel widget widget_sow-editor panel-last-child\" data-index=\"2\" ><div\n\t\t\t\n\t\t\tclass=\"so-widget-sow-editor so-widget-sow-editor-base\"\n\t\t\t\n\t\t>\n<div class=\"siteorigin-widget-tinymce textwidget\">\n\t<p>Naci\u00f3 en el Valle de Santa Ana (Badajoz) el 13 de febrero de 1948. Escultor, profesor de fotograf\u00eda, dibujante y escritor.<\/p>\n<p>Es Licenciado en Bellas artes por la Universitat de Barcelona (1976); tambi\u00e9n realiza estudios de Historia del Arte en la Facultad de Geograf\u00eda e Historia, y cine y televisi\u00f3n en el Instituto del Teatro de la misma ciudad. El 2006 obtiene el doctorado con <em>cum laude<\/em> por la Universitat de Barcelona.<\/p>\n<p>Su trayectoria empieza con su primera exposici\u00f3n en 1979 y contin\u00faa con innumerables intervenciones en el espacio p\u00fablico, instalaciones y escultura perform\u00e1tica.<\/p>\n<p><a href=\"http:\/\/lacomella.org\/es\/rufino\/rufino.html\" target=\"_blank\" rel=\"noopener\">Web oficial Rufino Mesa<\/a><\/p>\n<\/div>\n<\/div><\/div><\/div><div id=\"pgc-4977-1-1\"  class=\"panel-grid-cell\" ><div id=\"panel-4977-1-1-0\" class=\"so-panel widget widget_sow-editor panel-first-child panel-last-child\" data-index=\"3\" ><div\n\t\t\t\n\t\t\tclass=\"so-widget-sow-editor so-widget-sow-editor-base\"\n\t\t\t\n\t\t>\n<div class=\"siteorigin-widget-tinymce textwidget\">\n\t<p><strong>Nota<\/strong><br \/>Esta es una selecci\u00f3n de las obras del autor que se enmarcan en los conceptos de Politizaciones del malestar.<\/p>\n<h4>\u00a0<\/h4>\n<p><strong>Otros proyectos<\/strong><\/p>\n<p>Aliento y aullidos<\/p>\n<a id=\"69f0c788e5b19\" rel=\"wp-video-lightbox\" href=\"https:\/\/www.youtube.com\/watch?v=nHfzoPJ9MBQ&#038;width=800&#038;height=600\" title=\"\"><img decoding=\"async\" src=\"https:\/\/polititzacionsdelmalestar.org\/wp-content\/uploads\/2018\/01\/aliento-aullidos2.jpg\" class=\"video_lightbox_anchor_image\" alt=\"Aliento y aullidos\" \/><\/a>    <script>\r\n    \/* <![CDATA[ *\/\r\n    jQuery(document).ready(function($){\r\n        $(function(){\r\n            var width = $(window).innerWidth();\r\n            var setwidth = parseFloat(800);\r\n            var ratio = parseFloat(0.75);\r\n            var height = parseFloat(600);\r\n            var link = 'https:\/\/www.youtube.com\/watch?v=nHfzoPJ9MBQ&amp;width=800&amp;height=600';\r\n            if(width < setwidth)\r\n            {\r\n                height = Math.floor(width * 0.75);\r\n                \/\/console.log(\"device width \"+width+\", set width \"+800+\", ratio \"+0.75+\", new height \"+ height);\r\n                var new_url = wpvl_paramReplace('width', link, width);\r\n                var new_url = wpvl_paramReplace('height', new_url, height);\r\n                $(\"a#69f0c788e5b19\").attr('href', new_url);\r\n                \/\/console.log(new_url);\r\n            }\r\n        });\r\n    });\r\n    \/* ]]> *\/\r\n    <\/script>\n<p>\u00a0<\/p>\n<p>Cantan las piedras<\/p>\n<a id=\"69f0c788e5b60\" rel=\"wp-video-lightbox\" href=\"https:\/\/www.youtube.com\/watch?v=OSISf6Yriv0&#038;width=800&#038;height=600\" title=\"\"><img decoding=\"async\" src=\"https:\/\/polititzacionsdelmalestar.org\/wp-content\/uploads\/2018\/01\/cantan-las-piedras2.jpg\" class=\"video_lightbox_anchor_image\" alt=\"Cantan las piedras\" \/><\/a>    <script>\r\n    \/* <![CDATA[ *\/\r\n    jQuery(document).ready(function($){\r\n        $(function(){\r\n            var width = $(window).innerWidth();\r\n            var setwidth = parseFloat(800);\r\n            var ratio = parseFloat(0.75);\r\n            var height = parseFloat(600);\r\n            var link = 'https:\/\/www.youtube.com\/watch?v=OSISf6Yriv0&amp;width=800&amp;height=600';\r\n            if(width < setwidth)\r\n            {\r\n                height = Math.floor(width * 0.75);\r\n                \/\/console.log(\"device width \"+width+\", set width \"+800+\", ratio \"+0.75+\", new height \"+ height);\r\n                var new_url = wpvl_paramReplace('width', link, width);\r\n                var new_url = wpvl_paramReplace('height', new_url, height);\r\n                $(\"a#69f0c788e5b60\").attr('href', new_url);\r\n                \/\/console.log(new_url);\r\n            }\r\n        });\r\n    });\r\n    \/* ]]> *\/\r\n    <\/script>\n<p>\u00a0<\/p>\n<p>El beso<\/p>\n<a id=\"69f0c788e5ba1\" rel=\"wp-video-lightbox\" href=\"https:\/\/www.youtube.com\/watch?v=pA8lZmo2TT8&#038;width=800&#038;height=600\" title=\"\"><img decoding=\"async\" src=\"https:\/\/polititzacionsdelmalestar.org\/wp-content\/uploads\/2018\/01\/el-beso.jpg\" class=\"video_lightbox_anchor_image\" alt=\"El beso\" \/><\/a>    <script>\r\n    \/* <![CDATA[ *\/\r\n    jQuery(document).ready(function($){\r\n        $(function(){\r\n            var width = $(window).innerWidth();\r\n            var setwidth = parseFloat(800);\r\n            var ratio = parseFloat(0.75);\r\n            var height = parseFloat(600);\r\n            var link = 'https:\/\/www.youtube.com\/watch?v=pA8lZmo2TT8&amp;width=800&amp;height=600';\r\n            if(width < setwidth)\r\n            {\r\n                height = Math.floor(width * 0.75);\r\n                \/\/console.log(\"device width \"+width+\", set width \"+800+\", ratio \"+0.75+\", new height \"+ height);\r\n                var new_url = wpvl_paramReplace('width', link, width);\r\n                var new_url = wpvl_paramReplace('height', new_url, height);\r\n                $(\"a#69f0c788e5ba1\").attr('href', new_url);\r\n                \/\/console.log(new_url);\r\n            }\r\n        });\r\n    });\r\n    \/* ]]> *\/\r\n    <\/script>\n<p>\u00a0<\/p>\n<p><em>Femella en proc\u00e9s de reproducci\u00f3<\/em><\/p>\n<a id=\"69f0c788e5be1\" rel=\"wp-video-lightbox\" href=\"https:\/\/www.youtube.com\/watch?v=YFsdW_pEQ-4&#038;width=800&#038;height=600\" title=\"\"><img decoding=\"async\" src=\"https:\/\/polititzacionsdelmalestar.org\/wp-content\/uploads\/2018\/01\/famella-reproduccio.jpg\" class=\"video_lightbox_anchor_image\" alt=\"Femella en proc\u00e9s de reproducci\u00f3\" \/><\/a>    <script>\r\n    \/* <![CDATA[ *\/\r\n    jQuery(document).ready(function($){\r\n        $(function(){\r\n            var width = $(window).innerWidth();\r\n            var setwidth = parseFloat(800);\r\n            var ratio = parseFloat(0.75);\r\n            var height = parseFloat(600);\r\n            var link = 'https:\/\/www.youtube.com\/watch?v=YFsdW_pEQ-4&amp;width=800&amp;height=600';\r\n            if(width < setwidth)\r\n            {\r\n                height = Math.floor(width * 0.75);\r\n                \/\/console.log(\"device width \"+width+\", set width \"+800+\", ratio \"+0.75+\", new height \"+ height);\r\n                var new_url = wpvl_paramReplace('width', link, width);\r\n                var new_url = wpvl_paramReplace('height', new_url, height);\r\n                $(\"a#69f0c788e5be1\").attr('href', new_url);\r\n                \/\/console.log(new_url);\r\n            }\r\n        });\r\n    });\r\n    \/* ]]> *\/\r\n    <\/script>\n<\/div>\n<\/div><\/div><\/div><\/div><\/div>","protected":false},"excerpt":{"rendered":"<p><a href=\"http:\/\/polititzacionsdelmalestar.org\/2018\/01\/24\/rufino-mesa\/?lang=es\"><strong>Rufino Mesa<\/strong><\/a><\/p>\n<li><a href=\"http:\/\/polititzacionsdelmalestar.org\/2018\/01\/25\/la-familia\/?lang=es\">La fam\u00edlia<\/a>, 2017<\/li>\n","protected":false},"author":6,"featured_media":0,"comment_status":"closed","ping_status":"open","sticky":false,"template":"","format":"standard","meta":{"footnotes":""},"categories":[82],"tags":[],"class_list":["post-4977","post","type-post","status-publish","format-standard","hentry","category-autores"],"_links":{"self":[{"href":"https:\/\/polititzacionsdelmalestar.org\/es\/wp-json\/wp\/v2\/posts\/4977","targetHints":{"allow":["GET"]}}],"collection":[{"href":"https:\/\/polititzacionsdelmalestar.org\/es\/wp-json\/wp\/v2\/posts"}],"about":[{"href":"https:\/\/polititzacionsdelmalestar.org\/es\/wp-json\/wp\/v2\/types\/post"}],"author":[{"embeddable":true,"href":"https:\/\/polititzacionsdelmalestar.org\/es\/wp-json\/wp\/v2\/users\/6"}],"replies":[{"embeddable":true,"href":"https:\/\/polititzacionsdelmalestar.org\/es\/wp-json\/wp\/v2\/comments?post=4977"}],"version-history":[{"count":11,"href":"https:\/\/polititzacionsdelmalestar.org\/es\/wp-json\/wp\/v2\/posts\/4977\/revisions"}],"predecessor-version":[{"id":7940,"href":"https:\/\/polititzacionsdelmalestar.org\/es\/wp-json\/wp\/v2\/posts\/4977\/revisions\/7940"}],"wp:attachment":[{"href":"https:\/\/polititzacionsdelmalestar.org\/es\/wp-json\/wp\/v2\/media?parent=4977"}],"wp:term":[{"taxonomy":"category","embeddable":true,"href":"https:\/\/polititzacionsdelmalestar.org\/es\/wp-json\/wp\/v2\/categories?post=4977"},{"taxonomy":"post_tag","embeddable":true,"href":"https:\/\/polititzacionsdelmalestar.org\/es\/wp-json\/wp\/v2\/tags?post=4977"}],"curies":[{"name":"wp","href":"https:\/\/api.w.org\/{rel}","templated":true}]}}