


{"id":4963,"date":"2018-01-23T18:03:26","date_gmt":"2018-01-23T18:03:26","guid":{"rendered":"https:\/\/polititzacionsdelmalestar.org\/2018\/01\/23\/diego-marchante\/"},"modified":"2018-02-07T18:18:46","modified_gmt":"2018-02-07T18:18:46","slug":"diego-marchante","status":"publish","type":"post","link":"https:\/\/polititzacionsdelmalestar.org\/es\/diego-marchante\/","title":{"rendered":"Marchante, Diego"},"content":{"rendered":"<div id=\"pl-4963\"  class=\"panel-layout\" ><div id=\"pg-4963-0\"  class=\"panel-grid panel-no-style\" ><div id=\"pgc-4963-0-0\"  class=\"panel-grid-cell\" ><div id=\"panel-4963-0-0-0\" class=\"so-panel widget widget_sow-editor panel-first-child panel-last-child\" data-index=\"0\" ><div\n\t\t\t\n\t\t\tclass=\"so-widget-sow-editor so-widget-sow-editor-base\"\n\t\t\t\n\t\t><h3 class=\"widget-title\">Diego Marchante <\/h3>\n<div class=\"siteorigin-widget-tinymce textwidget\">\n\t<\/div>\n<\/div><\/div><\/div><\/div><div id=\"pg-4963-1\"  class=\"panel-grid panel-no-style\" ><div id=\"pgc-4963-1-0\"  class=\"panel-grid-cell\" ><div id=\"panel-4963-1-0-0\" class=\"so-panel widget widget_sow-editor panel-first-child\" data-index=\"1\" ><div\n\t\t\t\n\t\t\tclass=\"so-widget-sow-editor so-widget-sow-editor-base\"\n\t\t\t\n\t\t>\n<div class=\"siteorigin-widget-tinymce textwidget\">\n\t<p><img loading=\"lazy\" decoding=\"async\" class=\"foto_completa\" src=\"https:\/\/polititzacionsdelmalestar.org\/wp-content\/uploads\/2018\/01\/01-Batman-fotomato%CC%81n.jpg\" alt=\"Proyecto Batman. Batman fotomato\u0301n\" width=\"1000\" height=\"667\" \/><\/p>\n<p><em>Proyecto Batman. Batman fotomato\u0301n.<\/em><\/p>\n<p>\u00a0<\/p>\n<h5><a href=\"https:\/\/polititzacionsdelmalestar.org\/2018\/01\/25\/proyecto-batman\/?lang=es\">Proyecto Batman<\/a><\/h5>\n<p>2007<br \/> <a href=\"https:\/\/polititzacionsdelmalestar.org\/temes\/cos\/?lang=es\">Cuerpo<\/a>, <a href=\"https:\/\/polititzacionsdelmalestar.org\/temes\/espai-public\/?lang=es\">Espacio p\u00fablico<\/a>, <a href=\"https:\/\/polititzacionsdelmalestar.org\/temes\/genere\/?lang=es\">G\u00e9nero<\/a>, <a href=\"https:\/\/polititzacionsdelmalestar.org\/temes\/identitat\/?lang=es\">Identidad<\/a>, <a href=\"https:\/\/polititzacionsdelmalestar.org\/temes\/performance\/?lang=es\">Performance<\/a> y <a href=\"https:\/\/polititzacionsdelmalestar.org\/temes\/politica\/?lang=es\">Pol\u00edtica<\/a><\/p>\n<\/div>\n<\/div><\/div><div id=\"panel-4963-1-0-1\" class=\"so-panel widget widget_sow-editor panel-last-child\" data-index=\"2\" ><div\n\t\t\t\n\t\t\tclass=\"so-widget-sow-editor so-widget-sow-editor-base\"\n\t\t\t\n\t\t>\n<div class=\"siteorigin-widget-tinymce textwidget\">\n\t<p>Diego Marchante \"Genderhacker\" (Pamplona, 1984). Artista transmedia, activista transfeminista, investigador y docente.<\/p>\n<p>Doctor en Bellas Artes por la Universidad de Barcelona, desde 2007 trabaja como profesor en la Facultad de Bellas Artes de la UB, en UNIBA y en la UMH.<\/p>\n<p>En 2008-10 realiza el Master en Producciones Art\u00edsticas e Investigaci\u00f3n en la UB y el Programa de Estudios Independientes PEI en el MACBA, donde desarroll\u00f3 los proyectos colectivos <em>El arte despu\u00e9s de los feminismos,<\/em> 2009 y <em>Peligrosidad Social: Minor\u00edas deseantes, lenguajes y pr\u00e1cticas en los 70-80 en el Estado espa\u00f1ol<\/em>, 2010.<\/p>\n<p>En 2016 finaliza su tesis doctoral <em>Transbutch. Luchas fronterizas de g\u00e9nero entre el arte y la pol\u00edtica<\/em>, un archivo de los movimientos sociales y las pr\u00e1cticas art\u00edsticas que han abordado las cuestiones de g\u00e9nero en el contexto espa\u00f1ol desde una perspectiva queer y transfeminista. Su obra ha sido expuesta en Can Felipa, Caixaforum, Centro de las Artes de Sevilla, Centro Huarte, FAC Peregrina, MNCARS y Sala d'Art Jove.<\/p>\n<\/div>\n<\/div><\/div><\/div><div id=\"pgc-4963-1-1\"  class=\"panel-grid-cell\" ><div id=\"panel-4963-1-1-0\" class=\"so-panel widget widget_sow-editor panel-first-child panel-last-child\" data-index=\"3\" ><div\n\t\t\t\n\t\t\tclass=\"so-widget-sow-editor so-widget-sow-editor-base\"\n\t\t\t\n\t\t>\n<div class=\"siteorigin-widget-tinymce textwidget\">\n\t<p><strong>Nota<\/strong><br \/>Esta es una selecci\u00f3n de las obras del autor que se enmarcan en los conceptos de Politizaciones del malestar. <\/p>\n<h4>\u00a0<\/h4>\n<p><strong>Otros proyectos<\/strong><\/p>\n<p>- <a href=\"http:\/\/genderhacker.net\/?portfolio=marimacho\" target=\"_blank\" rel=\"noopener\"><em>Marimacho<\/em> (2010), [Fotograf\u00eda]<\/a><\/p>\n<p>- <a href=\"http:\/\/genderhacker.net\/?portfolio=d-n-i\" target=\"_blank\" rel=\"noopener\"><em>D.N.I. (Dragking No Identificado)<\/em> (2007). [Fotograf\u00eda]<\/a><\/p>\n<p>- <a href=\"http:\/\/genderhacker.net\/?portfolio=transformers\" target=\"_blank\" rel=\"noopener\"><em>Transformers<\/em> (2010) [V\u00eddeo]<\/a><\/p>\n<p>- <a href=\"http:\/\/archivo-t.net\/\" target=\"_blank\" rel=\"noopener\">Archivo T (2011-2016). [Web]<\/a><\/p>\n<p>- Transbutch. Luchas fronterizas de genero entre el arte y la pol\u00edtica (2016). [Publicaci\u00f3n]\n<\/div>\n<\/div><\/div><\/div><\/div><\/div>","protected":false},"excerpt":{"rendered":"<h5><a href=\"http:\/\/polititzacionsdelmalestar.org\/2018\/01\/23\/diego-marchante\/?lang=es\" >Diego Marchante<\/a><\/h5>\n<li><a href=\"http:\/\/polititzacionsdelmalestar.org\/2018\/01\/25\/proyecto-batman\/?lang=es\" >Proyecto Batman<\/a>, 2007<\/li>\n","protected":false},"author":6,"featured_media":0,"comment_status":"closed","ping_status":"open","sticky":false,"template":"","format":"standard","meta":{"footnotes":""},"categories":[82],"tags":[],"class_list":["post-4963","post","type-post","status-publish","format-standard","hentry","category-autores"],"_links":{"self":[{"href":"https:\/\/polititzacionsdelmalestar.org\/es\/wp-json\/wp\/v2\/posts\/4963","targetHints":{"allow":["GET"]}}],"collection":[{"href":"https:\/\/polititzacionsdelmalestar.org\/es\/wp-json\/wp\/v2\/posts"}],"about":[{"href":"https:\/\/polititzacionsdelmalestar.org\/es\/wp-json\/wp\/v2\/types\/post"}],"author":[{"embeddable":true,"href":"https:\/\/polititzacionsdelmalestar.org\/es\/wp-json\/wp\/v2\/users\/6"}],"replies":[{"embeddable":true,"href":"https:\/\/polititzacionsdelmalestar.org\/es\/wp-json\/wp\/v2\/comments?post=4963"}],"version-history":[{"count":10,"href":"https:\/\/polititzacionsdelmalestar.org\/es\/wp-json\/wp\/v2\/posts\/4963\/revisions"}],"predecessor-version":[{"id":7769,"href":"https:\/\/polititzacionsdelmalestar.org\/es\/wp-json\/wp\/v2\/posts\/4963\/revisions\/7769"}],"wp:attachment":[{"href":"https:\/\/polititzacionsdelmalestar.org\/es\/wp-json\/wp\/v2\/media?parent=4963"}],"wp:term":[{"taxonomy":"category","embeddable":true,"href":"https:\/\/polititzacionsdelmalestar.org\/es\/wp-json\/wp\/v2\/categories?post=4963"},{"taxonomy":"post_tag","embeddable":true,"href":"https:\/\/polititzacionsdelmalestar.org\/es\/wp-json\/wp\/v2\/tags?post=4963"}],"curies":[{"name":"wp","href":"https:\/\/api.w.org\/{rel}","templated":true}]}}