


{"id":4955,"date":"2018-01-24T14:49:46","date_gmt":"2018-01-24T14:49:46","guid":{"rendered":"https:\/\/polititzacionsdelmalestar.org\/2018\/01\/24\/ulla-blanca-lima\/"},"modified":"2018-02-07T11:56:00","modified_gmt":"2018-02-07T11:56:00","slug":"ulla-blanca-lima","status":"publish","type":"post","link":"https:\/\/polititzacionsdelmalestar.org\/es\/ulla-blanca-lima\/","title":{"rendered":"Lima, Ulla Blanca"},"content":{"rendered":"<div id=\"pl-4955\"  class=\"panel-layout\" ><div id=\"pg-4955-0\"  class=\"panel-grid panel-no-style\" ><div id=\"pgc-4955-0-0\"  class=\"panel-grid-cell\" ><div id=\"panel-4955-0-0-0\" class=\"so-panel widget widget_sow-editor panel-first-child panel-last-child\" data-index=\"0\" ><div\n\t\t\t\n\t\t\tclass=\"so-widget-sow-editor so-widget-sow-editor-base\"\n\t\t\t\n\t\t><h3 class=\"widget-title\">Ulla Blanca Lima<\/h3>\n<div class=\"siteorigin-widget-tinymce textwidget\">\n\t<\/div>\n<\/div><\/div><\/div><\/div><div id=\"pg-4955-1\"  class=\"panel-grid panel-no-style\" ><div id=\"pgc-4955-1-0\"  class=\"panel-grid-cell\" ><div id=\"panel-4955-1-0-0\" class=\"so-panel widget widget_sow-editor panel-first-child\" data-index=\"1\" ><div\n\t\t\t\n\t\t\tclass=\"so-widget-sow-editor so-widget-sow-editor-base\"\n\t\t\t\n\t\t>\n<div class=\"siteorigin-widget-tinymce textwidget\">\n\t<p><img loading=\"lazy\" decoding=\"async\" class=\"foto_completa\" src=\"https:\/\/polititzacionsdelmalestar.org\/wp-content\/uploads\/2018\/01\/01-imatge-1-1.jpg\" alt=\"Imatge d\u2019Antikeres, dins el projecte Trilogia de la Privadesa\" width=\"1000\" height=\"667\" \/><\/p>\n<p><em>Imagen del cartel de la exposici\u00f3n de Can Many\u00e8, 2017.<\/em><\/p>\n<p>\u00a0<\/p>\n<h5><a href=\"https:\/\/polititzacionsdelmalestar.org\/2018\/01\/26\/optimitzacio-combinatoria\/?lang=es\">Optimizaci\u00f3n combinatoria<\/a><\/h5>\n<p>2016 - 2017<br \/><a href=\"https:\/\/polititzacionsdelmalestar.org\/temes\/cos\/?lang=es\">Cuerpo<\/a>, <a href=\"https:\/\/polititzacionsdelmalestar.org\/temes\/cura\/?lang=es\">Cuidado<\/a>, <a href=\"https:\/\/polititzacionsdelmalestar.org\/temes\/memoria\/?lang=es\">Memoria<\/a>, <a href=\"https:\/\/polititzacionsdelmalestar.org\/temes\/medicalitzacio\/?lang=es\">Medicalizaci\u00f3n <\/a>y <a href=\"https:\/\/polititzacionsdelmalestar.org\/temes\/processos-collaboratius\/?lang=es\">Procesos colaborativos<\/a><\/p>\n<p>Con\u00a0<a href=\"https:\/\/polititzacionsdelmalestar.org\/2018\/01\/09\/nora-arcarola\/\"><strong>Nora Ancarola<\/strong><\/a><\/p>\n<\/div>\n<\/div><\/div><div id=\"panel-4955-1-0-1\" class=\"so-panel widget widget_sow-editor panel-last-child\" data-index=\"2\" ><div\n\t\t\t\n\t\t\tclass=\"so-widget-sow-editor so-widget-sow-editor-base\"\n\t\t\t\n\t\t>\n<div class=\"siteorigin-widget-tinymce textwidget\">\n\t<p>Nacida en 1978 en Galicia. Estudia dibujo en la Academia pontevedresa Anexo. En 2010 se grad\u00faa como T\u00e9cnica Superior de Artes aplicadas al Muro, en la Escuela de Arte y Dise\u00f1o Llotja de Barcelona. En 2008 recibe la beca de la Fundaci\u00f3n Fel\u00edcia Fuster a la creaci\u00f3n de artes pl\u00e1sticas, Barcelona. Desde 2001 expone regularmente en galer\u00edas y centros de arte.<\/p>\n<\/div>\n<\/div><\/div><\/div><div id=\"pgc-4955-1-1\"  class=\"panel-grid-cell\" ><div id=\"panel-4955-1-1-0\" class=\"so-panel widget widget_sow-editor panel-first-child panel-last-child\" data-index=\"3\" ><div\n\t\t\t\n\t\t\tclass=\"so-widget-sow-editor so-widget-sow-editor-base\"\n\t\t\t\n\t\t>\n<div class=\"siteorigin-widget-tinymce textwidget\">\n\t<p><strong>Nota<\/strong><br \/>Esta es una selecci\u00f3n de las obras de la autora que se enmarcan en los conceptos de Politizaciones del malestar.<strong><br \/> <\/strong><\/p>\n<\/div>\n<\/div><\/div><\/div><\/div><\/div>","protected":false},"excerpt":{"rendered":"<h5><a href=\"http:\/\/polititzacionsdelmalestar.org\/2018\/01\/24\/ulla-blanca-lima\/?lang=es\" >Ulla Blanca Lima<\/a><\/h5>\n<li><a href=\"http:\/\/polititzacionsdelmalestar.org\/2018\/01\/26\/optimitzacio-combinatoria\/?lang=es\/\" >Optimitzaci\u00f3 combinat\u00f2ria<\/a>, 2006<\/li>\n","protected":false},"author":6,"featured_media":0,"comment_status":"closed","ping_status":"open","sticky":false,"template":"","format":"standard","meta":{"footnotes":""},"categories":[82],"tags":[],"class_list":["post-4955","post","type-post","status-publish","format-standard","hentry","category-autores"],"_links":{"self":[{"href":"https:\/\/polititzacionsdelmalestar.org\/es\/wp-json\/wp\/v2\/posts\/4955","targetHints":{"allow":["GET"]}}],"collection":[{"href":"https:\/\/polititzacionsdelmalestar.org\/es\/wp-json\/wp\/v2\/posts"}],"about":[{"href":"https:\/\/polititzacionsdelmalestar.org\/es\/wp-json\/wp\/v2\/types\/post"}],"author":[{"embeddable":true,"href":"https:\/\/polititzacionsdelmalestar.org\/es\/wp-json\/wp\/v2\/users\/6"}],"replies":[{"embeddable":true,"href":"https:\/\/polititzacionsdelmalestar.org\/es\/wp-json\/wp\/v2\/comments?post=4955"}],"version-history":[{"count":10,"href":"https:\/\/polititzacionsdelmalestar.org\/es\/wp-json\/wp\/v2\/posts\/4955\/revisions"}],"predecessor-version":[{"id":7562,"href":"https:\/\/polititzacionsdelmalestar.org\/es\/wp-json\/wp\/v2\/posts\/4955\/revisions\/7562"}],"wp:attachment":[{"href":"https:\/\/polititzacionsdelmalestar.org\/es\/wp-json\/wp\/v2\/media?parent=4955"}],"wp:term":[{"taxonomy":"category","embeddable":true,"href":"https:\/\/polititzacionsdelmalestar.org\/es\/wp-json\/wp\/v2\/categories?post=4955"},{"taxonomy":"post_tag","embeddable":true,"href":"https:\/\/polititzacionsdelmalestar.org\/es\/wp-json\/wp\/v2\/tags?post=4955"}],"curies":[{"name":"wp","href":"https:\/\/api.w.org\/{rel}","templated":true}]}}