


{"id":4904,"date":"2018-01-23T16:39:03","date_gmt":"2018-01-23T16:39:03","guid":{"rendered":"https:\/\/polititzacionsdelmalestar.org\/2018\/01\/23\/albert-gusi\/"},"modified":"2018-02-07T18:17:29","modified_gmt":"2018-02-07T18:17:29","slug":"albert-gusi","status":"publish","type":"post","link":"https:\/\/polititzacionsdelmalestar.org\/es\/albert-gusi\/","title":{"rendered":"Gusi, Albert"},"content":{"rendered":"<div id=\"pl-4904\"  class=\"panel-layout\" ><div id=\"pg-4904-0\"  class=\"panel-grid panel-no-style\" ><div id=\"pgc-4904-0-0\"  class=\"panel-grid-cell\" ><div id=\"panel-4904-0-0-0\" class=\"so-panel widget widget_sow-editor panel-first-child panel-last-child\" data-index=\"0\" ><div\n\t\t\t\n\t\t\tclass=\"so-widget-sow-editor so-widget-sow-editor-base\"\n\t\t\t\n\t\t><h3 class=\"widget-title\">Albert Gusi<\/h3>\n<div class=\"siteorigin-widget-tinymce textwidget\">\n\t<\/div>\n<\/div><\/div><\/div><\/div><div id=\"pg-4904-1\"  class=\"panel-grid panel-no-style\" ><div id=\"pgc-4904-1-0\"  class=\"panel-grid-cell\" ><div id=\"panel-4904-1-0-0\" class=\"so-panel widget widget_sow-editor panel-first-child\" data-index=\"1\" ><div\n\t\t\t\n\t\t\tclass=\"so-widget-sow-editor so-widget-sow-editor-base\"\n\t\t\t\n\t\t>\n<div class=\"siteorigin-widget-tinymce textwidget\">\n\t<p><img loading=\"lazy\" decoding=\"async\" class=\"foto_completa\" src=\"https:\/\/polititzacionsdelmalestar.org\/wp-content\/uploads\/2018\/01\/01-6.jpg\" alt=\"Avall pel riu Cardener\" width=\"1000\" height=\"667\" \/><\/p>\n<p><em>\"Avall pel riu Cardener\".<\/em><\/p>\n<p>\u00a0<\/p>\n<h5><a href=\"https:\/\/polititzacionsdelmalestar.org\/2018\/01\/23\/avall-riu-cardener\/?lang=es\">\"Avall pel riu Cardener\"<\/a><\/h5>\n<p>2011<br \/><a href=\"https:\/\/polititzacionsdelmalestar.org\/temas\/art-public\/?lang=es\">Arte p\u00fablico<\/a>, <a href=\"https:\/\/polititzacionsdelmalestar.org\/temas\/cos\/?lang=es\">Cuerpo<\/a>, <a href=\"https:\/\/polititzacionsdelmalestar.org\/temas\/espai-public\/?lang=es\">Espaci\u00f3 p\u00fablico<\/a>, <a href=\"https:\/\/polititzacionsdelmalestar.org\/temas\/identitat\/?lang=es\">Identidad<\/a>, <a href=\"https:\/\/polititzacionsdelmalestar.org\/temas\/natura\/?lang=es\">Naturaleza<\/a> y <a href=\"https:\/\/polititzacionsdelmalestar.org\/temas\/processos-collaboratius\/?lang=es\">Procesos colaborativos<\/a><\/p>\n<\/div>\n<\/div><\/div><div id=\"panel-4904-1-0-1\" class=\"so-panel widget widget_sow-editor panel-last-child\" data-index=\"2\" ><div\n\t\t\t\n\t\t\tclass=\"so-widget-sow-editor so-widget-sow-editor-base\"\n\t\t\t\n\t\t>\n<div class=\"siteorigin-widget-tinymce textwidget\">\n\t<p>Castellbisbal, 1970. Artista visual que desarrolla sus proyectos en torno al territorio y la expansi\u00f3n del concepto de paisaje. A trav\u00e9s de gestos y de intervenciones art\u00edsticas ef\u00edmeras \u2013documentada gr\u00e1ficamente\u2013 en lugares escogidos cuidadosamente, el autor propone una mirada l\u00fadica y desinhibida sobre un lugar determinado.<\/p>\n<p>Mediante el uso de la fotograf\u00eda y el video como herramientas para explorar el territorio, Albert Gusi documenta sus acciones con la intenci\u00f3n de que el espectador se cuestione nuevas formas de relaci\u00f3n con el paisaje.<\/p>\n<p>Los proyectos de Albert Gusi introducen de forma habitual un elemento interactivo con el p\u00fablico, haci\u00e9ndolo part\u00edcipe de muchos de sus proyectos.<\/p>\n<\/div>\n<\/div><\/div><\/div><div id=\"pgc-4904-1-1\"  class=\"panel-grid-cell\" ><div id=\"panel-4904-1-1-0\" class=\"so-panel widget widget_sow-editor panel-first-child panel-last-child\" data-index=\"3\" ><div\n\t\t\t\n\t\t\tclass=\"so-widget-sow-editor so-widget-sow-editor-base\"\n\t\t\t\n\t\t>\n<div class=\"siteorigin-widget-tinymce textwidget\">\n\t<p><strong>Nota<\/strong><br \/>\nEsta es una selecci\u00f3n de las obras del autor que se enmarcan en los conceptos de Politizaciones del malestar.<\/p>\n<h4>\u00a0<\/h4>\n<p><strong>Otros proyectos <\/strong><\/p>\n<p><em>- NAA4. <\/em>Una instalaci\u00f3n que gira alrededor del uso indiscriminado de las armas de fuego en la esfera p\u00fablica. Una intervenci\u00f3n que se fjxa en la presencia de francotiradores invisibles en el espacio p\u00fablico.<\/p>\n<p>- <a href=\"https:\/\/www.timeout.cat\/barcelona\/ca\/art\/barcelona-gallery-weekend-2017-albert-gusi\" target=\"_blank\" rel=\"noopener\"><em>NAA4<\/em> en Timeout.cat\u00a0<\/a><\/p>\n<p>- <a href=\"http:\/\/www.barcelonagalleryweekend.com\/exposicions\/albert-gusi\/\" target=\"_blank\" rel=\"noopener\"><em>NAA4<\/em> en Barcelona Gallery Weekend<\/a><\/p>\n<\/div>\n<\/div><\/div><\/div><\/div><\/div>","protected":false},"excerpt":{"rendered":"<h5><a href=\"http:\/\/polititzacionsdelmalestar.org\/2018\/01\/23\/albert-gusi\/\" >Albert Gusi<\/a><\/h5>\n<li><a href=\"http:\/\/polititzacionsdelmalestar.org\/2018\/01\/23\/avall-riu-cardener\/\/\" >Avall pel riu Cardener<\/a>, 2011<\/li>\n","protected":false},"author":6,"featured_media":0,"comment_status":"closed","ping_status":"open","sticky":false,"template":"","format":"standard","meta":{"footnotes":""},"categories":[82],"tags":[],"class_list":["post-4904","post","type-post","status-publish","format-standard","hentry","category-autores"],"_links":{"self":[{"href":"https:\/\/polititzacionsdelmalestar.org\/es\/wp-json\/wp\/v2\/posts\/4904","targetHints":{"allow":["GET"]}}],"collection":[{"href":"https:\/\/polititzacionsdelmalestar.org\/es\/wp-json\/wp\/v2\/posts"}],"about":[{"href":"https:\/\/polititzacionsdelmalestar.org\/es\/wp-json\/wp\/v2\/types\/post"}],"author":[{"embeddable":true,"href":"https:\/\/polititzacionsdelmalestar.org\/es\/wp-json\/wp\/v2\/users\/6"}],"replies":[{"embeddable":true,"href":"https:\/\/polititzacionsdelmalestar.org\/es\/wp-json\/wp\/v2\/comments?post=4904"}],"version-history":[{"count":11,"href":"https:\/\/polititzacionsdelmalestar.org\/es\/wp-json\/wp\/v2\/posts\/4904\/revisions"}],"predecessor-version":[{"id":7768,"href":"https:\/\/polititzacionsdelmalestar.org\/es\/wp-json\/wp\/v2\/posts\/4904\/revisions\/7768"}],"wp:attachment":[{"href":"https:\/\/polititzacionsdelmalestar.org\/es\/wp-json\/wp\/v2\/media?parent=4904"}],"wp:term":[{"taxonomy":"category","embeddable":true,"href":"https:\/\/polititzacionsdelmalestar.org\/es\/wp-json\/wp\/v2\/categories?post=4904"},{"taxonomy":"post_tag","embeddable":true,"href":"https:\/\/polititzacionsdelmalestar.org\/es\/wp-json\/wp\/v2\/tags?post=4904"}],"curies":[{"name":"wp","href":"https:\/\/api.w.org\/{rel}","templated":true}]}}