


{"id":4886,"date":"2018-01-25T14:15:38","date_gmt":"2018-01-25T14:15:38","guid":{"rendered":"https:\/\/polititzacionsdelmalestar.org\/2018\/01\/25\/perfeccionando-muerte\/"},"modified":"2018-02-23T18:41:21","modified_gmt":"2018-02-23T18:41:21","slug":"perfeccionando-muerte","status":"publish","type":"post","link":"https:\/\/polititzacionsdelmalestar.org\/es\/perfeccionando-muerte\/","title":{"rendered":"Perfeccionando muerte"},"content":{"rendered":"<div id=\"pl-4886\"  class=\"panel-layout\" ><div id=\"pg-4886-0\"  class=\"panel-grid panel-no-style\" ><div id=\"pgc-4886-0-0\"  class=\"panel-grid-cell\" ><div id=\"panel-4886-0-0-0\" class=\"so-panel widget widget_virtue_gallery_widget virtue_gallery_widget panel-first-child\" data-index=\"0\" ><h3 class=\"widget-title\">Perfeccionando muerte<\/h3><div id=\"kad-wp-gallery177\" class=\"kad-wp-gallery gallery kt-gallery-column-1 init-isotope-intrinsic reinit-isotope kad-light-wp-gallery clearfix rowtight\" data-fade-in=\"1\" data-iso-selector=\".g_item\" data-iso-style=\"masonry\" data-iso-filter=\"false\"><div class=\"tcol-lg-12 tcol-md-12 tcol-sm-12 tcol-xs-12 tcol-ss-12 g_item\"><div class=\"grid_item kt_item_fade_in kad_gallery_fade_in gallery_item\"><a href=\"https:\/\/polititzacionsdelmalestar.org\/wp-content\/uploads\/2018\/01\/01-pen\u0303afiel_-1.jpg\" data-rel=\"lightbox\" class=\"lightboxhover\"><div class=\"kt-intrinsic\" style=\"padding-bottom:100%;\"><div itemprop=\"image\" itemscope itemtype=\"https:\/\/schema.org\/ImageObject\"><img loading=\"lazy\" decoding=\"async\" width=\"560\" height=\"560\" src=\"https:\/\/polititzacionsdelmalestar.org\/wp-content\/uploads\/2018\/01\/01-pen\u0303afiel_-1-560x560.jpg\" srcset=\"https:\/\/polititzacionsdelmalestar.org\/wp-content\/uploads\/2018\/01\/01-pen\u0303afiel_-1-560x560.jpg 560w, https:\/\/polititzacionsdelmalestar.org\/wp-content\/uploads\/2018\/01\/01-pen\u0303afiel_-1-150x150.jpg 150w\" sizes=\"auto, (max-width: 560px) 100vw, 560px\" data-caption=\"Fotograf\u00edas de Perfeccionando muerte: Adolf Alca\u00f1iz.  Confedrama realizada en el Museo de las carrozas f\u00fanebres de Barcelona.\" class=\"light-dropshaddow\" itemprop=\"contentUrl\" alt=\"\"><meta itemprop=\"url\" content=\"https:\/\/polititzacionsdelmalestar.org\/wp-content\/uploads\/2018\/01\/01-pen\u0303afiel_-1-560x560.jpg\"><meta itemprop=\"width\" content=\"560px\"><meta itemprop=\"height\" content=\"560px\"><\/div><\/div><div class=\"caption kad_caption\"><div class=\"kad_caption_inner\">Fotograf\u00edas de Perfeccionando muerte: Adolf Alca\u00f1iz.  Confedrama realizada en el Museo de las carrozas f\u00fanebres de Barcelona.<\/div><\/div><\/a><\/div><\/div><\/div><\/div><div id=\"panel-4886-0-0-1\" class=\"so-panel widget widget_sow-editor panel-last-child\" data-index=\"1\" ><div\n\t\t\t\n\t\t\tclass=\"so-widget-sow-editor so-widget-sow-editor-base\"\n\t\t\t\n\t\t>\n<div class=\"siteorigin-widget-tinymce textwidget\">\n\t<p>2016<\/p>\n<p><em>Perfeccionando muerte<\/em> consiste en reelaborar determinadas pel\u00edculas que forman parte de nuestra imaginaci\u00f3n colectiva y de las reflexiones personales del artista. A medio camino entre una conferencia y una poes\u00eda performativa, esta presentaci\u00f3n investigar\u00e1 la muerte anunciada del cine, as\u00ed como las relaciones entre cine y arte.<\/p>\n<p>La muerte de Dios, la muerte del autor y el final de la historia nos han dejado inciertas en cuanto a nuestro lugar entre tantos cad\u00e1veres. Esta cultura \"post-\", desde el post-fordismo hasta la post-pol\u00edtica e incluso del postfilm, nace de la necrofilia. Como figura heterodoxa dentro de esta necr\u00f3crata, el artista Javier Pe\u00f1afiel (Zaragoza, 1964) nos propone mejorar nuestra muerte con una invitaci\u00f3n a la antispequisisme, donde el dibujo animado definido por Derrida aparece como la fuerza de la cultura.<\/p>\n<p>Esta propuesta se desarrollar\u00e1 a trav\u00e9s de una conferencia dramatizada en la cual los gestos animalizados ser\u00e1n el coraz\u00f3n de una lectura susurrada de las citas cinematogr\u00e1ficas, sugiriendo pel\u00edculas que han sido olvidadas por los que anuncian la muerte del cine. Ante este cementerio radical, s\u00f3lo podemos exclamar, como el Zaratustra de Nietzsche, \"que los animales nos gu\u00eden\".<\/p>\n<p>\u00a0<\/p>\n<h4>Recorrido del proyecto. \u00bfD\u00f3nde se encuentra la obra?<\/h4>\n<p>La primera presentaci\u00f3n de esta confedrama tuvo lugar en el museo de las carrozas f\u00fanebres del cementerio de Monjuic y fu\u00e9 escrita y grabada desde la idea perfeccionamiento de los contenidos muertos del lugar.<\/p>\n<p>Por otro lado esta confedrama est\u00e1 disponible para usos y reivindicaciones anti especistas.<\/p>\n<\/div>\n<\/div><\/div><\/div><div id=\"pgc-4886-0-1\"  class=\"panel-grid-cell\" ><div id=\"panel-4886-0-1-0\" class=\"so-panel widget widget_sow-editor panel-first-child\" data-index=\"2\" ><div\n\t\t\t\n\t\t\tclass=\"so-widget-sow-editor so-widget-sow-editor-base\"\n\t\t\t\n\t\t>\n<div class=\"siteorigin-widget-tinymce textwidget\">\n\t<h5><a href=\"https:\/\/polititzacionsdelmalestar.org\/2018\/01\/23\/javier-penafiel\/?lang=es\">Javier Pe\u00f1afiel<\/a><\/h5>\n<h4>\u00a0<\/h4>\n<h4>Palabras clave<\/h4>\n<p><a href=\"https:\/\/polititzacionsdelmalestar.org\/temes\/comunicacio\/?lang=es\">Comunicaci\u00f3n<\/a>, <a href=\"https:\/\/polititzacionsdelmalestar.org\/temes\/cos\/?lang=es\">Cuerpo<\/a>, <a href=\"https:\/\/polititzacionsdelmalestar.org\/temes\/malestar\/?lang=es\">Malestar<\/a>, <a href=\"https:\/\/polititzacionsdelmalestar.org\/temes\/memoria\/?lang=es\">Memoria<\/a>, <a href=\"https:\/\/polititzacionsdelmalestar.org\/temes\/performance\/?lang=es\">Performance <\/a>y <a href=\"https:\/\/polititzacionsdelmalestar.org\/temes\/privacitat\/?lang=es\">Privacidad<\/a><\/p>\n<h4>\u00a0<\/h4>\n<h4>Documentos <em>media<\/em><\/h4>\n<p><a href=\"https:\/\/loop-barcelona.com\/activity\/perfeccionando-muerte\/\" target=\"_blank\" rel=\"noopener\">Javier Pe\u00f1afiel. \u2018Perfeccionando muerte\u2019<\/a><\/p>\n<h4>\u00a0<\/h4>\n<h4><div class=\"titol-galeria\">Fotos del proyecto<\/div><\/h4><\/div>\n<\/div><\/div><div id=\"panel-4886-0-1-1\" class=\"so-panel widget widget_virtue_gallery_widget virtue_gallery_widget panel-last-child\" data-index=\"3\" ><div id=\"kad-wp-gallery336\" class=\"kad-wp-gallery gallery kt-gallery-column-1 init-isotope-intrinsic reinit-isotope kad-light-wp-gallery clearfix rowtight\" data-fade-in=\"1\" data-iso-selector=\".g_item\" data-iso-style=\"masonry\" data-iso-filter=\"false\"><div class=\"tcol-lg-12 tcol-md-12 tcol-sm-12 tcol-xs-12 tcol-ss-12 g_item\"><div class=\"grid_item kt_item_fade_in kad_gallery_fade_in gallery_item\"><a href=\"https:\/\/polititzacionsdelmalestar.org\/wp-content\/uploads\/2018\/01\/02-pen\u0303afiel_-5.jpg\" data-rel=\"lightbox\" class=\"lightboxhover\"><div class=\"kt-intrinsic\" style=\"padding-bottom:100%;\"><div itemprop=\"image\" itemscope itemtype=\"https:\/\/schema.org\/ImageObject\"><img loading=\"lazy\" decoding=\"async\" width=\"560\" height=\"560\" src=\"https:\/\/polititzacionsdelmalestar.org\/wp-content\/uploads\/2018\/01\/02-pen\u0303afiel_-5-560x560.jpg\" srcset=\"https:\/\/polititzacionsdelmalestar.org\/wp-content\/uploads\/2018\/01\/02-pen\u0303afiel_-5-560x560.jpg 560w, https:\/\/polititzacionsdelmalestar.org\/wp-content\/uploads\/2018\/01\/02-pen\u0303afiel_-5-150x150.jpg 150w\" sizes=\"auto, (max-width: 560px) 100vw, 560px\" data-caption=\"Fotograf\u00edas de Perfeccionando muerte: Adolf Alca\u00f1iz.  Confedrama realizada en el Museo de las carrozas f\u00fanebres de Barcelona.\" class=\"light-dropshaddow\" itemprop=\"contentUrl\" alt=\"\"><meta itemprop=\"url\" content=\"https:\/\/polititzacionsdelmalestar.org\/wp-content\/uploads\/2018\/01\/02-pen\u0303afiel_-5-560x560.jpg\"><meta itemprop=\"width\" content=\"560px\"><meta itemprop=\"height\" content=\"560px\"><\/div><\/div><div class=\"caption kad_caption\"><div class=\"kad_caption_inner\">Fotograf\u00edas de Perfeccionando muerte: Adolf Alca\u00f1iz.  Confedrama realizada en el Museo de las carrozas f\u00fanebres de Barcelona.<\/div><\/div><\/a><\/div><\/div><div class=\"tcol-lg-12 tcol-md-12 tcol-sm-12 tcol-xs-12 tcol-ss-12 g_item\"><div class=\"grid_item kt_item_fade_in kad_gallery_fade_in gallery_item\"><a href=\"https:\/\/polititzacionsdelmalestar.org\/wp-content\/uploads\/2018\/01\/03-pen\u0303afiel_-10.jpg\" data-rel=\"lightbox\" class=\"lightboxhover\"><div class=\"kt-intrinsic\" style=\"padding-bottom:55.1%;\"><div itemprop=\"image\" itemscope itemtype=\"https:\/\/schema.org\/ImageObject\"><img loading=\"lazy\" decoding=\"async\" width=\"1000\" height=\"551\" src=\"https:\/\/polititzacionsdelmalestar.org\/wp-content\/uploads\/2018\/01\/03-pen\u0303afiel_-10.jpg\" srcset=\"https:\/\/polititzacionsdelmalestar.org\/wp-content\/uploads\/2018\/01\/03-pen\u0303afiel_-10.jpg 1000w, https:\/\/polititzacionsdelmalestar.org\/wp-content\/uploads\/2018\/01\/03-pen\u0303afiel_-10-300x165.jpg 300w, https:\/\/polititzacionsdelmalestar.org\/wp-content\/uploads\/2018\/01\/03-pen\u0303afiel_-10-768x423.jpg 768w\" sizes=\"auto, (max-width: 1000px) 100vw, 1000px\" data-caption=\"Fotograf\u00edas de Perfeccionando muerte: Adolf Alca\u00f1iz.  Confedrama realizada en el Museo de las carrozas f\u00fanebres de Barcelona.\" class=\"light-dropshaddow\" itemprop=\"contentUrl\" alt=\"\"><meta itemprop=\"url\" content=\"https:\/\/polititzacionsdelmalestar.org\/wp-content\/uploads\/2018\/01\/03-pen\u0303afiel_-10.jpg\"><meta itemprop=\"width\" content=\"1000px\"><meta itemprop=\"height\" content=\"551px\"><\/div><\/div><div class=\"caption kad_caption\"><div class=\"kad_caption_inner\">Fotograf\u00edas de Perfeccionando muerte: Adolf Alca\u00f1iz.  Confedrama realizada en el Museo de las carrozas f\u00fanebres de Barcelona.<\/div><\/div><\/a><\/div><\/div><div class=\"tcol-lg-12 tcol-md-12 tcol-sm-12 tcol-xs-12 tcol-ss-12 g_item\"><div class=\"grid_item kt_item_fade_in kad_gallery_fade_in gallery_item\"><a href=\"https:\/\/polititzacionsdelmalestar.org\/wp-content\/uploads\/2018\/01\/04-pen\u0303afiel_-11.jpg\" data-rel=\"lightbox\" class=\"lightboxhover\"><div class=\"kt-intrinsic\" style=\"padding-bottom:100%;\"><div itemprop=\"image\" itemscope itemtype=\"https:\/\/schema.org\/ImageObject\"><img loading=\"lazy\" decoding=\"async\" width=\"560\" height=\"560\" src=\"https:\/\/polititzacionsdelmalestar.org\/wp-content\/uploads\/2018\/01\/04-pen\u0303afiel_-11-560x560.jpg\" srcset=\"https:\/\/polititzacionsdelmalestar.org\/wp-content\/uploads\/2018\/01\/04-pen\u0303afiel_-11-560x560.jpg 560w, https:\/\/polititzacionsdelmalestar.org\/wp-content\/uploads\/2018\/01\/04-pen\u0303afiel_-11-150x150.jpg 150w\" sizes=\"auto, (max-width: 560px) 100vw, 560px\" data-caption=\"Fotograf\u00edas de Perfeccionando muerte: Adolf Alca\u00f1iz.  Confedrama realizada en el Museo de las carrozas f\u00fanebres de Barcelona.\" class=\"light-dropshaddow\" itemprop=\"contentUrl\" alt=\"\"><meta itemprop=\"url\" content=\"https:\/\/polititzacionsdelmalestar.org\/wp-content\/uploads\/2018\/01\/04-pen\u0303afiel_-11-560x560.jpg\"><meta itemprop=\"width\" content=\"560px\"><meta itemprop=\"height\" content=\"560px\"><\/div><\/div><div class=\"caption kad_caption\"><div class=\"kad_caption_inner\">Fotograf\u00edas de Perfeccionando muerte: Adolf Alca\u00f1iz.  Confedrama realizada en el Museo de las carrozas f\u00fanebres de Barcelona.<\/div><\/div><\/a><\/div><\/div><div class=\"tcol-lg-12 tcol-md-12 tcol-sm-12 tcol-xs-12 tcol-ss-12 g_item\"><div class=\"grid_item kt_item_fade_in kad_gallery_fade_in gallery_item\"><a href=\"https:\/\/polititzacionsdelmalestar.org\/wp-content\/uploads\/2018\/01\/05-pen\u0303afiel_-16.jpg\" data-rel=\"lightbox\" class=\"lightboxhover\"><div class=\"kt-intrinsic\" style=\"padding-bottom:100%;\"><div itemprop=\"image\" itemscope itemtype=\"https:\/\/schema.org\/ImageObject\"><img loading=\"lazy\" decoding=\"async\" width=\"560\" height=\"560\" src=\"https:\/\/polititzacionsdelmalestar.org\/wp-content\/uploads\/2018\/01\/05-pen\u0303afiel_-16-560x560.jpg\" srcset=\"https:\/\/polititzacionsdelmalestar.org\/wp-content\/uploads\/2018\/01\/05-pen\u0303afiel_-16-560x560.jpg 560w, https:\/\/polititzacionsdelmalestar.org\/wp-content\/uploads\/2018\/01\/05-pen\u0303afiel_-16-150x150.jpg 150w\" sizes=\"auto, (max-width: 560px) 100vw, 560px\" data-caption=\"Fotograf\u00edas de Perfeccionando muerte: Adolf Alca\u00f1iz.  Confedrama realizada en el Museo de las carrozas f\u00fanebres de Barcelona.\" class=\"light-dropshaddow\" itemprop=\"contentUrl\" alt=\"\"><meta itemprop=\"url\" content=\"https:\/\/polititzacionsdelmalestar.org\/wp-content\/uploads\/2018\/01\/05-pen\u0303afiel_-16-560x560.jpg\"><meta itemprop=\"width\" content=\"560px\"><meta itemprop=\"height\" content=\"560px\"><\/div><\/div><div class=\"caption kad_caption\"><div class=\"kad_caption_inner\">Fotograf\u00edas de Perfeccionando muerte: Adolf Alca\u00f1iz.  Confedrama realizada en el Museo de las carrozas f\u00fanebres de Barcelona.<\/div><\/div><\/a><\/div><\/div><\/div><\/div><\/div><\/div><\/div>","protected":false},"excerpt":{"rendered":"<h3><a href=\"http:\/\/polititzacionsdelmalestar.org\/2018\/01\/25\/perfeccionando-muerte\/?lang=es>Perfeccionando muerte<\/a><\/h3>\n<p>2017<br \/>\n<a href=\"http:\/\/polititzacionsdelmalestar.org\/2018\/01\/23\/javier-penafiel\/?lang=es\"><strong>Javier Pe\u00f1afiel<\/strong><\/a><br \/>\n<br \/>\n<a href=\"http:\/\/polititzacionsdelmalestar.org\/temes\/comunicacio\/?lang=es\">Comunicaci\u00f3n<\/a>, <a href=\"http:\/\/polititzacionsdelmalestar.org\/temes\/cos\/?lang=es\">Cuerpo<\/a>, <a href=\"http:\/\/polititzacionsdelmalestar.org\/temes\/malestar\/?lang=es\">Malestar<\/a>, <a href=\"http:\/\/polititzacionsdelmalestar.org\/temes\/memoria\/?lang=es\">Memoria<\/a>, <a href=\"http:\/\/polititzacionsdelmalestar.org\/temes\/performance\/?lang=es\">Performance <\/a>y <a href=\"http:\/\/polititzacionsdelmalestar.org\/temes\/privacitat\/?lang=es\">Privacidad<\/a><\/p>\n","protected":false},"author":6,"featured_media":4888,"comment_status":"closed","ping_status":"closed","sticky":false,"template":"","format":"standard","meta":{"footnotes":""},"categories":[140,137,100,150,135,154,156,123],"tags":[],"class_list":["post-4886","post","type-post","status-publish","format-standard","has-post-thumbnail","hentry","category-comunicacio-es","category-cos-es","category-javier-penafiel-es","category-malestar-es","category-memoria-es","category-performance-es","category-privacitat-es","category-proyectos"],"_links":{"self":[{"href":"https:\/\/polititzacionsdelmalestar.org\/es\/wp-json\/wp\/v2\/posts\/4886","targetHints":{"allow":["GET"]}}],"collection":[{"href":"https:\/\/polititzacionsdelmalestar.org\/es\/wp-json\/wp\/v2\/posts"}],"about":[{"href":"https:\/\/polititzacionsdelmalestar.org\/es\/wp-json\/wp\/v2\/types\/post"}],"author":[{"embeddable":true,"href":"https:\/\/polititzacionsdelmalestar.org\/es\/wp-json\/wp\/v2\/users\/6"}],"replies":[{"embeddable":true,"href":"https:\/\/polititzacionsdelmalestar.org\/es\/wp-json\/wp\/v2\/comments?post=4886"}],"version-history":[{"count":12,"href":"https:\/\/polititzacionsdelmalestar.org\/es\/wp-json\/wp\/v2\/posts\/4886\/revisions"}],"predecessor-version":[{"id":8985,"href":"https:\/\/polititzacionsdelmalestar.org\/es\/wp-json\/wp\/v2\/posts\/4886\/revisions\/8985"}],"wp:featuredmedia":[{"embeddable":true,"href":"https:\/\/polititzacionsdelmalestar.org\/es\/wp-json\/wp\/v2\/media\/4888"}],"wp:attachment":[{"href":"https:\/\/polititzacionsdelmalestar.org\/es\/wp-json\/wp\/v2\/media?parent=4886"}],"wp:term":[{"taxonomy":"category","embeddable":true,"href":"https:\/\/polititzacionsdelmalestar.org\/es\/wp-json\/wp\/v2\/categories?post=4886"},{"taxonomy":"post_tag","embeddable":true,"href":"https:\/\/polititzacionsdelmalestar.org\/es\/wp-json\/wp\/v2\/tags?post=4886"}],"curies":[{"name":"wp","href":"https:\/\/api.w.org\/{rel}","templated":true}]}}