


{"id":4867,"date":"2018-01-23T17:44:18","date_gmt":"2018-01-23T17:44:18","guid":{"rendered":"https:\/\/polititzacionsdelmalestar.org\/2018\/01\/23\/gasol-daniel\/"},"modified":"2018-02-07T11:53:27","modified_gmt":"2018-02-07T11:53:27","slug":"gasol-daniel","status":"publish","type":"post","link":"https:\/\/polititzacionsdelmalestar.org\/es\/gasol-daniel\/","title":{"rendered":"Gasol, Daniel"},"content":{"rendered":"<div id=\"pl-4867\"  class=\"panel-layout\" ><div id=\"pg-4867-0\"  class=\"panel-grid panel-no-style\" ><div id=\"pgc-4867-0-0\"  class=\"panel-grid-cell\" ><div id=\"panel-4867-0-0-0\" class=\"so-panel widget widget_sow-editor panel-first-child panel-last-child\" data-index=\"0\" ><div\n\t\t\t\n\t\t\tclass=\"so-widget-sow-editor so-widget-sow-editor-base\"\n\t\t\t\n\t\t><h3 class=\"widget-title\">Daniel Gasol<\/h3>\n<div class=\"siteorigin-widget-tinymce textwidget\">\n\t<\/div>\n<\/div><\/div><\/div><\/div><div id=\"pg-4867-1\"  class=\"panel-grid panel-no-style\" ><div id=\"pgc-4867-1-0\"  class=\"panel-grid-cell\" ><div id=\"panel-4867-1-0-0\" class=\"so-panel widget widget_sow-editor panel-first-child\" data-index=\"1\" ><div\n\t\t\t\n\t\t\tclass=\"so-widget-sow-editor so-widget-sow-editor-base\"\n\t\t\t\n\t\t>\n<div class=\"siteorigin-widget-tinymce textwidget\">\n\t<p><img loading=\"lazy\" decoding=\"async\" class=\"foto_completa\" src=\"https:\/\/polititzacionsdelmalestar.org\/wp-content\/uploads\/2018\/01\/01-d.gasol2_.jpg\" alt=\"1_ A. Pardo Offset sobre papel. 100x70 00\/05+P.A. Barcelona 2015 \" width=\"1000\" height=\"667\" \/><\/p>\n<p><em>1_ A. Pardo Offset sobre papel. 100x70 00\/05+P.A. Barcelona, 2015.<\/em><\/p>\n<p>\u00a0<\/p>\n<h5><a href=\"https:\/\/polititzacionsdelmalestar.org\/2018\/01\/24\/identitat-records-construint-subjecte\/?lang=es\">Identidad y recuerdos: construyendo al sujeto<\/a><\/h5>\n<p>2015<br \/> <a href=\"https:\/\/polititzacionsdelmalestar.org\/temes\/comunicacio\/?lang=es\">Comunicaci\u00f3n<\/a>, <a href=\"https:\/\/polititzacionsdelmalestar.org\/temes\/cos\/?lang=es\">Cuerpo<\/a>, <a href=\"https:\/\/polititzacionsdelmalestar.org\/temes\/identitat\/?lang=es\">Identidad<\/a>, <a href=\"https:\/\/polititzacionsdelmalestar.org\/temes\/malestar\/?lang=es\">Malestar<\/a>, <a href=\"https:\/\/polititzacionsdelmalestar.org\/temes\/medicalitzacio\/?lang=es\">Medicalizaci\u00f3n<\/a>, <a href=\"https:\/\/polititzacionsdelmalestar.org\/temes\/memoria\/?lang=es\">Memoria <\/a>y <a href=\"https:\/\/polititzacionsdelmalestar.org\/temes\/privacitat\/?lang=es\">Privacidad<\/a><\/p>\n<\/div>\n<\/div><\/div><div id=\"panel-4867-1-0-1\" class=\"so-panel widget widget_sow-editor panel-last-child\" data-index=\"2\" ><div\n\t\t\t\n\t\t\tclass=\"so-widget-sow-editor so-widget-sow-editor-base\"\n\t\t\t\n\t\t>\n<div class=\"siteorigin-widget-tinymce textwidget\">\n\t<p>Doctor en Estudios Avanzados en producciones art\u00edsticas e investigaci\u00f3n por la Universidad de Barcelona en 2014, trabaja en torno a miradas hegem\u00f3nicas que pone en crisis mediante narrativas que plantean cuestiones en torno a la legitimidad del poder, la clase o la identidad.<\/p>\n<p>El autor inicia su trayectoria profesional en el campo de la investigaci\u00f3n de la mano de Jos\u00e9 Luis Brea, cuando antes de licenciarse en Bellas Artes por la UB, fue invitado a Salonkritik. Desde esta plataforma publica varios ensayos y comienza a publicar en diversos medios especializados, desde la revista Arte y Parte hasta Bonart. En el Master Producciones art\u00edsticas e investigaci\u00f3n, combina procesos de investigaci\u00f3n acad\u00e9mica y producci\u00f3n art\u00edstica, desarrollando trabajos que indagan sobre los procesos sociales que construyen la idea de realidad desde los medios de comunicaci\u00f3n, tema que refleja en su tesis doctoral.<\/p>\n<p>Tras la finalizaci\u00f3n del Doctorado, inicia de nuevo su trayectoria como artista obteniendo varias becas destacables entre otros la <em>Bienal de Arte Catal\u00e1n<\/em> (Barcelona, 2016), <em>Beca Internacional de Educaci\u00f3n Pilar Juncosa<\/em> (Mallorca, 2016), <em>Beca internacional ETAC<\/em> ( Addaya Galer\u00eda de Arte) (Mallorca, 2016), UNZIP17 en la modalidad <em>Fotograf\u00eda y sociedad<\/em>\u00a0(El Prat de Llobregat, 2017) y participa en la exposici\u00f3n <em>Ciudad de Vacaciones<\/em>\u00a0Es Baluard (Mallorca, 2017), <em>BiennalSur<\/em> (Argentina 2017 ) o <em>Laboratorio B_ Es Baluard<\/em> (Mallorca, 2017).<\/p>\n<\/div>\n<\/div><\/div><\/div><div id=\"pgc-4867-1-1\"  class=\"panel-grid-cell\" ><div id=\"panel-4867-1-1-0\" class=\"so-panel widget widget_sow-editor panel-first-child\" data-index=\"3\" ><div\n\t\t\t\n\t\t\tclass=\"so-widget-sow-editor so-widget-sow-editor-base\"\n\t\t\t\n\t\t>\n<div class=\"siteorigin-widget-tinymce textwidget\">\n\t<p><img loading=\"lazy\" decoding=\"async\" class=\"foto_completa\" src=\"https:\/\/polititzacionsdelmalestar.org\/wp-content\/uploads\/2018\/01\/01-d.-gasol-22.jpg\" alt=\"Frame del video \u201cLa ficci\u00f3n laboral. Amianto en El Prat\u201d Video digital. 37\u201909 min. 00\/05+P.A. Barcelona 2017\" width=\"1000\" height=\"667\" \/><\/p>\n<p><em>Frame del video <\/em>La ficci\u00f3n laboral. Amianto en El Prat<em>. Video digital. 37\u201909 min. 00\/05+P.A. Barcelona, 2017.<\/em><\/p>\n<p>\u00a0<\/p>\n<h5><a href=\"https:\/\/polititzacionsdelmalestar.org\/2018\/01\/24\/ficcio-laboral-amiant-prat\/?lang=es\">La ficci\u00f3n laboral. Amianto en El Prat<\/a><\/h5>\n<p>2017<br \/> <a href=\"https:\/\/polititzacionsdelmalestar.org\/temes\/activismo\/?lang=es\">Activismo<\/a>, <a href=\"https:\/\/polititzacionsdelmalestar.org\/temes\/cos\/?lang=es\">Cuerpo<\/a>, <a href=\"https:\/\/polititzacionsdelmalestar.org\/temes\/memoria\/?lang=es\">Memoria<\/a>, <a href=\"https:\/\/polititzacionsdelmalestar.org\/temes\/politica\/?lang=es\">Pol\u00edtica <\/a>y <a href=\"https:\/\/polititzacionsdelmalestar.org\/temes\/violencia\/?lang=es\">Violencia<\/a><\/p>\n<\/div>\n<\/div><\/div><div id=\"panel-4867-1-1-1\" class=\"so-panel widget widget_sow-editor panel-last-child\" data-index=\"4\" ><div\n\t\t\t\n\t\t\tclass=\"so-widget-sow-editor so-widget-sow-editor-base\"\n\t\t\t\n\t\t>\n<div class=\"siteorigin-widget-tinymce textwidget\">\n\t<p><strong><br \/>Nota<\/strong><br \/>Esta es una selecci\u00f3n de las obras del autor que se enmarcan en los conceptos de Politizaciones del malestar.<\/p>\n<p>\u00a0<\/p>\n<\/div>\n<\/div><\/div><\/div><\/div><\/div>","protected":false},"excerpt":{"rendered":"<h5><a href=\"http:\/\/polititzacionsdelmalestar.org\/2018\/01\/23\/gasol-daniel\/?lang=es >Daniel Gasol<\/a><\/h5>\n<li><a href=\"http:\/\/polititzacionsdelmalestar.org\/2018\/01\/24\/identitat-records-construint-subjecte\/?lang=es >Identitat i records: constru\u00efnt al subjecte)<\/a>, 2015<\/li>\n<li><a href=\"http:\/\/polititzacionsdelmalestar.org\/2018\/01\/24\/ficcio-laboral-amiant-prat\/?lang=es\" >La ficci\u00f3 laboral. Amiant al Prat<\/a>, 2017<\/li>\n","protected":false},"author":6,"featured_media":0,"comment_status":"closed","ping_status":"open","sticky":false,"template":"","format":"standard","meta":{"footnotes":""},"categories":[82],"tags":[],"class_list":["post-4867","post","type-post","status-publish","format-standard","hentry","category-autores"],"_links":{"self":[{"href":"https:\/\/polititzacionsdelmalestar.org\/es\/wp-json\/wp\/v2\/posts\/4867","targetHints":{"allow":["GET"]}}],"collection":[{"href":"https:\/\/polititzacionsdelmalestar.org\/es\/wp-json\/wp\/v2\/posts"}],"about":[{"href":"https:\/\/polititzacionsdelmalestar.org\/es\/wp-json\/wp\/v2\/types\/post"}],"author":[{"embeddable":true,"href":"https:\/\/polititzacionsdelmalestar.org\/es\/wp-json\/wp\/v2\/users\/6"}],"replies":[{"embeddable":true,"href":"https:\/\/polititzacionsdelmalestar.org\/es\/wp-json\/wp\/v2\/comments?post=4867"}],"version-history":[{"count":11,"href":"https:\/\/polititzacionsdelmalestar.org\/es\/wp-json\/wp\/v2\/posts\/4867\/revisions"}],"predecessor-version":[{"id":7560,"href":"https:\/\/polititzacionsdelmalestar.org\/es\/wp-json\/wp\/v2\/posts\/4867\/revisions\/7560"}],"wp:attachment":[{"href":"https:\/\/polititzacionsdelmalestar.org\/es\/wp-json\/wp\/v2\/media?parent=4867"}],"wp:term":[{"taxonomy":"category","embeddable":true,"href":"https:\/\/polititzacionsdelmalestar.org\/es\/wp-json\/wp\/v2\/categories?post=4867"},{"taxonomy":"post_tag","embeddable":true,"href":"https:\/\/polititzacionsdelmalestar.org\/es\/wp-json\/wp\/v2\/tags?post=4867"}],"curies":[{"name":"wp","href":"https:\/\/api.w.org\/{rel}","templated":true}]}}