


{"id":4833,"date":"2018-01-24T15:01:41","date_gmt":"2018-01-24T15:01:41","guid":{"rendered":"https:\/\/polititzacionsdelmalestar.org\/2018\/01\/24\/virginia-garcia-del-pino\/"},"modified":"2018-02-08T17:54:23","modified_gmt":"2018-02-08T17:54:23","slug":"virginia-garcia-del-pino","status":"publish","type":"post","link":"https:\/\/polititzacionsdelmalestar.org\/es\/virginia-garcia-del-pino\/","title":{"rendered":"Garc\u00eda del Pino, Virginia"},"content":{"rendered":"<div id=\"pl-4833\"  class=\"panel-layout\" ><div id=\"pg-4833-0\"  class=\"panel-grid panel-no-style\" ><div id=\"pgc-4833-0-0\"  class=\"panel-grid-cell\" ><div id=\"panel-4833-0-0-0\" class=\"so-panel widget widget_sow-editor panel-first-child panel-last-child\" data-index=\"0\" ><div\n\t\t\t\n\t\t\tclass=\"so-widget-sow-editor so-widget-sow-editor-base\"\n\t\t\t\n\t\t><h3 class=\"widget-title\">Virginia Garc\u00eda del Pino<\/h3>\n<div class=\"siteorigin-widget-tinymce textwidget\">\n\t<\/div>\n<\/div><\/div><\/div><\/div><div id=\"pg-4833-1\"  class=\"panel-grid panel-no-style\" ><div id=\"pgc-4833-1-0\"  class=\"panel-grid-cell\" ><div id=\"panel-4833-1-0-0\" class=\"so-panel widget widget_sow-editor panel-first-child\" data-index=\"1\" ><div\n\t\t\t\n\t\t\tclass=\"so-widget-sow-editor so-widget-sow-editor-base\"\n\t\t\t\n\t\t>\n<div class=\"siteorigin-widget-tinymce textwidget\">\n\t<p><img loading=\"lazy\" decoding=\"async\" class=\"foto_completa\" src=\"https:\/\/polititzacionsdelmalestar.org\/wp-content\/uploads\/2018\/01\/01-01.jpg\" alt=\"Quien canta su mal espanta\" width=\"1000\" height=\"667\" \/><\/p>\n<p><em>Quien canta su mal espanta<\/em>.<\/p>\n<p>\u00a0<\/p>\n<h5><a href=\"https:\/\/polititzacionsdelmalestar.org\/2018\/01\/26\/quien-canta-su-mal-espanta\/?lang=es\">Quien canta su mal espanta<\/a><\/h5>\n<p>2017<br \/><a href=\"https:\/\/polititzacionsdelmalestar.org\/temes\/memoria\/?lang=es\">Memoria <\/a>y<a href=\"https:\/\/polititzacionsdelmalestar.org\/temes\/processos-collaboratius\/?lang=es\"> Procesos colaborativos<\/a><\/p>\n<\/div>\n<\/div><\/div><div id=\"panel-4833-1-0-1\" class=\"so-panel widget widget_sow-editor panel-last-child\" data-index=\"2\" ><div\n\t\t\t\n\t\t\tclass=\"so-widget-sow-editor so-widget-sow-editor-base\"\n\t\t\t\n\t\t>\n<div class=\"siteorigin-widget-tinymce textwidget\">\n\t<p>Virginia Garc\u00eda del Pino (Barcelona, 1966) es directora de cine de no ficci\u00f3n y directora de proyectos del Master de Documental Creativo de la UAB. Despu\u00e9s de licenciarse en Bellas artes, su producci\u00f3n como videoartista la acerca al g\u00e9nero documental.<\/p>\n<p>Sus videos surgen de una tentativa de comprender el mundo desde una \u00f3ptica menos dolorosa y es, seguramente, en este intento de comprensi\u00f3n donde suele optar por una contundente sencillez formal.<\/p>\n<p>En 2008 recibe varios galardones por <em>Lo que t\u00fa dices que soy<\/em>, documental que le abre las puertas a numerosos festivales internacionales de cine y forma parte del programa de cine experimental <em>Del \u00e9xtasis al arrebato, 50 a\u00f1os del Otro cine espa\u00f1ol<\/em>, que ha itinerado por los principales Museos y Filmotecas de Europa, EEUU y Am\u00e9rica Latina.<\/p>\n<p>En 2009 realiza <em>Mi hermana y yo<\/em>, pel\u00edcula melodram\u00e1tica que particip\u00f3 en <em>Punt de Vista<\/em> y <em>FID Marsella<\/em>, entre otros festivales destacados y se ha mostrado en <em>Anthology Film Archives<\/em> de Nueva York dentro del programa <em>Spanish non fiction<\/em>. <em>Espacio Sim\u00e9trico<\/em>\u00a0llega en 2010. Es uno de sus trabajos m\u00e1s desconcertantes que est\u00e1 siguiendo su curso por festivales nacionales e internacionales y forma parte de la exposici\u00f3n <em>F\u00e1bulas problem\u00e1ticas<\/em>.<\/p>\n<p>En 2012 presenta su primer largometraje, <em>El Jurado<\/em>, con gran \u00e9xito de cr\u00edtica y p\u00fablico. A partir del cual su recorrido no se ha parado y contin\u00faa en la l\u00ednea de investigaci\u00f3n documental.<\/p>\n<p><a href=\"http:\/\/www.hamacaonline.net\/autor.php?id=198\" target=\"_blank\" rel=\"noopener\">Web oficial Virginia Garc\u00eda del Pino<\/a><\/p>\n<\/div>\n<\/div><\/div><\/div><div id=\"pgc-4833-1-1\"  class=\"panel-grid-cell\" ><div id=\"panel-4833-1-1-0\" class=\"so-panel widget widget_sow-editor panel-first-child panel-last-child\" data-index=\"3\" ><div\n\t\t\t\n\t\t\tclass=\"so-widget-sow-editor so-widget-sow-editor-base\"\n\t\t\t\n\t\t>\n<div class=\"siteorigin-widget-tinymce textwidget\">\n\t<p><strong>Nota<\/strong><br \/>\nEsta es una selecci\u00f3n de las obras de la autora que se enmarcan en los conceptos de Politizaciones del malestar.<\/p>\n<h4>\u00a0<\/h4>\n<p><strong>Otros proyectos<\/strong><\/p>\n<p>- <a href=\"http:\/\/www.hamacaonline.net\/obra.php?id=1115\" target=\"_blank\" rel=\"noopener\">El Jurado<\/a><\/p>\n<p>- <a href=\"http:\/\/www.hamacaonline.net\/obra.php?id=776\" target=\"_blank\" rel=\"noopener\">Mi hermana y yo <\/a><\/p>\n<p>- <a href=\"http:\/\/www.hamacaonline.net\/obra.php?id=828\" target=\"_blank\" rel=\"noopener\">Pare de sufrir<\/a><\/p>\n<\/div>\n<\/div><\/div><\/div><\/div><\/div>","protected":false},"excerpt":{"rendered":"<h5><a href=\"http:\/\/polititzacionsdelmalestar.org\/2018\/01\/24\/virginia-garcia-del-pino\/?lang=es\" >Virginia Garc\u00eda del Pino<\/a><\/h5>\n<li><a href=\"http:\/\/polititzacionsdelmalestar.org\/2018\/01\/26\/quien-canta-su-mal-espanta\/?lang=es\" >Quien canta su mal espanta<\/a>, 2017<\/li>\n","protected":false},"author":6,"featured_media":0,"comment_status":"closed","ping_status":"open","sticky":false,"template":"","format":"standard","meta":{"footnotes":""},"categories":[82],"tags":[],"class_list":["post-4833","post","type-post","status-publish","format-standard","hentry","category-autores"],"_links":{"self":[{"href":"https:\/\/polititzacionsdelmalestar.org\/es\/wp-json\/wp\/v2\/posts\/4833","targetHints":{"allow":["GET"]}}],"collection":[{"href":"https:\/\/polititzacionsdelmalestar.org\/es\/wp-json\/wp\/v2\/posts"}],"about":[{"href":"https:\/\/polititzacionsdelmalestar.org\/es\/wp-json\/wp\/v2\/types\/post"}],"author":[{"embeddable":true,"href":"https:\/\/polititzacionsdelmalestar.org\/es\/wp-json\/wp\/v2\/users\/6"}],"replies":[{"embeddable":true,"href":"https:\/\/polititzacionsdelmalestar.org\/es\/wp-json\/wp\/v2\/comments?post=4833"}],"version-history":[{"count":11,"href":"https:\/\/polititzacionsdelmalestar.org\/es\/wp-json\/wp\/v2\/posts\/4833\/revisions"}],"predecessor-version":[{"id":7938,"href":"https:\/\/polititzacionsdelmalestar.org\/es\/wp-json\/wp\/v2\/posts\/4833\/revisions\/7938"}],"wp:attachment":[{"href":"https:\/\/polititzacionsdelmalestar.org\/es\/wp-json\/wp\/v2\/media?parent=4833"}],"wp:term":[{"taxonomy":"category","embeddable":true,"href":"https:\/\/polititzacionsdelmalestar.org\/es\/wp-json\/wp\/v2\/categories?post=4833"},{"taxonomy":"post_tag","embeddable":true,"href":"https:\/\/polititzacionsdelmalestar.org\/es\/wp-json\/wp\/v2\/tags?post=4833"}],"curies":[{"name":"wp","href":"https:\/\/api.w.org\/{rel}","templated":true}]}}