


{"id":4817,"date":"2018-01-23T18:13:31","date_gmt":"2018-01-23T18:13:31","guid":{"rendered":"https:\/\/polititzacionsdelmalestar.org\/2018\/01\/23\/enmedio-colectivo\/"},"modified":"2018-02-07T18:13:45","modified_gmt":"2018-02-07T18:13:45","slug":"enmedio-colectivo","status":"publish","type":"post","link":"https:\/\/polititzacionsdelmalestar.org\/es\/enmedio-colectivo\/","title":{"rendered":"Enmedio, Colectivo"},"content":{"rendered":"<div id=\"pl-4817\"  class=\"panel-layout\" ><div id=\"pg-4817-0\"  class=\"panel-grid panel-no-style\" ><div id=\"pgc-4817-0-0\"  class=\"panel-grid-cell\" ><div id=\"panel-4817-0-0-0\" class=\"so-panel widget widget_sow-editor panel-first-child panel-last-child\" data-index=\"0\" ><div\n\t\t\t\n\t\t\tclass=\"so-widget-sow-editor so-widget-sow-editor-base\"\n\t\t\t\n\t\t><h3 class=\"widget-title\">Enmedio Colectivo<\/h3>\n<div class=\"siteorigin-widget-tinymce textwidget\">\n\t<\/div>\n<\/div><\/div><\/div><\/div><div id=\"pg-4817-1\"  class=\"panel-grid panel-no-style\" ><div id=\"pgc-4817-1-0\"  class=\"panel-grid-cell\" ><div id=\"panel-4817-1-0-0\" class=\"so-panel widget widget_sow-editor panel-first-child\" data-index=\"1\" ><div\n\t\t\t\n\t\t\tclass=\"so-widget-sow-editor so-widget-sow-editor-base\"\n\t\t\t\n\t\t>\n<div class=\"siteorigin-widget-tinymce textwidget\">\n\t<p><img decoding=\"async\" class=\"foto_completa\" src=\"https:\/\/polititzacionsdelmalestar.org\/wp-content\/uploads\/2018\/01\/01-proyecto-enmedio.jpg\" \/><\/p>\n<p><em>Proyecto Mi caaasa.<\/em><\/p>\n<p>\u00a0<\/p>\n<h5><a href=\"https:\/\/polititzacionsdelmalestar.org\/mi-caaasa\/\">Mi caaasa<\/a><\/h5>\n<p>2017<br \/> <a href=\"https:\/\/polititzacionsdelmalestar.org\/temes\/activismo\/?lang=es\">Activismo<\/a>, <a href=\"https:\/\/polititzacionsdelmalestar.org\/temes\/art-public\/?lang=es\">Arte p\u00fablico<\/a>, <a href=\"https:\/\/polititzacionsdelmalestar.org\/temes\/comunicacio\/?lang=es\">Comunicaci\u00f3n<\/a>, <a href=\"https:\/\/polititzacionsdelmalestar.org\/temes\/espai-public\/?lang=es\">Espaci\u00f3 p\u00fablico<\/a>, <a href=\"https:\/\/polititzacionsdelmalestar.org\/temes\/malestar\/?lang=es\">Malestar<\/a>, <a href=\"https:\/\/polititzacionsdelmalestar.org\/temes\/politica\/?lang=es\">Pol\u00edtica<\/a> y <a href=\"https:\/\/polititzacionsdelmalestar.org\/temes\/processos-collaboratius\/?lang=es\">Procesos colaborativos<\/a><\/p>\n<\/div>\n<\/div><\/div><div id=\"panel-4817-1-0-1\" class=\"so-panel widget widget_sow-editor panel-last-child\" data-index=\"2\" ><div\n\t\t\t\n\t\t\tclass=\"so-widget-sow-editor so-widget-sow-editor-base\"\n\t\t\t\n\t\t>\n<div class=\"siteorigin-widget-tinymce textwidget\">\n\t<p>Somos un grupo de profesionales de la imagen (dise\u00f1adores, fot\u00f3grafas, cineastas, artistas) que, insatisfechos por la falta de conexiones entre el arte y la acci\u00f3n pol\u00edtica, hemos decidido abandonar nuestro terreno habitual de trabajo y situarnos <em>enmedio<\/em>, en ning\u00fan lugar determinado y en todos a la vez. Desde aqu\u00ed exploramos la potencia transformadora de las im\u00e1genes y los relatos. Lo hacemos intermediando espectaculares intervenciones, usando todo aquello que tenemos a nuestra disposici\u00f3n: fotograf\u00eda, medios de comunicaci\u00f3n, dise\u00f1o\u2026, as\u00ed es como creamos interferencias en el relato dominante; interrupciones en la explicaci\u00f3n oficial del mundo.<\/p>\n<p><a href=\"http:\/\/www.enmedio.info\" target=\"_blank\" rel=\"noopener\">Web oficial Enmedio Colectivo<\/a><\/p>\n<\/div>\n<\/div><\/div><\/div><div id=\"pgc-4817-1-1\"  class=\"panel-grid-cell\" ><div id=\"panel-4817-1-1-0\" class=\"so-panel widget widget_sow-editor panel-first-child panel-last-child\" data-index=\"3\" ><div\n\t\t\t\n\t\t\tclass=\"so-widget-sow-editor so-widget-sow-editor-base\"\n\t\t\t\n\t\t>\n<div class=\"siteorigin-widget-tinymce textwidget\">\n\t<p><strong>Nota<\/strong><br \/>\nEsta es una selecci\u00f3n de las obras de los autores que se enmarcan en los conceptos de Politizaciones del malestar.<\/p>\n<h4>\u00a0<\/h4>\n<p><strong>Otros proyectos<\/strong><\/p>\n<p>- <a href=\"http:\/\/www.enmedio.info\/mundo-valla\/\" target=\"_blank\" rel=\"noopener\">Mundo-valla<\/a><\/p>\n<p>- <a href=\"http:\/\/www.enmedio.info\/campeones-del-paro\/\" target=\"_blank\" rel=\"noopener\">Campeones del paro<\/a><\/p>\n<p>- <a href=\"http:\/\/www.enmedio.info\/sinmordaza-una-accion-fotografica-contra-la-ley-de-proteccion-de-la-seguridad-ciudadana\/\" target=\"_blank\" rel=\"noopener\">#SinMordaza<\/a><\/p>\n<p>- <a href=\"http:\/\/www.enmedio.info\/video-y-fotos-de-la-fiesta-en-el-inem\/\" target=\"_blank\" rel=\"noopener\">Fiesta en el Inem<\/a><\/p>\n<p>- <a href=\"http:\/\/www.enmedio.info\/fiesta-en-bankia-cierrabankia\/\" target=\"_blank\" rel=\"noopener\">Fiesta Cierra-Bankia<\/a><\/p>\n<\/div>\n<\/div><\/div><\/div><\/div><\/div>","protected":false},"excerpt":{"rendered":"<h5><a href=\"http:\/\/polititzacionsdelmalestar.org\/2018\/01\/23\/enmedio-colectivo\/?lang=es\" >Enmedio Colectivo<\/a><\/h5>\n<li><a href=\"http:\/\/polititzacionsdelmalestar.org\/2018\/01\/25\/mi-caaasa\/?lang=es\" >Mi caaasa<\/a>, 1998<\/li>\n","protected":false},"author":6,"featured_media":0,"comment_status":"closed","ping_status":"open","sticky":false,"template":"","format":"standard","meta":{"footnotes":""},"categories":[82],"tags":[],"class_list":["post-4817","post","type-post","status-publish","format-standard","hentry","category-autores"],"_links":{"self":[{"href":"https:\/\/polititzacionsdelmalestar.org\/es\/wp-json\/wp\/v2\/posts\/4817","targetHints":{"allow":["GET"]}}],"collection":[{"href":"https:\/\/polititzacionsdelmalestar.org\/es\/wp-json\/wp\/v2\/posts"}],"about":[{"href":"https:\/\/polititzacionsdelmalestar.org\/es\/wp-json\/wp\/v2\/types\/post"}],"author":[{"embeddable":true,"href":"https:\/\/polititzacionsdelmalestar.org\/es\/wp-json\/wp\/v2\/users\/6"}],"replies":[{"embeddable":true,"href":"https:\/\/polititzacionsdelmalestar.org\/es\/wp-json\/wp\/v2\/comments?post=4817"}],"version-history":[{"count":11,"href":"https:\/\/polititzacionsdelmalestar.org\/es\/wp-json\/wp\/v2\/posts\/4817\/revisions"}],"predecessor-version":[{"id":7758,"href":"https:\/\/polititzacionsdelmalestar.org\/es\/wp-json\/wp\/v2\/posts\/4817\/revisions\/7758"}],"wp:attachment":[{"href":"https:\/\/polititzacionsdelmalestar.org\/es\/wp-json\/wp\/v2\/media?parent=4817"}],"wp:term":[{"taxonomy":"category","embeddable":true,"href":"https:\/\/polititzacionsdelmalestar.org\/es\/wp-json\/wp\/v2\/categories?post=4817"},{"taxonomy":"post_tag","embeddable":true,"href":"https:\/\/polititzacionsdelmalestar.org\/es\/wp-json\/wp\/v2\/tags?post=4817"}],"curies":[{"name":"wp","href":"https:\/\/api.w.org\/{rel}","templated":true}]}}