


{"id":4805,"date":"2018-01-24T16:53:49","date_gmt":"2018-01-24T16:53:49","guid":{"rendered":"https:\/\/polititzacionsdelmalestar.org\/2018\/01\/24\/no-pain\/"},"modified":"2020-03-20T15:20:24","modified_gmt":"2020-03-20T15:20:24","slug":"no-pain","status":"publish","type":"post","link":"https:\/\/polititzacionsdelmalestar.org\/es\/no-pain\/","title":{"rendered":"no-pain | zero-day"},"content":{"rendered":"<div id=\"pl-4805\"  class=\"panel-layout\" ><div id=\"pg-4805-0\"  class=\"panel-grid panel-no-style\" ><div id=\"pgc-4805-0-0\"  class=\"panel-grid-cell\" ><div id=\"panel-4805-0-0-0\" class=\"so-panel widget widget_virtue_gallery_widget virtue_gallery_widget panel-first-child\" data-index=\"0\" ><h3 class=\"widget-title\">No-pain | zero-day<\/h3><div id=\"kad-wp-gallery485\" class=\"kad-wp-gallery gallery kt-gallery-column-1 init-isotope-intrinsic reinit-isotope kad-light-wp-gallery clearfix rowtight\" data-fade-in=\"1\" data-iso-selector=\".g_item\" data-iso-style=\"masonry\" data-iso-filter=\"false\"><div class=\"tcol-lg-12 tcol-md-12 tcol-sm-12 tcol-xs-12 tcol-ss-12 g_item\"><div class=\"grid_item kt_item_fade_in kad_gallery_fade_in gallery_item\"><a href=\"https:\/\/polititzacionsdelmalestar.org\/wp-content\/uploads\/2018\/01\/01_no-pain_zero-day.jpg\" data-rel=\"lightbox\" class=\"lightboxhover\"><div class=\"kt-intrinsic\" style=\"padding-bottom:100%;\"><div itemprop=\"image\" itemscope itemtype=\"https:\/\/schema.org\/ImageObject\"><img loading=\"lazy\" decoding=\"async\" width=\"560\" height=\"560\" src=\"https:\/\/polititzacionsdelmalestar.org\/wp-content\/uploads\/2018\/01\/01_no-pain_zero-day-560x560.jpg\" srcset=\"https:\/\/polititzacionsdelmalestar.org\/wp-content\/uploads\/2018\/01\/01_no-pain_zero-day-560x560.jpg 560w, https:\/\/polititzacionsdelmalestar.org\/wp-content\/uploads\/2018\/01\/01_no-pain_zero-day-150x150.jpg 150w\" sizes=\"auto, (max-width: 560px) 100vw, 560px\" data-caption=\"no-pain | zero-day\" class=\"light-dropshaddow\" itemprop=\"contentUrl\" alt=\"no-pain | zero-day\"><meta itemprop=\"url\" content=\"https:\/\/polititzacionsdelmalestar.org\/wp-content\/uploads\/2018\/01\/01_no-pain_zero-day-560x560.jpg\"><meta itemprop=\"width\" content=\"560px\"><meta itemprop=\"height\" content=\"560px\"><\/div><\/div><div class=\"caption kad_caption\"><div class=\"kad_caption_inner\">no-pain | zero-day<\/div><\/div><\/a><\/div><\/div><\/div><\/div><div id=\"panel-4805-0-0-1\" class=\"so-panel widget widget_sow-editor panel-last-child\" data-index=\"1\" ><div\n\t\t\t\n\t\t\tclass=\"so-widget-sow-editor so-widget-sow-editor-base\"\n\t\t\t\n\t\t>\n<div class=\"siteorigin-widget-tinymce textwidget\">\n\t<p>2016<br \/>VIdeo 1920 \u00d7 1080 audio 2\u2019 40\u2019\u2019 <br \/>Dos cajas, una de madera (13 \u00d7 13 \u00d7 6 cm) y una de metal (19 \u00d7 13 \u00d7 5 cm)<\/p>\n<p>Mi trabajo siempre ha estado ligado a la politizaci\u00f3n de la propia vida. Mi obra m\u00e1s reciente se centra en el propio cuerpo para politizarlo desde dentro. El cuerpo pasa de ser objeto a ser sujeto; el yo pasa de dirigir a recibir la acci\u00f3n. Con este desplazamiento del punto de vista de la acci\u00f3n pretendo conseguir una desalienaci\u00f3 del cuerpo. Al hacer p\u00fablico lo privado, lo convertimos en ejemplar \u2014que no ejemplarizante\u2014 porque es una vivencia compartida aunque ocultada. En lugar de los conceptos de p\u00fablico y privado me remito a los de intimidad y exhibici\u00f3n (o desvelamiento, de quitarse el velo).<\/p>\n<p>Esta serie reflexiona sobre las prioridades de cada uno, para ver hasta qu\u00e9 punto la hiperactividad que caracteriza nuestra \u00e9poca no esconde, en muchos casos, una falta de empat\u00eda, un aislamiento insuperable, una separaci\u00f3n. Aparecen temas relacionados con otras vivencias del cuerpo como el dolor, la enfermedad o la cr\u00edtica a la masculinidad hegem\u00f3nica. En todos los casos, nos encontramos en el campo de batalla de nuestro cuerpo frente al poder.<\/p>\n<h4>\u00a0<\/h4>\n<h4>Recorrido del proyecto. \u00bfD\u00f3nde se encuentra la obra?<\/h4>\n<p>En nuestra cultura el reencuentro con el cuerpo se ha hecho a menudo a trav\u00e9s de la agresi\u00f3n -al propio cuerpo o al de los otros-, lo cual refleja la alienaci\u00f3n respecto a nuestros cuerpos. El recurso al dolor no es en este caso una prueba de resistencia, sino un reflejo del dolor que hay detr\u00e1s de cada uno, porque existe y es real. Somos responsables de nuestros actos, pero no somos responsables de nuestro dolor. Considero importante reflexionar sobre lo que comporta responsabilizar o culpabilizar del dolor a quien lo sufre, porque este hecho tiene una intenci\u00f3n y unos resultados pol\u00edticos. Resulta dif\u00edcil trasladar a los otros la vivencia n\u00edtida y permanente del dolor ajeno y para muchos es casi imposible entender esta realidad. El dolor es natural, pero \u00bfes siempre inevitable? La cercan\u00eda es, a menudo, la frontera m\u00e1s dif\u00edcil de atravesar.<\/p>\n<\/div>\n<\/div><\/div><\/div><div id=\"pgc-4805-0-1\"  class=\"panel-grid-cell\" ><div id=\"panel-4805-0-1-0\" class=\"so-panel widget widget_sow-editor panel-first-child\" data-index=\"2\" ><div\n\t\t\t\n\t\t\tclass=\"so-widget-sow-editor so-widget-sow-editor-base\"\n\t\t\t\n\t\t>\n<div class=\"siteorigin-widget-tinymce textwidget\">\n\t<h5><a href=\"&quot;https:\/\/polititzacionsdelmalestar.org\/2018\/01\/23\/carlos-pina\/?lang=es\">Carlos Pina<\/a><\/h5>\n<h4>\u00a0<\/h4>\n<h4>Palabras clave<\/h4>\n<p><a href=\"https:\/\/polititzacionsdelmalestar.org\/temes\/cos\/?lang=es\">Cuerpo<\/a>, <a href=\"https:\/\/polititzacionsdelmalestar.org\/temes\/genere\/?lang=es\">G\u00e9nero<\/a>, <a href=\"https:\/\/polititzacionsdelmalestar.org\/temes\/malestar\/?lang=es\">Malestar<\/a>, <a href=\"https:\/\/polititzacionsdelmalestar.org\/temes\/medicalitzacio\/?lang=es\">Medicalizaci\u00f3n<\/a>, <a href=\"https:\/\/polititzacionsdelmalestar.org\/temes\/natura\/?lang=es\">Naturaleza<\/a> y <a href=\"https:\/\/polititzacionsdelmalestar.org\/temes\/performance\/?lang=es\">Performance<\/a><\/p>\n<h4>\u00a0<\/h4>\n<h4>Documentos <em>media<br \/>\n<\/em><\/h4>\n<a id=\"69f0c9e971f09\" rel=\"wp-video-lightbox\" href=\"https:\/\/vimeo.com\/259336139?width=800&#038;height=600\" title=\"\"><img decoding=\"async\" src=\"https:\/\/polititzacionsdelmalestar.org\/wp-content\/uploads\/2018\/01\/Video-no-pain.png\" class=\"video_lightbox_anchor_image\" alt=\"no-pain | zero-day\" \/><\/a>    <script>\r\n    \/* <![CDATA[ *\/\r\n    jQuery(document).ready(function($){\r\n        $(function(){\r\n            var width = $(window).innerWidth();\r\n            var setwidth = parseFloat(800);\r\n            var ratio = parseFloat(0.75);\r\n            var height = parseFloat(600);\r\n            var link = 'https:\/\/vimeo.com\/259336139?width=800&amp;height=600';\r\n            if(width < setwidth)\r\n            {\r\n                height = Math.floor(width * 0.75);\r\n                \/\/console.log(\"device width \"+width+\", set width \"+800+\", ratio \"+0.75+\", new height \"+ height);\r\n                var new_url = wpvl_paramReplace('width', link, width);\r\n                var new_url = wpvl_paramReplace('height', new_url, height);\r\n                $(\"a#69f0c9e971f09\").attr('href', new_url);\r\n                \/\/console.log(new_url);\r\n            }\r\n        });\r\n    });\r\n    \/* ]]> *\/\r\n    <\/script>\n<h4>\u00a0<\/h4>\n<p>- <a href=\"http:\/\/carlos-pina.stidna.org\">Carlos Pina<\/a><\/p>\n<h4>\u00a0<\/h4>\n<p>- <a href=\"http:\/\/no-body.carlos-pina.stidna.org\/\"><em>No-body<\/em> series<\/a><\/p>\n<h4>\u00a0<\/h4>\n<h4>\n<div class=\"titol-galeria\">Fotos del proyecto<\/div>\n<\/h4>\n<\/div>\n<\/div><\/div><div id=\"panel-4805-0-1-1\" class=\"so-panel widget widget_virtue_gallery_widget virtue_gallery_widget panel-last-child\" data-index=\"3\" ><div id=\"kad-wp-gallery730\" class=\"kad-wp-gallery gallery kt-gallery-column-1 init-isotope-intrinsic reinit-isotope kad-light-wp-gallery clearfix rowtight\" data-fade-in=\"1\" data-iso-selector=\".g_item\" data-iso-style=\"masonry\" data-iso-filter=\"false\"><div class=\"tcol-lg-12 tcol-md-12 tcol-sm-12 tcol-xs-12 tcol-ss-12 g_item\"><div class=\"grid_item kt_item_fade_in kad_gallery_fade_in gallery_item\"><a href=\"https:\/\/polititzacionsdelmalestar.org\/wp-content\/uploads\/2018\/01\/02_no-pain_zero-day.jpg\" data-rel=\"lightbox\" class=\"lightboxhover\"><div class=\"kt-intrinsic\" style=\"padding-bottom:100%;\"><div itemprop=\"image\" itemscope itemtype=\"https:\/\/schema.org\/ImageObject\"><img loading=\"lazy\" decoding=\"async\" width=\"560\" height=\"560\" src=\"https:\/\/polititzacionsdelmalestar.org\/wp-content\/uploads\/2018\/01\/02_no-pain_zero-day-560x560.jpg\" srcset=\"https:\/\/polititzacionsdelmalestar.org\/wp-content\/uploads\/2018\/01\/02_no-pain_zero-day-560x560.jpg 560w, https:\/\/polititzacionsdelmalestar.org\/wp-content\/uploads\/2018\/01\/02_no-pain_zero-day-150x150.jpg 150w\" sizes=\"auto, (max-width: 560px) 100vw, 560px\" data-caption=\"no-pain | zero-day\" class=\"light-dropshaddow\" itemprop=\"contentUrl\" alt=\"no-pain | zero-day\"><meta itemprop=\"url\" content=\"https:\/\/polititzacionsdelmalestar.org\/wp-content\/uploads\/2018\/01\/02_no-pain_zero-day-560x560.jpg\"><meta itemprop=\"width\" content=\"560px\"><meta itemprop=\"height\" content=\"560px\"><\/div><\/div><div class=\"caption kad_caption\"><div class=\"kad_caption_inner\">no-pain | zero-day<\/div><\/div><\/a><\/div><\/div><div class=\"tcol-lg-12 tcol-md-12 tcol-sm-12 tcol-xs-12 tcol-ss-12 g_item\"><div class=\"grid_item kt_item_fade_in kad_gallery_fade_in gallery_item\"><a href=\"https:\/\/polititzacionsdelmalestar.org\/wp-content\/uploads\/2018\/01\/03_no-pain_zero-day.jpg\" data-rel=\"lightbox\" class=\"lightboxhover\"><div class=\"kt-intrinsic\" style=\"padding-bottom:100%;\"><div itemprop=\"image\" itemscope itemtype=\"https:\/\/schema.org\/ImageObject\"><img loading=\"lazy\" decoding=\"async\" width=\"560\" height=\"560\" src=\"https:\/\/polititzacionsdelmalestar.org\/wp-content\/uploads\/2018\/01\/03_no-pain_zero-day-560x560.jpg\" srcset=\"https:\/\/polititzacionsdelmalestar.org\/wp-content\/uploads\/2018\/01\/03_no-pain_zero-day-560x560.jpg 560w, https:\/\/polititzacionsdelmalestar.org\/wp-content\/uploads\/2018\/01\/03_no-pain_zero-day-150x150.jpg 150w\" sizes=\"auto, (max-width: 560px) 100vw, 560px\" data-caption=\"no-pain | zero-day\" class=\"light-dropshaddow\" itemprop=\"contentUrl\" alt=\"no-pain | zero-day\"><meta itemprop=\"url\" content=\"https:\/\/polititzacionsdelmalestar.org\/wp-content\/uploads\/2018\/01\/03_no-pain_zero-day-560x560.jpg\"><meta itemprop=\"width\" content=\"560px\"><meta itemprop=\"height\" content=\"560px\"><\/div><\/div><div class=\"caption kad_caption\"><div class=\"kad_caption_inner\">no-pain | zero-day<\/div><\/div><\/a><\/div><\/div><\/div><\/div><\/div><\/div><\/div>","protected":false},"excerpt":{"rendered":"<h3><a href=\"http:\/\/polititzacionsdelmalestar.org\/2018\/01\/24\/no-pain\/?lang=es\">No-pain<\/a><\/h3>\n<p>2016<br \/>\n<a href=\"http:\/\/polititzacionsdelmalestar.org\/2018\/01\/23\/carlos-pina\/?lang=es\"><strong>Carlos Pina<\/strong><\/a><br \/>\n<br \/>\n<a href=\"http:\/\/polititzacionsdelmalestar.org\/temes\/cos\/?lang=es\">Cuerpo<\/a>, <a href=\"http:\/\/polititzacionsdelmalestar.org\/temes\/genere\/?lang=es\">G\u00e9nero<\/a>, <a href=\"http:\/\/polititzacionsdelmalestar.org\/temes\/malestar\/?lang=es\">Malestar<\/a>, <a href=\"http:\/\/polititzacionsdelmalestar.org\/temes\/medicalitzacio\/?lang=es\">Medicalizaci\u00f3n<\/a>, <a href=\"http:\/\/polititzacionsdelmalestar.org\/temes\/natura\/?lang=es\">Naturaleza<\/a> y <a href=\"http:\/\/polititzacionsdelmalestar.org\/temes\/performance\/?lang=es\">Performance<\/a><\/p>\n","protected":false},"author":6,"featured_media":9466,"comment_status":"closed","ping_status":"closed","sticky":false,"template":"","format":"standard","meta":{"footnotes":""},"categories":[83,137,149,150,152,172,154],"tags":[],"class_list":["post-4805","post","type-post","status-publish","format-standard","has-post-thumbnail","hentry","category-carlos-pina-es","category-cos-es","category-genere-es","category-malestar-es","category-medicalitzacio-es","category-naturaleza","category-performance-es"],"_links":{"self":[{"href":"https:\/\/polititzacionsdelmalestar.org\/es\/wp-json\/wp\/v2\/posts\/4805","targetHints":{"allow":["GET"]}}],"collection":[{"href":"https:\/\/polititzacionsdelmalestar.org\/es\/wp-json\/wp\/v2\/posts"}],"about":[{"href":"https:\/\/polititzacionsdelmalestar.org\/es\/wp-json\/wp\/v2\/types\/post"}],"author":[{"embeddable":true,"href":"https:\/\/polititzacionsdelmalestar.org\/es\/wp-json\/wp\/v2\/users\/6"}],"replies":[{"embeddable":true,"href":"https:\/\/polititzacionsdelmalestar.org\/es\/wp-json\/wp\/v2\/comments?post=4805"}],"version-history":[{"count":12,"href":"https:\/\/polititzacionsdelmalestar.org\/es\/wp-json\/wp\/v2\/posts\/4805\/revisions"}],"predecessor-version":[{"id":10374,"href":"https:\/\/polititzacionsdelmalestar.org\/es\/wp-json\/wp\/v2\/posts\/4805\/revisions\/10374"}],"wp:featuredmedia":[{"embeddable":true,"href":"https:\/\/polititzacionsdelmalestar.org\/es\/wp-json\/wp\/v2\/media\/9466"}],"wp:attachment":[{"href":"https:\/\/polititzacionsdelmalestar.org\/es\/wp-json\/wp\/v2\/media?parent=4805"}],"wp:term":[{"taxonomy":"category","embeddable":true,"href":"https:\/\/polititzacionsdelmalestar.org\/es\/wp-json\/wp\/v2\/categories?post=4805"},{"taxonomy":"post_tag","embeddable":true,"href":"https:\/\/polititzacionsdelmalestar.org\/es\/wp-json\/wp\/v2\/tags?post=4805"}],"curies":[{"name":"wp","href":"https:\/\/api.w.org\/{rel}","templated":true}]}}