


{"id":4790,"date":"2018-01-25T17:16:14","date_gmt":"2018-01-25T17:16:14","guid":{"rendered":"https:\/\/polititzacionsdelmalestar.org\/2018\/01\/25\/modul-datencio-personalitzada\/"},"modified":"2018-02-23T17:47:00","modified_gmt":"2018-02-23T17:47:00","slug":"modul-datencio-personalitzada","status":"publish","type":"post","link":"https:\/\/polititzacionsdelmalestar.org\/es\/modul-datencio-personalitzada\/","title":{"rendered":"M\u00f3dulo de atenci\u00f3n personalizada"},"content":{"rendered":"<div id=\"pl-4790\"  class=\"panel-layout\" ><div id=\"pg-4790-0\"  class=\"panel-grid panel-no-style\" ><div id=\"pgc-4790-0-0\"  class=\"panel-grid-cell\" ><div id=\"panel-4790-0-0-0\" class=\"so-panel widget widget_virtue_gallery_widget virtue_gallery_widget panel-first-child\" data-index=\"0\" ><h3 class=\"widget-title\">M\u00f3dulo de atenci\u00f3n personalizada<\/h3><div id=\"kad-wp-gallery563\" class=\"kad-wp-gallery gallery kt-gallery-column-1 init-isotope-intrinsic reinit-isotope kad-light-wp-gallery clearfix rowtight\" data-fade-in=\"1\" data-iso-selector=\".g_item\" data-iso-style=\"masonry\" data-iso-filter=\"false\"><div class=\"tcol-lg-12 tcol-md-12 tcol-sm-12 tcol-xs-12 tcol-ss-12 g_item\"><div class=\"grid_item kt_item_fade_in kad_gallery_fade_in gallery_item\"><a href=\"https:\/\/polititzacionsdelmalestar.org\/wp-content\/uploads\/2018\/01\/01-MODULPepDardanya.jpg\" data-rel=\"lightbox\" class=\"lightboxhover\"><div class=\"kt-intrinsic\" style=\"padding-bottom:100%;\"><div itemprop=\"image\" itemscope itemtype=\"https:\/\/schema.org\/ImageObject\"><img loading=\"lazy\" decoding=\"async\" width=\"560\" height=\"560\" src=\"https:\/\/polititzacionsdelmalestar.org\/wp-content\/uploads\/2018\/01\/01-MODULPepDardanya-560x560.jpg\" srcset=\"https:\/\/polititzacionsdelmalestar.org\/wp-content\/uploads\/2018\/01\/01-MODULPepDardanya-560x560.jpg 560w, https:\/\/polititzacionsdelmalestar.org\/wp-content\/uploads\/2018\/01\/01-MODULPepDardanya-150x150.jpg 150w\" sizes=\"auto, (max-width: 560px) 100vw, 560px\" data-caption=\"M\u00f3dulo de atenci\u00f3n personalizada. Proyecto de Pep Dardany\u00e1 para la exposici\u00f3n El Coraz\u00f3n de las Tinieblas. Sala de exposiciones de La Virreina, Barcelona 2002.\" class=\"light-dropshaddow\" itemprop=\"contentUrl\" alt=\"\"><meta itemprop=\"url\" content=\"https:\/\/polititzacionsdelmalestar.org\/wp-content\/uploads\/2018\/01\/01-MODULPepDardanya-560x560.jpg\"><meta itemprop=\"width\" content=\"560px\"><meta itemprop=\"height\" content=\"560px\"><\/div><\/div><div class=\"caption kad_caption\"><div class=\"kad_caption_inner\">M\u00f3dulo de atenci\u00f3n personalizada. Proyecto de Pep Dardany\u00e1 para la exposici\u00f3n El Coraz\u00f3n de las Tinieblas. Sala de exposiciones de La Virreina, Barcelona 2002.<\/div><\/div><\/a><\/div><\/div><\/div><\/div><div id=\"panel-4790-0-0-1\" class=\"so-panel widget widget_sow-editor panel-last-child\" data-index=\"1\" ><div\n\t\t\t\n\t\t\tclass=\"so-widget-sow-editor so-widget-sow-editor-base\"\n\t\t\t\n\t\t>\n<div class=\"siteorigin-widget-tinymce textwidget\">\n\t<p>2002 - 2003 <br \/>Instalaci\u00f3n ef\u00edmera de medidas variables.<\/p>\n<p><em>M\u00f3dulo de atenci\u00f3n personalizada<\/em>, fue un proyecto desarrollado en el contexto de la exposici\u00f3n \"El coraz\u00f3n de las tinieblas\", exposici\u00f3n tem\u00e1tica sobre el famoso libro de Joseph Conrad que propon\u00eda, a partir de una lectura contempor\u00e1nea del libro, una reflexi\u00f3n sobre el neocolonialismo en \u00c1frica. Con el M\u00f3dulo transform\u00e9 el espacio que se me ofrec\u00eda en un espacio donde gente con experiencias personales de inter\u00e9s con relaci\u00f3n al proyecto general de exposici\u00f3n las pudieran manifestar p\u00fablicamente y no s\u00f3lo esto sino que este hecho fuera su trabajo, evidentemente remunerada. El primer paso del proceso consisti\u00f3 al encontrar, a trav\u00e9s de una selecci\u00f3n, cuatro personas con un perfil adecuado: dos hombres y dos mujeres, originarios del \u00c1frica Negra, con una experiencia del viaje interesantes y coherentes con el proyecto general, con capacidad de comunicarse al menos en dos lenguas, etc.. Estas personas fueron contratadas como \u201coradores\u201d, puesto que su tarea consist\u00eda al recibir los visitantes de la exposici\u00f3n y ofrecerlos un servicio: explicarlos de \u201cviva voz\u201d, de forma \u00edntima e intransferible, su experiencia personal del viaje. El segundo paso del proceso consisti\u00f3 al dise\u00f1ar un espacio adecuado a las condiciones de la instalaci\u00f3n. El M\u00f3dulo se configur\u00f3 como un espacio de intercambio de experiencias, un espacio no mediatizado donde el espectador y el orador ten\u00edan la posibilidad de establecer un di\u00e1logo directo, sin intermediarios. La intenci\u00f3n era incorporar a la exposici\u00f3n el relato, explicado oralmente por los propios protagonistas, del que podr\u00edamos denominar metaf\u00f3ricamente el \u201cviaje de vuelta\u201d de \u00c1frica, en el que Kurtz o Marlow ya no se llaman as\u00ed, sino que se llaman Lokman, Taiye, Asante o Rita y en el que la expresi\u00f3n \u201cThe horror\u201d referida a sus experiencias te m\u00e1s vigencia que nunca.<\/p>\n<\/div>\n<\/div><\/div><\/div><div id=\"pgc-4790-0-1\"  class=\"panel-grid-cell\" ><div id=\"panel-4790-0-1-0\" class=\"so-panel widget widget_sow-editor panel-first-child\" data-index=\"2\" ><div\n\t\t\t\n\t\t\tclass=\"so-widget-sow-editor so-widget-sow-editor-base\"\n\t\t\t\n\t\t>\n<div class=\"siteorigin-widget-tinymce textwidget\">\n\t<h5><a href=\"https:\/\/polititzacionsdelmalestar.org\/2018\/01\/23\/pep-dardanya\/?lang=es\">Pep Dardany\u00e0<\/a><\/h5>\n<h4>\u00a0<\/h4>\n<h4>Palabras clave<\/h4>\n<a href=\"https:\/\/polititzacionsdelmalestar.org\/temes\/malestar\/?lang=es\">Malestar<\/a>, <a href=\"https:\/\/polititzacionsdelmalestar.org\/temes\/migracio\/?lang=es\">Migraci\u00f3n<\/a>, <a href=\"https:\/\/polititzacionsdelmalestar.org\/temes\/politica\/?lang=es\">Pol\u00edtica <\/a>y <a href=\"https:\/\/polititzacionsdelmalestar.org\/temes\/processos-collaboratius\/?lang=es\">Procesos colaborativos<\/a>\n<h4>\u00a0<\/h4>\n<h4>Textos sobre el proyecto<\/h4>\n<a href=\"http:\/\/www.pepdardanya.com\/?p=127&amp;lang=ca\" target=\"_blank\" rel=\"noopener\">Pep Dardany\u00e0. <em>M\u00f2dul d\u2019atenci\u00f3 personalitzada <\/em><\/a>\n<h4>\u00a0<\/h4>\n<h4>Documentos <em>media<\/em><\/h4>\n<a href=\"http:\/\/www.pepdardanya.com\/?p=75&amp;lang=ca\" target=\"_blank\" rel=\"noopener\"><em>M\u00f2dul d'atenci\u00f3 personalitzada.<\/em><\/a><\/div>\n<\/div><\/div><div id=\"panel-4790-0-1-1\" class=\"so-panel widget widget_virtue_gallery_widget virtue_gallery_widget panel-last-child\" data-index=\"3\" ><div id=\"kad-wp-gallery35\" class=\"kad-wp-gallery gallery kt-gallery-column-1 init-isotope-intrinsic reinit-isotope kad-light-wp-gallery clearfix rowtight\" data-fade-in=\"1\" data-iso-selector=\".g_item\" data-iso-style=\"masonry\" data-iso-filter=\"false\"><div class=\"tcol-lg-12 tcol-md-12 tcol-sm-12 tcol-xs-12 tcol-ss-12 g_item\"><div class=\"grid_item kt_item_fade_in kad_gallery_fade_in gallery_item\"><a href=\"https:\/\/polititzacionsdelmalestar.org\/wp-content\/uploads\/2018\/01\/01-MODULPepDardanya.jpg\" data-rel=\"lightbox\" class=\"lightboxhover\"><div class=\"kt-intrinsic\" style=\"padding-bottom:100%;\"><div itemprop=\"image\" itemscope itemtype=\"https:\/\/schema.org\/ImageObject\"><img loading=\"lazy\" decoding=\"async\" width=\"560\" height=\"560\" src=\"https:\/\/polititzacionsdelmalestar.org\/wp-content\/uploads\/2018\/01\/01-MODULPepDardanya-560x560.jpg\" srcset=\"https:\/\/polititzacionsdelmalestar.org\/wp-content\/uploads\/2018\/01\/01-MODULPepDardanya-560x560.jpg 560w, https:\/\/polititzacionsdelmalestar.org\/wp-content\/uploads\/2018\/01\/01-MODULPepDardanya-150x150.jpg 150w\" sizes=\"auto, (max-width: 560px) 100vw, 560px\" data-caption=\"M\u00f3dulo de atenci\u00f3n personalizada. Proyecto de Pep Dardany\u00e1 para la exposici\u00f3n El Coraz\u00f3n de las Tinieblas. Sala de exposiciones de La Virreina, Barcelona 2002.\" class=\"light-dropshaddow\" itemprop=\"contentUrl\" alt=\"\"><meta itemprop=\"url\" content=\"https:\/\/polititzacionsdelmalestar.org\/wp-content\/uploads\/2018\/01\/01-MODULPepDardanya-560x560.jpg\"><meta itemprop=\"width\" content=\"560px\"><meta itemprop=\"height\" content=\"560px\"><\/div><\/div><div class=\"caption kad_caption\"><div class=\"kad_caption_inner\">M\u00f3dulo de atenci\u00f3n personalizada. Proyecto de Pep Dardany\u00e1 para la exposici\u00f3n El Coraz\u00f3n de las Tinieblas. Sala de exposiciones de La Virreina, Barcelona 2002.<\/div><\/div><\/a><\/div><\/div><\/div><\/div><\/div><\/div><\/div>","protected":false},"excerpt":{"rendered":"<h3><a href=\"http:\/\/polititzacionsdelmalestar.org\/2018\/01\/25\/modul-datencio-personalitzada\/?lang=es\">M\u00f3dulo de atenci\u00f3n personalizada<\/a><\/h3>\n<p>2002-2003<br \/>\n<a href=\"http:\/\/polititzacionsdelmalestar.org\/2018\/01\/23\/pep-dardanya\/?lang=es\"><strong>Pep Dardany\u00e0<\/strong><\/a><br \/>\n<br \/>\n<a href=\"http:\/\/polititzacionsdelmalestar.org\/temes\/malestar\/?lang=es\">Malestar<\/a>, <a href=\"http:\/\/polititzacionsdelmalestar.org\/temes\/migracio\/?lang=es\">Migraci\u00f3n<\/a>, <a href=\"http:\/\/polititzacionsdelmalestar.org\/temes\/politica\/?lang=es\">Pol\u00edtica <\/a>y <a href=\"http:\/\/polititzacionsdelmalestar.org\/temes\/processos-collaboratius\/?lang=es\">Procesos colaborativos<\/a><\/p>\n","protected":false},"author":6,"featured_media":4791,"comment_status":"closed","ping_status":"closed","sticky":false,"template":"","format":"standard","meta":{"footnotes":""},"categories":[150,173,120,155,158,123],"tags":[],"class_list":["post-4790","post","type-post","status-publish","format-standard","has-post-thumbnail","hentry","category-malestar-es","category-migracion","category-pep-dardanya-es","category-politica-es","category-processos-collaboratius-es","category-proyectos"],"_links":{"self":[{"href":"https:\/\/polititzacionsdelmalestar.org\/es\/wp-json\/wp\/v2\/posts\/4790","targetHints":{"allow":["GET"]}}],"collection":[{"href":"https:\/\/polititzacionsdelmalestar.org\/es\/wp-json\/wp\/v2\/posts"}],"about":[{"href":"https:\/\/polititzacionsdelmalestar.org\/es\/wp-json\/wp\/v2\/types\/post"}],"author":[{"embeddable":true,"href":"https:\/\/polititzacionsdelmalestar.org\/es\/wp-json\/wp\/v2\/users\/6"}],"replies":[{"embeddable":true,"href":"https:\/\/polititzacionsdelmalestar.org\/es\/wp-json\/wp\/v2\/comments?post=4790"}],"version-history":[{"count":11,"href":"https:\/\/polititzacionsdelmalestar.org\/es\/wp-json\/wp\/v2\/posts\/4790\/revisions"}],"predecessor-version":[{"id":8979,"href":"https:\/\/polititzacionsdelmalestar.org\/es\/wp-json\/wp\/v2\/posts\/4790\/revisions\/8979"}],"wp:featuredmedia":[{"embeddable":true,"href":"https:\/\/polititzacionsdelmalestar.org\/es\/wp-json\/wp\/v2\/media\/4791"}],"wp:attachment":[{"href":"https:\/\/polititzacionsdelmalestar.org\/es\/wp-json\/wp\/v2\/media?parent=4790"}],"wp:term":[{"taxonomy":"category","embeddable":true,"href":"https:\/\/polititzacionsdelmalestar.org\/es\/wp-json\/wp\/v2\/categories?post=4790"},{"taxonomy":"post_tag","embeddable":true,"href":"https:\/\/polititzacionsdelmalestar.org\/es\/wp-json\/wp\/v2\/tags?post=4790"}],"curies":[{"name":"wp","href":"https:\/\/api.w.org\/{rel}","templated":true}]}}