


{"id":4771,"date":"2018-01-25T13:41:23","date_gmt":"2018-01-25T13:41:23","guid":{"rendered":"https:\/\/polititzacionsdelmalestar.org\/2018\/01\/25\/mi-caaasa\/"},"modified":"2018-02-23T17:41:25","modified_gmt":"2018-02-23T17:41:25","slug":"mi-caaasa","status":"publish","type":"post","link":"https:\/\/polititzacionsdelmalestar.org\/es\/mi-caaasa\/","title":{"rendered":"Mi caaasa"},"content":{"rendered":"<div id=\"pl-4771\"  class=\"panel-layout\" ><div id=\"pg-4771-0\"  class=\"panel-grid panel-no-style\" ><div id=\"pgc-4771-0-0\"  class=\"panel-grid-cell\" ><div id=\"panel-4771-0-0-0\" class=\"so-panel widget widget_virtue_gallery_widget virtue_gallery_widget panel-first-child\" data-index=\"0\" ><h3 class=\"widget-title\">Mi caaasa<\/h3><div id=\"kad-wp-gallery889\" class=\"kad-wp-gallery gallery kt-gallery-column-1 init-isotope-intrinsic reinit-isotope kad-light-wp-gallery clearfix rowtight\" data-fade-in=\"1\" data-iso-selector=\".g_item\" data-iso-style=\"masonry\" data-iso-filter=\"false\"><div class=\"tcol-lg-12 tcol-md-12 tcol-sm-12 tcol-xs-12 tcol-ss-12 g_item\"><div class=\"grid_item kt_item_fade_in kad_gallery_fade_in gallery_item\"><a href=\"https:\/\/polititzacionsdelmalestar.org\/wp-content\/uploads\/2018\/01\/01-proyecto-enmedio.jpg\" data-rel=\"lightbox\" class=\"lightboxhover\"><div class=\"kt-intrinsic\" style=\"padding-bottom:53.8%;\"><div itemprop=\"image\" itemscope itemtype=\"https:\/\/schema.org\/ImageObject\"><img loading=\"lazy\" decoding=\"async\" width=\"1000\" height=\"538\" src=\"https:\/\/polititzacionsdelmalestar.org\/wp-content\/uploads\/2018\/01\/01-proyecto-enmedio.jpg\" srcset=\"https:\/\/polititzacionsdelmalestar.org\/wp-content\/uploads\/2018\/01\/01-proyecto-enmedio.jpg 1000w, https:\/\/polititzacionsdelmalestar.org\/wp-content\/uploads\/2018\/01\/01-proyecto-enmedio-300x161.jpg 300w, https:\/\/polititzacionsdelmalestar.org\/wp-content\/uploads\/2018\/01\/01-proyecto-enmedio-768x413.jpg 768w, https:\/\/polititzacionsdelmalestar.org\/wp-content\/uploads\/2018\/01\/01-proyecto-enmedio-728x392.jpg 728w, https:\/\/polititzacionsdelmalestar.org\/wp-content\/uploads\/2018\/01\/01-proyecto-enmedio-364x196.jpg 364w, https:\/\/polititzacionsdelmalestar.org\/wp-content\/uploads\/2018\/01\/01-proyecto-enmedio-520x280.jpg 520w, https:\/\/polititzacionsdelmalestar.org\/wp-content\/uploads\/2018\/01\/01-proyecto-enmedio-260x140.jpg 260w\" sizes=\"auto, (max-width: 1000px) 100vw, 1000px\" data-caption=\"Projecto Mi caaasa. Enmedio Colectivo\" class=\"light-dropshaddow\" itemprop=\"contentUrl\" alt=\"\"><meta itemprop=\"url\" content=\"https:\/\/polititzacionsdelmalestar.org\/wp-content\/uploads\/2018\/01\/01-proyecto-enmedio.jpg\"><meta itemprop=\"width\" content=\"1000px\"><meta itemprop=\"height\" content=\"538px\"><\/div><\/div><div class=\"caption kad_caption\"><div class=\"kad_caption_inner\">Projecto Mi caaasa. Enmedio Colectivo<\/div><\/div><\/a><\/div><\/div><\/div><\/div><div id=\"panel-4771-0-0-1\" class=\"so-panel widget widget_sow-editor panel-last-child\" data-index=\"1\" ><div\n\t\t\t\n\t\t\tclass=\"so-widget-sow-editor so-widget-sow-editor-base\"\n\t\t\t\n\t\t>\n<div class=\"siteorigin-widget-tinymce textwidget\">\n\t<p>2017<br \/>Escultura p\u00fablica \/ Fotograf\u00cda \/ V\u00eddeo<\/p>\n<p>Con la intenci\u00f3n de transformar el Barrio Xino que hoy conocemos como el Rabal, se derrocaron unas 4.200 viviendas. Si calculamos que a cada uno viv\u00edan una media de 2,3 personas, y que el n\u00famero de nuevas viviendas construidas a posteriori no super\u00f3 los 1.574, obtenemos como resultado que cerca de 3.393 personas se vieron forzadas a abandonar el barrio.<\/p>\n<p>Este proceso de destrucci\u00f3n no se ha dejado de repetir en pr\u00e1cticamente todos los barrios de la ciudad de Barcelona. Se denomina gentrificaci\u00f3, un proceso de desplazamiento social en que los mercados imponen el valor del dinero por encima del valor de uso de quienes habitan los territorios. La gentrificaci\u00f3 responde siempre a un mismo modus operandi. Primero destruye un territorio, lo degrada, lo deja morir, por, a continuaci\u00f3n, resucitarlo bajo una nueva apariencia. En este proceso, las personas que no se adaptan econ\u00f3micamente a la nueva configuraci\u00f3n caen, desaparecen. Esta resurrecci\u00f3n espacial es posible gracias, en parte, al papel del arte p\u00fablico, tanto pacificant la zona destruida como revalorant-la. En los procesos de gentrificaci\u00f3, las obras art\u00edsticas act\u00faan como un nuevo rey Mides, convirtiendo en oro todo el suelo que tocan.<\/p>\n<p>Este proyecto de escultura p\u00fablica propuesto por el colectivo Enmedio para el barrio de Drassanes persigue revertir esta manera de actuar. En lugar de actuar a favor de la gentrificaci\u00f3, este monumento lo hace en la direcci\u00f3n opuesta. Su objetivo es servir de homenaje a todos los ca\u00eddos durante la guerra urban\u00edstica que se entrega en esta ciudad y denunciar los casos de violencia inmobiliaria que se sigan donante. M\u00ed Caaasa es un lugar para el recuerdo y una advertencia porque esta guerra no vuelva a pasar nunca. Proyecte coprodu\u00eft por Arts Santa M\u00f2nica y B\u00f2lit en el marco de Politizaciones del malestar.<\/p>\n<p>\u00a0<\/p>\n<h4>Recorrido del proyecto. \u00bfD\u00f3nde se encuentra la obra?<\/h4>\n<p><a href=\"http:\/\/www.enmedio.info\/micaaasa\/\" target=\"_blank\" rel=\"noopener\">Mi caaasa<\/a><\/p>\n<\/div>\n<\/div><\/div><\/div><div id=\"pgc-4771-0-1\"  class=\"panel-grid-cell\" ><div id=\"panel-4771-0-1-0\" class=\"so-panel widget widget_sow-editor panel-first-child\" data-index=\"2\" ><div\n\t\t\t\n\t\t\tclass=\"so-widget-sow-editor so-widget-sow-editor-base\"\n\t\t\t\n\t\t>\n<div class=\"siteorigin-widget-tinymce textwidget\">\n\t<h5><a href=\"https:\/\/polititzacionsdelmalestar.org\/2018\/01\/23\/enmedio-colectivo\/?lang=es\">Enmedio Colectivo<\/a><\/h5>\n<h4>\u00a0<\/h4>\n<h4>Palabras clave<\/h4>\n<p><a href=\"https:\/\/polititzacionsdelmalestar.org\/temes\/activismo\/?lang=es\">Activismo<\/a>, <a href=\"https:\/\/polititzacionsdelmalestar.org\/temes\/art-public\/?lang=es\">Arte p\u00fablico<\/a>, <a href=\"https:\/\/polititzacionsdelmalestar.org\/temes\/comunicacio\/?lang=es\">Comunicaci\u00f3n<\/a>, <a href=\"https:\/\/polititzacionsdelmalestar.org\/temes\/espai-public\/?lang=es\">Espaci\u00f3 p\u00fablico<\/a>, <a href=\"https:\/\/polititzacionsdelmalestar.org\/temes\/malestar\/?lang=es\">Malestar<\/a>, <a href=\"https:\/\/polititzacionsdelmalestar.org\/temes\/politica\/?lang=es\">Pol\u00edtica<\/a> y <a href=\"https:\/\/polititzacionsdelmalestar.org\/temes\/processos-collaboratius\/?lang=es\">Procesos colaborativos<\/a><\/p>\n<div class=\"page\" title=\"Page 1\">\n<div class=\"layoutArea\">\n<h4>\u00a0<\/h4>\n<h4 class=\"column\">Textos sobre el proyecto<\/h4>\n<p class=\"column\"><a href=\"https:\/\/polititzacionsdelmalestar.org\/wp-content\/uploads\/2018\/01\/05.-2-Laia-Enmedio-copia.pdf\">Enmedio: una aproximaci\u00f3 a l'activisme creatiu.<\/a> PDF (190KB)<\/p>\n<h4>\u00a0<\/h4>\n<h4>Documentos <em>media<\/em><\/h4>\n<p><a href=\"http:\/\/www.enmedio.info\/tag\/arte\/page\/6\/\" target=\"_blank\" rel=\"noopener\">Arte y activismo<\/a><\/p>\n<h4>\u00a0<\/h4>\n<h4><div class=\"titol-galeria\">Fotos del proyecto<\/div><\/h4><\/div><\/div><\/div>\n<\/div><\/div><div id=\"panel-4771-0-1-1\" class=\"so-panel widget widget_virtue_gallery_widget virtue_gallery_widget panel-last-child\" data-index=\"3\" ><div id=\"kad-wp-gallery151\" class=\"kad-wp-gallery gallery kt-gallery-column-1 init-isotope-intrinsic reinit-isotope kad-light-wp-gallery clearfix rowtight\" data-fade-in=\"1\" data-iso-selector=\".g_item\" data-iso-style=\"masonry\" data-iso-filter=\"false\"><div class=\"tcol-lg-12 tcol-md-12 tcol-sm-12 tcol-xs-12 tcol-ss-12 g_item\"><div class=\"grid_item kt_item_fade_in kad_gallery_fade_in gallery_item\"><a href=\"https:\/\/polititzacionsdelmalestar.org\/wp-content\/uploads\/2018\/01\/02-Captura-de-pantalla-2017-06-28-a-las-18.00.57.jpg\" data-rel=\"lightbox\" class=\"lightboxhover\"><div class=\"kt-intrinsic\" style=\"padding-bottom:100%;\"><div itemprop=\"image\" itemscope itemtype=\"https:\/\/schema.org\/ImageObject\"><img loading=\"lazy\" decoding=\"async\" width=\"560\" height=\"560\" src=\"https:\/\/polititzacionsdelmalestar.org\/wp-content\/uploads\/2018\/01\/02-Captura-de-pantalla-2017-06-28-a-las-18.00.57-560x560.jpg\" srcset=\"https:\/\/polititzacionsdelmalestar.org\/wp-content\/uploads\/2018\/01\/02-Captura-de-pantalla-2017-06-28-a-las-18.00.57-560x560.jpg 560w, https:\/\/polititzacionsdelmalestar.org\/wp-content\/uploads\/2018\/01\/02-Captura-de-pantalla-2017-06-28-a-las-18.00.57-150x150.jpg 150w\" sizes=\"auto, (max-width: 560px) 100vw, 560px\" data-caption=\"Projecte Mi caaasa. Enmedio Colectivo\" class=\"light-dropshaddow\" itemprop=\"contentUrl\" alt=\"Projecto Mi caaasa. Enmedio Colectivo\"><meta itemprop=\"url\" content=\"https:\/\/polititzacionsdelmalestar.org\/wp-content\/uploads\/2018\/01\/02-Captura-de-pantalla-2017-06-28-a-las-18.00.57-560x560.jpg\"><meta itemprop=\"width\" content=\"560px\"><meta itemprop=\"height\" content=\"560px\"><\/div><\/div><div class=\"caption kad_caption\"><div class=\"kad_caption_inner\">Projecte Mi caaasa. Enmedio Colectivo<\/div><\/div><\/a><\/div><\/div><\/div><\/div><\/div><\/div><\/div>","protected":false},"excerpt":{"rendered":"<h3><a href=\"http:\/\/polititzacionsdelmalestar.org\/2018\/01\/25\/mi-caaasa\/?lang=es\">Mi caaasa<\/a><\/h3>\n<p>2017<br \/>\n<a href=\"http:\/\/polititzacionsdelmalestar.org\/2018\/01\/23\/enmedio-colectivo\/?lang=es\"><strong>Colectivo Enmedio<\/strong><\/a><br \/>\n<br \/>\n<a href=\"http:\/\/polititzacionsdelmalestar.org\/temes\/activismo\/?lang=es\">Activismo<\/a>, <a href=\"http:\/\/polititzacionsdelmalestar.org\/temes\/art-public\/?lang=es\">Arte p\u00fablico<\/a>, <a href=\"http:\/\/polititzacionsdelmalestar.org\/temes\/comunicacio\/?lang=es\">Comunicaci\u00f3n<\/a>, <a href=\"http:\/\/polititzacionsdelmalestar.org\/temes\/espai-public\/?lang=es\">Espaci\u00f3 p\u00fablico<\/a>, <a href=\"http:\/\/polititzacionsdelmalestar.org\/temes\/malestar\/?lang=es\">Malestar<\/a>, <a href=\"http:\/\/polititzacionsdelmalestar.org\/temes\/politica\/?lang=es\">Pol\u00edtica<\/a> y <a href=\"http:\/\/polititzacionsdelmalestar.org\/temes\/processos-collaboratius\/?lang=es\">Procesos colaborativos<\/a><\/p>\n","protected":false},"author":6,"featured_media":4772,"comment_status":"closed","ping_status":"closed","sticky":false,"template":"","format":"standard","meta":{"footnotes":""},"categories":[144,142,86,140,145,150,155,158,123],"tags":[],"class_list":["post-4771","post","type-post","status-publish","format-standard","has-post-thumbnail","hentry","category-activisme-es","category-art-public-es","category-colectivo-enmedio-es","category-comunicacio-es","category-espai-public-es","category-malestar-es","category-politica-es","category-processos-collaboratius-es","category-proyectos"],"_links":{"self":[{"href":"https:\/\/polititzacionsdelmalestar.org\/es\/wp-json\/wp\/v2\/posts\/4771","targetHints":{"allow":["GET"]}}],"collection":[{"href":"https:\/\/polititzacionsdelmalestar.org\/es\/wp-json\/wp\/v2\/posts"}],"about":[{"href":"https:\/\/polititzacionsdelmalestar.org\/es\/wp-json\/wp\/v2\/types\/post"}],"author":[{"embeddable":true,"href":"https:\/\/polititzacionsdelmalestar.org\/es\/wp-json\/wp\/v2\/users\/6"}],"replies":[{"embeddable":true,"href":"https:\/\/polititzacionsdelmalestar.org\/es\/wp-json\/wp\/v2\/comments?post=4771"}],"version-history":[{"count":10,"href":"https:\/\/polititzacionsdelmalestar.org\/es\/wp-json\/wp\/v2\/posts\/4771\/revisions"}],"predecessor-version":[{"id":8975,"href":"https:\/\/polititzacionsdelmalestar.org\/es\/wp-json\/wp\/v2\/posts\/4771\/revisions\/8975"}],"wp:featuredmedia":[{"embeddable":true,"href":"https:\/\/polititzacionsdelmalestar.org\/es\/wp-json\/wp\/v2\/media\/4772"}],"wp:attachment":[{"href":"https:\/\/polititzacionsdelmalestar.org\/es\/wp-json\/wp\/v2\/media?parent=4771"}],"wp:term":[{"taxonomy":"category","embeddable":true,"href":"https:\/\/polititzacionsdelmalestar.org\/es\/wp-json\/wp\/v2\/categories?post=4771"},{"taxonomy":"post_tag","embeddable":true,"href":"https:\/\/polititzacionsdelmalestar.org\/es\/wp-json\/wp\/v2\/tags?post=4771"}],"curies":[{"name":"wp","href":"https:\/\/api.w.org\/{rel}","templated":true}]}}