


{"id":4745,"date":"2017-12-11T09:46:59","date_gmt":"2017-12-11T09:46:59","guid":{"rendered":"https:\/\/polititzacionsdelmalestar.org\/2017\/12\/11\/antonia-del-rio\/"},"modified":"2018-02-08T17:52:17","modified_gmt":"2018-02-08T17:52:17","slug":"antonia-del-rio","status":"publish","type":"post","link":"https:\/\/polititzacionsdelmalestar.org\/es\/antonia-del-rio\/","title":{"rendered":"del R\u00edo, Ant\u00f2nia"},"content":{"rendered":"<div id=\"pl-4745\"  class=\"panel-layout\" ><div id=\"pg-4745-0\"  class=\"panel-grid panel-no-style\" ><div id=\"pgc-4745-0-0\"  class=\"panel-grid-cell\" ><div id=\"panel-4745-0-0-0\" class=\"so-panel widget widget_sow-editor panel-first-child panel-last-child\" data-index=\"0\" ><div\n\t\t\t\n\t\t\tclass=\"so-widget-sow-editor so-widget-sow-editor-base\"\n\t\t\t\n\t\t><h3 class=\"widget-title\">Ant\u00f2nia del R\u00edo<\/h3>\n<div class=\"siteorigin-widget-tinymce textwidget\">\n\t<\/div>\n<\/div><\/div><\/div><\/div><div id=\"pg-4745-1\"  class=\"panel-grid panel-no-style\" ><div id=\"pgc-4745-1-0\"  class=\"panel-grid-cell\" ><div id=\"panel-4745-1-0-0\" class=\"so-panel widget widget_sow-editor panel-first-child\" data-index=\"1\" ><div\n\t\t\t\n\t\t\tclass=\"so-widget-sow-editor so-widget-sow-editor-base\"\n\t\t\t\n\t\t>\n<div class=\"siteorigin-widget-tinymce textwidget\">\n\t<p><img decoding=\"async\" class=\"foto_completa\" src=\"https:\/\/polititzacionsdelmalestar.org\/wp-content\/uploads\/2017\/12\/01.png\" \/><\/p>\n<p><em>Ant\u00f2nia del R\u00edo. \"Esporgats#3\". Ciclo \"Blanc sota negre. Treballs des de l'imperceptible\". A cargo de Assumpta Bassas y Joana Mas\u00f3. Arts Santa M\u00f2nica, 2014.<\/em><\/p>\n<p>\u00a0<\/p>\n<h5>\"<a href=\"https:\/\/polititzacionsdelmalestar.org\/2017\/12\/26\/esporgats-3\/?lang=es\">Esporgats #3\"<\/a><\/h5>\n<p>2014<br \/><a href=\"https:\/\/polititzacionsdelmalestar.org\/temes\/memoria\/?lang=es\">Memoria<\/a>, <a href=\"https:\/\/polititzacionsdelmalestar.org\/temes\/politica\/?lang=es\">Pol\u00edtica <\/a>y <a href=\"https:\/\/polititzacionsdelmalestar.org\/temes\/processos-collaboratius\/?lang=es\">Procesos colaborativos<\/a><\/p>\n<\/div>\n<\/div><\/div><div id=\"panel-4745-1-0-1\" class=\"so-panel widget widget_sow-editor panel-last-child\" data-index=\"2\" ><div\n\t\t\t\n\t\t\tclass=\"so-widget-sow-editor so-widget-sow-editor-base\"\n\t\t\t\n\t\t>\n<div class=\"siteorigin-widget-tinymce textwidget\">\n\t<p>Capdepera, Mallorca, 1983. Vive y trabaja en Barcelona. Es licenciada en Bellas Artes y Master en Producciones art\u00edsticas e investigaci\u00f3n por la Universidad de Barcelona.<\/p>\n<p>Su trabajo se ha expuesto en diversos espacios y ferias de arte como Arts Santa M\u00f2nica (Barcelona), Centre d'Art Tecla Sala (Hospitalet de Llobregat, Barcelona), La Casa Encendida (Madrid), Museo de Arte Moderno y contempor\u00e1neo Es Baluard (Palma), Centro de Arte contempor\u00e1neo La Panera (Lleida), MUU gallery (Helsinki, Finlandia), Hilvaria Studio s (Holanda), Drawing Now (Par\u00eds), entre otros.<\/p>\n<p>Ha sido seleccionada en convocatorias como Sala de Arte Joven (proyectos de edici\u00f3n), Bienal de Valls, Can Felipa Arts Visuals, Certamen artes pl\u00e1sticas Ciudad de Felanitx, Premio Ciudad de Manacor, etc.<\/p>\n<p>Compagina su labor creativa trabajando en la asociaci\u00f3n Experimentem amb l'Art, coordinando diversos proyectos educativos en relaci\u00f3n a la Residencia EART.<\/p>\n<p>Ha recibido los premios y becas Fundaci\u00f3n Banco Sabadell mejor galer\u00eda, Swab (galer\u00eda Sicart: solo show Ant\u00f2nia del R\u00edo), 2016. Premio Arts Libris por la Fundaci\u00f3n Banco Sabadell, 2016. Menci\u00f3n de honor I Certamen Artes Pl\u00e1sticas Ciudad de Felanitx, 2015 . Premio ART &lt;30, Sala Par\u00e9s y Galer\u00eda Trama, Barcelona, 2011.Beca de producci\u00f3n art\u00edstica Fundaci\u00f3n Su\u00f1ol, 2010. Menci\u00f3n de honor al 9\u00ba Forum Fotogr\u00e0fic Can Bast\u00e9, 2006.<\/p>\n<\/div>\n<\/div><\/div><\/div><div id=\"pgc-4745-1-1\"  class=\"panel-grid-cell\" ><div id=\"panel-4745-1-1-0\" class=\"so-panel widget widget_sow-editor panel-first-child panel-last-child\" data-index=\"3\" ><div\n\t\t\t\n\t\t\tclass=\"so-widget-sow-editor so-widget-sow-editor-base\"\n\t\t\t\n\t\t>\n<div class=\"siteorigin-widget-tinymce textwidget\">\n\t<p><strong>Nota<\/strong><br \/>\nEsta es una selecci\u00f3n de las obras de la autora que se enmarcan en los conceptos de Politizaciones del malestar.<\/p>\n<h4>\u00a0<\/h4>\n<p><strong>Otros proyectos <\/strong><\/p>\n<p><em>- <a href=\"http:\/\/antoniadelrio.com\/xiu-xius-en-blanc-la-biblioteca-absent\/\" target=\"_blank\" rel=\"noopener\">Xiu-xius en blanc. La biblioteca absent<\/a><\/em><\/p>\n<p><em>- <a href=\"http:\/\/antoniadelrio.com\/silenci\/\" target=\"_blank\" rel=\"noopener\">Silenci<\/a><\/em><\/p>\n<\/div>\n<\/div><\/div><\/div><\/div><\/div>","protected":false},"excerpt":{"rendered":"<h5><a href=\"http:\/\/polititzacionsdelmalestar.org\/2017\/12\/11\/antonia-del-rio\/?lang=es\" >Antonia del Rio<\/a><\/h5>\n<li><a href=\"http:\/\/polititzacionsdelmalestar.org\/2017\/12\/26\/esporgats-3\/?lang=es\" >Esporgats #3<\/a>, 2014<\/li>\n","protected":false},"author":6,"featured_media":0,"comment_status":"closed","ping_status":"open","sticky":false,"template":"","format":"standard","meta":{"footnotes":""},"categories":[82],"tags":[],"class_list":["post-4745","post","type-post","status-publish","format-standard","hentry","category-autores"],"_links":{"self":[{"href":"https:\/\/polititzacionsdelmalestar.org\/es\/wp-json\/wp\/v2\/posts\/4745","targetHints":{"allow":["GET"]}}],"collection":[{"href":"https:\/\/polititzacionsdelmalestar.org\/es\/wp-json\/wp\/v2\/posts"}],"about":[{"href":"https:\/\/polititzacionsdelmalestar.org\/es\/wp-json\/wp\/v2\/types\/post"}],"author":[{"embeddable":true,"href":"https:\/\/polititzacionsdelmalestar.org\/es\/wp-json\/wp\/v2\/users\/6"}],"replies":[{"embeddable":true,"href":"https:\/\/polititzacionsdelmalestar.org\/es\/wp-json\/wp\/v2\/comments?post=4745"}],"version-history":[{"count":11,"href":"https:\/\/polititzacionsdelmalestar.org\/es\/wp-json\/wp\/v2\/posts\/4745\/revisions"}],"predecessor-version":[{"id":7934,"href":"https:\/\/polititzacionsdelmalestar.org\/es\/wp-json\/wp\/v2\/posts\/4745\/revisions\/7934"}],"wp:attachment":[{"href":"https:\/\/polititzacionsdelmalestar.org\/es\/wp-json\/wp\/v2\/media?parent=4745"}],"wp:term":[{"taxonomy":"category","embeddable":true,"href":"https:\/\/polititzacionsdelmalestar.org\/es\/wp-json\/wp\/v2\/categories?post=4745"},{"taxonomy":"post_tag","embeddable":true,"href":"https:\/\/polititzacionsdelmalestar.org\/es\/wp-json\/wp\/v2\/tags?post=4745"}],"curies":[{"name":"wp","href":"https:\/\/api.w.org\/{rel}","templated":true}]}}