


{"id":4721,"date":"2018-01-25T16:22:23","date_gmt":"2018-01-25T16:22:23","guid":{"rendered":"https:\/\/polititzacionsdelmalestar.org\/2018\/01\/25\/menjar-sardines-crues-aquests-mons-deu\/"},"modified":"2018-03-18T12:24:49","modified_gmt":"2018-03-18T12:24:49","slug":"menjar-sardines-crues-aquests-mons-deu","status":"publish","type":"post","link":"https:\/\/polititzacionsdelmalestar.org\/es\/menjar-sardines-crues-aquests-mons-deu\/","title":{"rendered":"Comer sardinas crudas por estos mundos de Dios"},"content":{"rendered":"<div id=\"pl-4721\"  class=\"panel-layout\" ><div id=\"pg-4721-0\"  class=\"panel-grid panel-no-style\" ><div id=\"pgc-4721-0-0\"  class=\"panel-grid-cell\" ><div id=\"panel-4721-0-0-0\" class=\"so-panel widget widget_virtue_gallery_widget virtue_gallery_widget panel-first-child\" data-index=\"0\" ><h3 class=\"widget-title\">Comer sardinas crudas por esos mundos de Dios<\/h3><div id=\"kad-wp-gallery167\" class=\"kad-wp-gallery gallery kt-gallery-column-1 init-isotope-intrinsic reinit-isotope kad-light-wp-gallery clearfix rowtight\" data-fade-in=\"1\" data-iso-selector=\".g_item\" data-iso-style=\"masonry\" data-iso-filter=\"false\"><div class=\"tcol-lg-12 tcol-md-12 tcol-sm-12 tcol-xs-12 tcol-ss-12 g_item\"><div class=\"grid_item kt_item_fade_in kad_gallery_fade_in gallery_item\"><a href=\"https:\/\/polititzacionsdelmalestar.org\/wp-content\/uploads\/2018\/01\/01-SARDINAS_CAP-DE-CREUS_1.jpg\" data-rel=\"lightbox\" class=\"lightboxhover\"><div class=\"kt-intrinsic\" style=\"padding-bottom:100%;\"><div itemprop=\"image\" itemscope itemtype=\"https:\/\/schema.org\/ImageObject\"><img loading=\"lazy\" decoding=\"async\" width=\"560\" height=\"560\" src=\"https:\/\/polititzacionsdelmalestar.org\/wp-content\/uploads\/2018\/01\/01-SARDINAS_CAP-DE-CREUS_1-560x560.jpg\" srcset=\"https:\/\/polititzacionsdelmalestar.org\/wp-content\/uploads\/2018\/01\/01-SARDINAS_CAP-DE-CREUS_1-560x560.jpg 560w, https:\/\/polititzacionsdelmalestar.org\/wp-content\/uploads\/2018\/01\/01-SARDINAS_CAP-DE-CREUS_1-150x150.jpg 150w\" sizes=\"auto, (max-width: 560px) 100vw, 560px\" data-caption=\"Matilde Obradors. Performance: Menjar sardines crues per aquests mons.\u00a0(Vestir-nos elegants per cruspir cad\u00e0vers). Cap de Creus. Cadaqu\u00e9s. Girona.\u00a0Foto: Ricard Cambra Castells.\" class=\"light-dropshaddow\" itemprop=\"contentUrl\" alt=\"\"><meta itemprop=\"url\" content=\"https:\/\/polititzacionsdelmalestar.org\/wp-content\/uploads\/2018\/01\/01-SARDINAS_CAP-DE-CREUS_1-560x560.jpg\"><meta itemprop=\"width\" content=\"560px\"><meta itemprop=\"height\" content=\"560px\"><\/div><\/div><div class=\"caption kad_caption\"><div class=\"kad_caption_inner\">Matilde Obradors. Performance: Menjar sardines crues per aquests mons.\u00a0(Vestir-nos elegants per cruspir cad\u00e0vers). Cap de Creus. Cadaqu\u00e9s. Girona.\u00a0Foto: Ricard Cambra Castells.<\/div><\/div><\/a><\/div><\/div><\/div><\/div><div id=\"panel-4721-0-0-1\" class=\"so-panel widget widget_sow-editor panel-last-child\" data-index=\"1\" ><div\n\t\t\t\n\t\t\tclass=\"so-widget-sow-editor so-widget-sow-editor-base\"\n\t\t\t\n\t\t>\n<div class=\"siteorigin-widget-tinymce textwidget\">\n\t<p>(Vestirnos elegantes para engullir cad\u00e1veres)<\/p>\n<p>2013 <br \/>Performance grabada en v\u00eddeo <br \/>Formato: HD <br \/>Duraci\u00f3n: 4\u2019<\/p>\n<p>En el sufrimiento infantil, se materializa la voracidad de comer sardinas crudas robadas de la nevera. \"Eres una salvaje!\u201d, me dec\u00eda mi madre.<\/p>\n<p>Hace seis a\u00f1os surge la necesidad de recrear este acto infantil comi\u00e9ndome las sardinas crudas en diferentes lugares, como gesti\u00f3n del malestar. A manera de hoja de agitaci\u00f3n.<\/p>\n<p>El acto de comer las sardinas crudas enteras con las v\u00edsceras, establece conexiones con varios aspectos:<\/p>\n<p>Hacer un acto combativo inspirado en la etapa infantil y su creativa forma de gestionar el malestar. Reflexionar sobre c\u00f3mo de amenazada est\u00e1 la seguridad alimentaria del mundo (la patente de semillas, el hambre, la p\u00e9rdida de biodiversidad, la contaminaci\u00f3n del mar). Recuperar nuestra parte salvaje y nuestra necesidad de formar parte de la naturaleza. Comer un animal que se relaciona con lo que es pagano. Recuerdo aquel d\u00eda del a\u00f1o, en que \u00edbamos con la escuela a enterrar la sardina, ceremonia que pone fin al carnaval para que surja una nueva sociedad transformada.<\/p>\n<p>Y finalmente, me remite a un hecho que aceptamos desde siempre con toda naturalidad en el mundo que hemos denominado civilizado: Nos vestimos de punta en blanco y nos sentamos en torno a una mesa para comer cad\u00e1veres. Convivimos cotidianamente con ellos, los cuidamos, los refrigeramos...<\/p>\n<p>La pregunta m\u00e1s recurrente con relaci\u00f3n a la performance ha sido: \u201c\u00bfPor qu\u00e9 vas tan elegante por engullir las sardinas crudas?\u201d. Yo sonr\u00edo y respondo: \"Lo llevamos haciendo desde hace mucho tiempo, vestirnos elegantes para comer cad\u00e1veres\u201d.<\/p>\n<p>Agradecimientos: Espacio Gu\u00eda. Manena Juan. Clara Maseda. Fernando Maseda. Media Quiosc \/ Arts Santa M\u00f2nica. Maria de Marias. Andrew Colquhoun. Livemedia. Nicolas Stoppa. Ricard C\u00e1mara. Pitu G\u00f3mez. Galer\u00eda Dieu. Universidad de Bangor. Eva Bru. Cadaqu\u00e9s. Matilde Barba.<\/p>\n<p>\u00a0<\/p>\n<h4>Recorrido del proyecto. \u00bfD\u00f3nde se encuentra la obra?<\/h4>\n<p>La idea inicial era comer las sardinas en diferentes cementerios europeos invitando a un artista en cada lugar, pero los proyectos tienen vida propia y experimentan mutaciones inesperadas.<\/p>\n<p>La performance \"Comer sardinas crudas\" se ha hecho:<\/p>\n<p>- Bajo un puente de autopista en Las Palmas de Gran Canaria (Expuesta en Arts Santa M\u00f3nica \/ Polititzacions del Malestar). 2013\/2017.<\/p>\n<p>- Frente al mar en el Pa\u00eds de Gales, Reino Unido, invitada por la Universidad de Bangor. M\u00e1ster: <a href=\"https:\/\/www.instagram.com\/p\/BM6lWjHBtT5\/\" target=\"_blank\" rel=\"noopener\">Culture and the Body. Curator: Eva Bru.<\/a> \u00a02016.<\/p>\n<p>- En las rocas del Cabo de Creus. Cadaqu\u00e9s (Intervenci\u00f3n en el paisaje. Exposici\u00f3n en la Galer\u00eda Dieu. Fondo de la galer\u00eda). 2015.<\/p>\n<p>- En el Cementerio de Cadaqu\u00e9s, Girona (Performance grabada para el Documental \"Lost in Cadaqu\u00e9s\" de Nicolas Stoppa). 2013.<\/p>\n<p>- En el Media Quiosc de Arts Santa M\u00f2nica. Barcelona (La obra forma parte del archivo de Livemedia). 2012.<\/p>\n<p>La obra se encuentra documentada en los <a href=\"http:\/\/hdl.handle.net\/10230\/32854\" target=\"_blank\" rel=\"noopener\">Informes del E-Repositorio de la UPF.<\/a><\/p>\n<p>\u00a0<\/p>\n<\/div>\n<\/div><\/div><\/div><div id=\"pgc-4721-0-1\"  class=\"panel-grid-cell\" ><div id=\"panel-4721-0-1-0\" class=\"so-panel widget widget_sow-editor panel-first-child\" data-index=\"2\" ><div\n\t\t\t\n\t\t\tclass=\"so-widget-sow-editor so-widget-sow-editor-base\"\n\t\t\t\n\t\t>\n<div class=\"siteorigin-widget-tinymce textwidget\">\n\t<h5><a href=\"https:\/\/polititzacionsdelmalestar.org\/2018\/01\/23\/matilde-obradors\/?lang=es\">Matilde Obradors<\/a><\/h5>\n<h4>\u00a0<\/h4>\n<h4>Palabras clave<\/h4>\n<p><a href=\"https:\/\/polititzacionsdelmalestar.org\/temes\/cos\/?lang=es\">Cuerpo<\/a>, \n<a href=\"https:\/\/polititzacionsdelmalestar.org\/temes\/identitat\/?lang=es\">Identidad<\/a>, <a href=\"https:\/\/polititzacionsdelmalestar.org\/temes\/malestar\/?lang=es\">Malestar<\/a>,\n<a href=\"https:\/\/polititzacionsdelmalestar.org\/temes\/natura\/?lang=es\">Naturaleza<\/a>, <a href=\"https:\/\/polititzacionsdelmalestar.org\/temes\/performance\/?lang=es\">Performance<\/a> y <a href=\"https:\/\/polititzacionsdelmalestar.org\/temes\/politica\/?lang=es\">Pol\u00edtica<\/a><\/p>\n<h4>\u00a0<\/h4>\n<h4>Textos sobre el proyecto<\/h4>\n<p><em><a href=\"http:\/\/www.elpuntavui.cat\/cultura\/article\/19-cultura\/884497-lllagrimes-de-sirena-per-refer-el-cami-del-mar.html\" target=\"_blank\" rel=\"noopener\">\u2018Ll\u00e0grimes de sirena' per refer el cam\u00ed del mar<\/a><\/em><\/p>\n<h4>\u00a0<\/h4>\n<h4>Documentos <em>media<\/em><\/h4>\n<p><a href=\"http:\/\/www.matildeobradors.com\/comiendo-sardinas-crudas-por-esos-mundos-de-dios1\/\" target=\"_blank\" rel=\"noopener\">Comiendo sardinas crudas por esos mundos de Dios<\/a><\/p>\n<p><em>Lost in Cadaqu\u00e9s<\/em><\/p>\n<a id=\"69f0c9e7cccb1\" rel=\"wp-video-lightbox\" href=\"https:\/\/www.youtube.com\/watch?v=7-13uTP5FVc&#038;width=800&#038;height=600\" title=\"\"><img decoding=\"async\" src=\"https:\/\/polititzacionsdelmalestar.org\/wp-content\/uploads\/2018\/01\/lost-in-cadaques.jpg\" class=\"video_lightbox_anchor_image\" alt=\"Lost in Cadaqu\u00e9s\" \/><\/a>    <script>\r\n    \/* <![CDATA[ *\/\r\n    jQuery(document).ready(function($){\r\n        $(function(){\r\n            var width = $(window).innerWidth();\r\n            var setwidth = parseFloat(800);\r\n            var ratio = parseFloat(0.75);\r\n            var height = parseFloat(600);\r\n            var link = 'https:\/\/www.youtube.com\/watch?v=7-13uTP5FVc&amp;width=800&amp;height=600';\r\n            if(width < setwidth)\r\n            {\r\n                height = Math.floor(width * 0.75);\r\n                \/\/console.log(\"device width \"+width+\", set width \"+800+\", ratio \"+0.75+\", new height \"+ height);\r\n                var new_url = wpvl_paramReplace('width', link, width);\r\n                var new_url = wpvl_paramReplace('height', new_url, height);\r\n                $(\"a#69f0c9e7cccb1\").attr('href', new_url);\r\n                \/\/console.log(new_url);\r\n            }\r\n        });\r\n    });\r\n    \/* ]]> *\/\r\n    <\/script>\n<h4>\u00a0<\/h4>\n<h4><div class=\"titol-galeria\">Fotos del proyecto<\/div><\/h4><\/div>\n<\/div><\/div><div id=\"panel-4721-0-1-1\" class=\"so-panel widget widget_virtue_gallery_widget virtue_gallery_widget panel-last-child\" data-index=\"3\" ><div id=\"kad-wp-gallery569\" class=\"kad-wp-gallery gallery kt-gallery-column-1 init-isotope-intrinsic reinit-isotope kad-light-wp-gallery clearfix rowtight\" data-fade-in=\"1\" data-iso-selector=\".g_item\" data-iso-style=\"masonry\" data-iso-filter=\"false\"><div class=\"tcol-lg-12 tcol-md-12 tcol-sm-12 tcol-xs-12 tcol-ss-12 g_item\"><div class=\"grid_item kt_item_fade_in kad_gallery_fade_in gallery_item\"><a href=\"https:\/\/polititzacionsdelmalestar.org\/wp-content\/uploads\/2018\/01\/02-SARDINAS_CAP-DE-CREUS_2.jpg\" data-rel=\"lightbox\" class=\"lightboxhover\"><div class=\"kt-intrinsic\" style=\"padding-bottom:100%;\"><div itemprop=\"image\" itemscope itemtype=\"https:\/\/schema.org\/ImageObject\"><img loading=\"lazy\" decoding=\"async\" width=\"560\" height=\"560\" src=\"https:\/\/polititzacionsdelmalestar.org\/wp-content\/uploads\/2018\/01\/02-SARDINAS_CAP-DE-CREUS_2-560x560.jpg\" srcset=\"https:\/\/polititzacionsdelmalestar.org\/wp-content\/uploads\/2018\/01\/02-SARDINAS_CAP-DE-CREUS_2-560x560.jpg 560w, https:\/\/polititzacionsdelmalestar.org\/wp-content\/uploads\/2018\/01\/02-SARDINAS_CAP-DE-CREUS_2-150x150.jpg 150w\" sizes=\"auto, (max-width: 560px) 100vw, 560px\" data-caption=\"Matilde Obradors. Performance: Menjar sardines crues per aquests mons.\u00a0\n(Vestir-nos elegants per cruspir cad\u00e0vers). Cap de Creus. Cadaqu\u00e9s. Girona.\u00a0\nFotos: Ricard Cambra Castells.\" class=\"light-dropshaddow\" itemprop=\"contentUrl\" alt=\"\"><meta itemprop=\"url\" content=\"https:\/\/polititzacionsdelmalestar.org\/wp-content\/uploads\/2018\/01\/02-SARDINAS_CAP-DE-CREUS_2-560x560.jpg\"><meta itemprop=\"width\" content=\"560px\"><meta itemprop=\"height\" content=\"560px\"><\/div><\/div><div class=\"caption kad_caption\"><div class=\"kad_caption_inner\">Matilde Obradors. Performance: Menjar sardines crues per aquests mons.\u00a0\n(Vestir-nos elegants per cruspir cad\u00e0vers). Cap de Creus. Cadaqu\u00e9s. Girona.\u00a0\nFotos: Ricard Cambra Castells.<\/div><\/div><\/a><\/div><\/div><div class=\"tcol-lg-12 tcol-md-12 tcol-sm-12 tcol-xs-12 tcol-ss-12 g_item\"><div class=\"grid_item kt_item_fade_in kad_gallery_fade_in gallery_item\"><a href=\"https:\/\/polititzacionsdelmalestar.org\/wp-content\/uploads\/2018\/01\/03-SARDINAS_LAS-PALMAS_2.jpg\" data-rel=\"lightbox\" class=\"lightboxhover\"><div class=\"kt-intrinsic\" style=\"padding-bottom:100%;\"><div itemprop=\"image\" itemscope itemtype=\"https:\/\/schema.org\/ImageObject\"><img loading=\"lazy\" decoding=\"async\" width=\"560\" height=\"560\" src=\"https:\/\/polititzacionsdelmalestar.org\/wp-content\/uploads\/2018\/01\/03-SARDINAS_LAS-PALMAS_2-560x560.jpg\" srcset=\"https:\/\/polititzacionsdelmalestar.org\/wp-content\/uploads\/2018\/01\/03-SARDINAS_LAS-PALMAS_2-560x560.jpg 560w, https:\/\/polititzacionsdelmalestar.org\/wp-content\/uploads\/2018\/01\/03-SARDINAS_LAS-PALMAS_2-150x150.jpg 150w\" sizes=\"auto, (max-width: 560px) 100vw, 560px\" data-caption=\"Matilde Obradors. Performance: Menjar sardines crues per aquests mons.\u00a0\n(Vestir-nos elegants per cruspir cad\u00e0vers). Las Palmas\" class=\"light-dropshaddow\" itemprop=\"contentUrl\" alt=\"\"><meta itemprop=\"url\" content=\"https:\/\/polititzacionsdelmalestar.org\/wp-content\/uploads\/2018\/01\/03-SARDINAS_LAS-PALMAS_2-560x560.jpg\"><meta itemprop=\"width\" content=\"560px\"><meta itemprop=\"height\" content=\"560px\"><\/div><\/div><div class=\"caption kad_caption\"><div class=\"kad_caption_inner\">Matilde Obradors. Performance: Menjar sardines crues per aquests mons.\u00a0\n(Vestir-nos elegants per cruspir cad\u00e0vers). Las Palmas<\/div><\/div><\/a><\/div><\/div><div class=\"tcol-lg-12 tcol-md-12 tcol-sm-12 tcol-xs-12 tcol-ss-12 g_item\"><div class=\"grid_item kt_item_fade_in kad_gallery_fade_in gallery_item\"><a href=\"https:\/\/polititzacionsdelmalestar.org\/wp-content\/uploads\/2018\/01\/04-SARDINAS-GALES.jpg\" data-rel=\"lightbox\" class=\"lightboxhover\"><div class=\"kt-intrinsic\" style=\"padding-bottom:100%;\"><div itemprop=\"image\" itemscope itemtype=\"https:\/\/schema.org\/ImageObject\"><img loading=\"lazy\" decoding=\"async\" width=\"560\" height=\"560\" src=\"https:\/\/polititzacionsdelmalestar.org\/wp-content\/uploads\/2018\/01\/04-SARDINAS-GALES-560x560.jpg\" srcset=\"https:\/\/polititzacionsdelmalestar.org\/wp-content\/uploads\/2018\/01\/04-SARDINAS-GALES-560x560.jpg 560w, https:\/\/polititzacionsdelmalestar.org\/wp-content\/uploads\/2018\/01\/04-SARDINAS-GALES-150x150.jpg 150w\" sizes=\"auto, (max-width: 560px) 100vw, 560px\" data-caption=\"Matilde Obradors. Performance: Menjar sardines crues per aquests mons.\u00a0\n(Vestir-nos elegants per cruspir cad\u00e0vers). Gales\" class=\"light-dropshaddow\" itemprop=\"contentUrl\" alt=\"\"><meta itemprop=\"url\" content=\"https:\/\/polititzacionsdelmalestar.org\/wp-content\/uploads\/2018\/01\/04-SARDINAS-GALES-560x560.jpg\"><meta itemprop=\"width\" content=\"560px\"><meta itemprop=\"height\" content=\"560px\"><\/div><\/div><div class=\"caption kad_caption\"><div class=\"kad_caption_inner\">Matilde Obradors. Performance: Menjar sardines crues per aquests mons.\u00a0\n(Vestir-nos elegants per cruspir cad\u00e0vers). Gales<\/div><\/div><\/a><\/div><\/div><div class=\"tcol-lg-12 tcol-md-12 tcol-sm-12 tcol-xs-12 tcol-ss-12 g_item\"><div class=\"grid_item kt_item_fade_in kad_gallery_fade_in gallery_item\"><a href=\"https:\/\/polititzacionsdelmalestar.org\/wp-content\/uploads\/2018\/01\/05-SARDINA_MEDIAQUIOSC_2.jpg\" data-rel=\"lightbox\" class=\"lightboxhover\"><div class=\"kt-intrinsic\" style=\"padding-bottom:100%;\"><div itemprop=\"image\" itemscope itemtype=\"https:\/\/schema.org\/ImageObject\"><img loading=\"lazy\" decoding=\"async\" width=\"560\" height=\"560\" src=\"https:\/\/polititzacionsdelmalestar.org\/wp-content\/uploads\/2018\/01\/05-SARDINA_MEDIAQUIOSC_2-560x560.jpg\" srcset=\"https:\/\/polititzacionsdelmalestar.org\/wp-content\/uploads\/2018\/01\/05-SARDINA_MEDIAQUIOSC_2-560x560.jpg 560w, https:\/\/polititzacionsdelmalestar.org\/wp-content\/uploads\/2018\/01\/05-SARDINA_MEDIAQUIOSC_2-150x150.jpg 150w\" sizes=\"auto, (max-width: 560px) 100vw, 560px\" data-caption=\"Matilde Obradors. Performance: Menjar sardines crues per aquests mons.\u00a0\n(Vestir-nos elegants per cruspir cad\u00e0vers). Mediaquiosc\" class=\"light-dropshaddow\" itemprop=\"contentUrl\" alt=\"\"><meta itemprop=\"url\" content=\"https:\/\/polititzacionsdelmalestar.org\/wp-content\/uploads\/2018\/01\/05-SARDINA_MEDIAQUIOSC_2-560x560.jpg\"><meta itemprop=\"width\" content=\"560px\"><meta itemprop=\"height\" content=\"560px\"><\/div><\/div><div class=\"caption kad_caption\"><div class=\"kad_caption_inner\">Matilde Obradors. Performance: Menjar sardines crues per aquests mons.\u00a0\n(Vestir-nos elegants per cruspir cad\u00e0vers). Mediaquiosc<\/div><\/div><\/a><\/div><\/div><\/div><\/div><\/div><\/div><\/div>","protected":false},"excerpt":{"rendered":"<h3><a href=\"http:\/\/polititzacionsdelmalestar.org\/2018\/01\/25\/menjar-sardines-crues-aquests-mons-deu\/?lang=es\">Comer sardinas crudas por esos mundos de Dios<\/a><\/h3>\n<p>2013<br \/>\n<a href=\"http:\/\/polititzacionsdelmalestar.org\/2018\/01\/23\/matilde-obradors\/?lang=es\"><strong>Matilde Obradors<\/strong><\/a><br \/>\n<br \/>\n<a href=\"http:\/\/polititzacionsdelmalestar.org\/temes\/cos\/?lang=es\">Cuerpo<\/a>,<br \/>\n<a href=\"http:\/\/polititzacionsdelmalestar.org\/temes\/identitat\/?lang=es\">Identidad<\/a>, <a href=\"http:\/\/polititzacionsdelmalestar.org\/temes\/malestar\/?lang=es\">Malestar<\/a>,<br \/>\n<a href=\"http:\/\/polititzacionsdelmalestar.org\/temes\/natura\/?lang=es\">Naturaleza<\/a>, <a href=\"http:\/\/polititzacionsdelmalestar.org\/temes\/performance\/?lang=es\">Performance<\/a> y <a href=\"http:\/\/polititzacionsdelmalestar.org\/temes\/politica\/?lang=es\">Pol\u00edtica<\/a><\/p>\n","protected":false},"author":6,"featured_media":4722,"comment_status":"closed","ping_status":"closed","sticky":false,"template":"","format":"standard","meta":{"footnotes":""},"categories":[137,150,113,155,123],"tags":[],"class_list":["post-4721","post","type-post","status-publish","format-standard","has-post-thumbnail","hentry","category-cos-es","category-malestar-es","category-matilde-obradors-es","category-politica-es","category-proyectos"],"_links":{"self":[{"href":"https:\/\/polititzacionsdelmalestar.org\/es\/wp-json\/wp\/v2\/posts\/4721","targetHints":{"allow":["GET"]}}],"collection":[{"href":"https:\/\/polititzacionsdelmalestar.org\/es\/wp-json\/wp\/v2\/posts"}],"about":[{"href":"https:\/\/polititzacionsdelmalestar.org\/es\/wp-json\/wp\/v2\/types\/post"}],"author":[{"embeddable":true,"href":"https:\/\/polititzacionsdelmalestar.org\/es\/wp-json\/wp\/v2\/users\/6"}],"replies":[{"embeddable":true,"href":"https:\/\/polititzacionsdelmalestar.org\/es\/wp-json\/wp\/v2\/comments?post=4721"}],"version-history":[{"count":12,"href":"https:\/\/polititzacionsdelmalestar.org\/es\/wp-json\/wp\/v2\/posts\/4721\/revisions"}],"predecessor-version":[{"id":9439,"href":"https:\/\/polititzacionsdelmalestar.org\/es\/wp-json\/wp\/v2\/posts\/4721\/revisions\/9439"}],"wp:featuredmedia":[{"embeddable":true,"href":"https:\/\/polititzacionsdelmalestar.org\/es\/wp-json\/wp\/v2\/media\/4722"}],"wp:attachment":[{"href":"https:\/\/polititzacionsdelmalestar.org\/es\/wp-json\/wp\/v2\/media?parent=4721"}],"wp:term":[{"taxonomy":"category","embeddable":true,"href":"https:\/\/polititzacionsdelmalestar.org\/es\/wp-json\/wp\/v2\/categories?post=4721"},{"taxonomy":"post_tag","embeddable":true,"href":"https:\/\/polititzacionsdelmalestar.org\/es\/wp-json\/wp\/v2\/tags?post=4721"}],"curies":[{"name":"wp","href":"https:\/\/api.w.org\/{rel}","templated":true}]}}