


{"id":4709,"date":"2018-01-23T19:47:58","date_gmt":"2018-01-23T19:47:58","guid":{"rendered":"https:\/\/polititzacionsdelmalestar.org\/2018\/01\/23\/pep-dardanya\/"},"modified":"2018-02-07T17:45:21","modified_gmt":"2018-02-07T17:45:21","slug":"pep-dardanya","status":"publish","type":"post","link":"https:\/\/polititzacionsdelmalestar.org\/es\/pep-dardanya\/","title":{"rendered":"Dardany\u00e0, Pep"},"content":{"rendered":"<div id=\"pl-4709\"  class=\"panel-layout\" ><div id=\"pg-4709-0\"  class=\"panel-grid panel-no-style\" ><div id=\"pgc-4709-0-0\"  class=\"panel-grid-cell\" ><div id=\"panel-4709-0-0-0\" class=\"so-panel widget widget_sow-editor panel-first-child panel-last-child\" data-index=\"0\" ><div\n\t\t\t\n\t\t\tclass=\"so-widget-sow-editor so-widget-sow-editor-base\"\n\t\t\t\n\t\t><h3 class=\"widget-title\">Pep Dardany\u00e0<\/h3>\n<div class=\"siteorigin-widget-tinymce textwidget\">\n\t<\/div>\n<\/div><\/div><\/div><\/div><div id=\"pg-4709-1\"  class=\"panel-grid panel-no-style\" ><div id=\"pgc-4709-1-0\"  class=\"panel-grid-cell\" ><div id=\"panel-4709-1-0-0\" class=\"so-panel widget widget_sow-editor panel-first-child\" data-index=\"1\" ><div\n\t\t\t\n\t\t\tclass=\"so-widget-sow-editor so-widget-sow-editor-base\"\n\t\t\t\n\t\t>\n<div class=\"siteorigin-widget-tinymce textwidget\">\n\t<p><img decoding=\"async\" class=\"foto_completa\" src=\"https:\/\/polititzacionsdelmalestar.org\/wp-content\/uploads\/2018\/01\/01-MODULPepDardanya.jpg\" \/><\/p>\n<p><em>M\u00f3dulo de atenci\u00f3n personalizada. Proyecto de Pep Dardany\u00e0 para la exposici\u00f3n El Coraz\u00f3n de las Tinieblas. Sala de exposiciones de La Virreina. Barcelona, 2002.<\/em><\/p>\n<p>\u00a0<\/p>\n<h5><a href=\"https:\/\/polititzacionsdelmalestar.org\/modul-datencio-personalitzada\/?lang=es\">M\u00f3dulo de atenci\u00f3n personalizada<\/a><\/h5>\n<p>2002 - 2003<br \/><a href=\"https:\/\/polititzacionsdelmalestar.org\/temes\/malestar\/?lang=es\">Malestar<\/a>, <a href=\"https:\/\/polititzacionsdelmalestar.org\/temes\/migracio\/?lang=es\">Migraci\u00f3n<\/a>, <a href=\"https:\/\/polititzacionsdelmalestar.org\/temes\/politica\/?lang=es\">Pol\u00edtica <\/a>y <a href=\"https:\/\/polititzacionsdelmalestar.org\/temes\/processos-collaboratius\/?lang=es\">Procesos colaborativos<\/a><\/p>\n<\/div>\n<\/div><\/div><div id=\"panel-4709-1-0-1\" class=\"so-panel widget widget_sow-editor panel-last-child\" data-index=\"2\" ><div\n\t\t\t\n\t\t\tclass=\"so-widget-sow-editor so-widget-sow-editor-base\"\n\t\t\t\n\t\t>\n<div class=\"siteorigin-widget-tinymce textwidget\">\n\t<p>Artista visual, antrop\u00f3logo y productor cultural. Doctor en Comunicaci\u00f3n Social por la Universitat Pompeu Fabra. Diplomado en artes pl\u00e1sticas en la Escuela Massana.<\/p>\n<p>Con una trayectoria profesional transversal aplicada a la docencia en la Escuela Massana en la Escuela Elisava y al Mecad\/Esdi. A la producci\u00f3n cultural, como director de Can Xalant. Centro de Creaci\u00f3n y Pensamiento Contempor\u00e1neo de Matar\u00f3 o al Espacio Cultura de Fundaci\u00f3n Sabadell 1859. C\u00f3mo artista visual, ha participado adem\u00e1s de sesenta exposiciones, tanto individuales como colectivas, nacionales e internacionales. Tambi\u00e9n ha desarrollado proyectos de comisariado y de dise\u00f1o de exposiciones.<\/p>\n<p>Sus l\u00edneas de investigaci\u00f3n se enmarcan en el proceso de construcci\u00f3n de la memoria social, como esta se representa visual e iconogr\u00e1ficamente y hasta qu\u00e9 punto, estas representaciones comportan la construcci\u00f3n de nuevas identidades, teniendo en cuenta las negociaciones y los conflictos inherentes en todo el proceso. Este inter\u00e9s conceptual y te\u00f3rico se manifiesta de manera diferente en los diversos \u00e1mbitos profesionales en los que participa.<\/p>\n<p><a href=\"http:\/\/www.pepdardanya.com\/?lang=ca\" target=\"_blank\" rel=\"noopener\">Web oficial Pep Dardany\u00e0<\/a><\/p>\n<\/div>\n<\/div><\/div><\/div><div id=\"pgc-4709-1-1\"  class=\"panel-grid-cell\" ><div id=\"panel-4709-1-1-0\" class=\"so-panel widget widget_sow-editor panel-first-child panel-last-child\" data-index=\"3\" ><div\n\t\t\t\n\t\t\tclass=\"so-widget-sow-editor so-widget-sow-editor-base\"\n\t\t\t\n\t\t>\n<div class=\"siteorigin-widget-tinymce textwidget\">\n\t<p><strong>Nota<\/strong><br \/> Esta es una selecci\u00f3n de las obras del autor que se enmarcan en los conceptos de Politizaciones del malestar.<\/p>\n<h4>\u00a0<\/h4>\n<p><strong>Otros proyectos<\/strong><\/p>\n<p>- <em><a href=\"http:\/\/www.pepdardanya.com\/?p=118&amp;lang=ca\" target=\"_blank\" rel=\"noopener\">Transpam <\/a><\/em><\/p>\n<p>- <a href=\"http:\/\/www.pepdardanya.com\/?p=110&amp;lang=ca\" target=\"_blank\" rel=\"noopener\">Sucursal<\/a><\/p>\n<p>- <em><a href=\"http:\/\/www.pepdardanya.com\/?p=54&amp;lang=ca\" target=\"_blank\" rel=\"noopener\">Estefany<\/a><\/em><\/p>\n<\/div>\n<\/div><\/div><\/div><\/div><\/div>","protected":false},"excerpt":{"rendered":"<h5><a href=\"http:\/\/polititzacionsdelmalestar.org\/2018\/01\/23\/pep-dardanya\/?lang=es\" >Pep Dardany\u00e0<\/a><\/h5>\n<li><a href=\"http:\/\/polititzacionsdelmalestar.org\/2018\/01\/25\/modul-datencio-personalitzada\/?lang=es\" >M\u00f2dul d\u2019atenci\u00f3 personalitzada<\/a>, 2002-2003<\/li>\n","protected":false},"author":6,"featured_media":0,"comment_status":"closed","ping_status":"open","sticky":false,"template":"","format":"standard","meta":{"footnotes":""},"categories":[82],"tags":[],"class_list":["post-4709","post","type-post","status-publish","format-standard","hentry","category-autores"],"_links":{"self":[{"href":"https:\/\/polititzacionsdelmalestar.org\/es\/wp-json\/wp\/v2\/posts\/4709","targetHints":{"allow":["GET"]}}],"collection":[{"href":"https:\/\/polititzacionsdelmalestar.org\/es\/wp-json\/wp\/v2\/posts"}],"about":[{"href":"https:\/\/polititzacionsdelmalestar.org\/es\/wp-json\/wp\/v2\/types\/post"}],"author":[{"embeddable":true,"href":"https:\/\/polititzacionsdelmalestar.org\/es\/wp-json\/wp\/v2\/users\/6"}],"replies":[{"embeddable":true,"href":"https:\/\/polititzacionsdelmalestar.org\/es\/wp-json\/wp\/v2\/comments?post=4709"}],"version-history":[{"count":10,"href":"https:\/\/polititzacionsdelmalestar.org\/es\/wp-json\/wp\/v2\/posts\/4709\/revisions"}],"predecessor-version":[{"id":7707,"href":"https:\/\/polititzacionsdelmalestar.org\/es\/wp-json\/wp\/v2\/posts\/4709\/revisions\/7707"}],"wp:attachment":[{"href":"https:\/\/polititzacionsdelmalestar.org\/es\/wp-json\/wp\/v2\/media?parent=4709"}],"wp:term":[{"taxonomy":"category","embeddable":true,"href":"https:\/\/polititzacionsdelmalestar.org\/es\/wp-json\/wp\/v2\/categories?post=4709"},{"taxonomy":"post_tag","embeddable":true,"href":"https:\/\/polititzacionsdelmalestar.org\/es\/wp-json\/wp\/v2\/tags?post=4709"}],"curies":[{"name":"wp","href":"https:\/\/api.w.org\/{rel}","templated":true}]}}