


{"id":4671,"date":"2018-01-23T19:02:08","date_gmt":"2018-01-23T19:02:08","guid":{"rendered":"https:\/\/polititzacionsdelmalestar.org\/2018\/01\/23\/maria-cosmes\/"},"modified":"2018-03-21T11:49:38","modified_gmt":"2018-03-21T11:49:38","slug":"maria-cosmes","status":"publish","type":"post","link":"https:\/\/polititzacionsdelmalestar.org\/es\/maria-cosmes\/","title":{"rendered":"Cosmes, Maria"},"content":{"rendered":"<div id=\"pl-4671\"  class=\"panel-layout\" ><div id=\"pg-4671-0\"  class=\"panel-grid panel-no-style\" ><div id=\"pgc-4671-0-0\"  class=\"panel-grid-cell\" ><div id=\"panel-4671-0-0-0\" class=\"so-panel widget widget_sow-editor panel-first-child panel-last-child\" data-index=\"0\" ><div\n\t\t\t\n\t\t\tclass=\"so-widget-sow-editor so-widget-sow-editor-base\"\n\t\t\t\n\t\t><h3 class=\"widget-title\">Maria Cosmes<\/h3>\n<div class=\"siteorigin-widget-tinymce textwidget\">\n\t<\/div>\n<\/div><\/div><\/div><\/div><div id=\"pg-4671-1\"  class=\"panel-grid panel-no-style\" ><div id=\"pgc-4671-1-0\"  class=\"panel-grid-cell\" ><div id=\"panel-4671-1-0-0\" class=\"so-panel widget widget_sow-editor panel-first-child\" data-index=\"1\" ><div\n\t\t\t\n\t\t\tclass=\"so-widget-sow-editor so-widget-sow-editor-base\"\n\t\t\t\n\t\t>\n<div class=\"siteorigin-widget-tinymce textwidget\">\n\t<p><img decoding=\"async\" class=\"foto_completa\" src=\"https:\/\/polititzacionsdelmalestar.org\/wp-content\/uploads\/2018\/01\/01-experiments-2-Lanellador.jpg\" \/><\/p>\n<p><em>Experimento 2. El anillador (2011)<\/em><\/p>\n<p>&nbsp;<\/p>\n<h5><a href=\"https:\/\/polititzacionsdelmalestar.org\/experiments-anima\/?lang=es\">Experimentos del alma. Cotidianeidad y trascendencia del ser<\/a><\/h5>\n<p>2011<br \/>\n<a href=\"https:\/\/polititzacionsdelmalestar.org\/temes\/cos\/?lang=es\">Cuerpo<\/a>,\u00a0<a href=\"https:\/\/polititzacionsdelmalestar.org\/temes\/genere\/?lang=es\">G\u00e9nero<\/a>, <a href=\"https:\/\/polititzacionsdelmalestar.org\/temes\/identitat\/?lang=es\">Identidad<\/a>, <a href=\"https:\/\/polititzacionsdelmalestar.org\/temes\/identitat\/?lang=es\">Malestar<\/a>, <a href=\"https:\/\/polititzacionsdelmalestar.org\/temes\/politica\/?lang=es\">Pol\u00edtica <\/a>y <a href=\"https:\/\/polititzacionsdelmalestar.org\/temes\/privacitat\/?lang=es\">Privacidad<\/a>.<\/p>\n<\/div>\n<\/div><\/div><div id=\"panel-4671-1-0-1\" class=\"so-panel widget widget_sow-editor panel-last-child\" data-index=\"2\" ><div\n\t\t\t\n\t\t\tclass=\"so-widget-sow-editor so-widget-sow-editor-base\"\n\t\t\t\n\t\t>\n<div class=\"siteorigin-widget-tinymce textwidget\">\n\t<p>Licenciada en Antropolog\u00eda Cultural. Performer y artista visual.<br \/>\nEmpez\u00f3 su trayectoria art\u00edstica en 1993 en poes\u00eda visual e instalaci\u00f3n. En 1998 empieza a trabajar con profundidad en performance presentando su trabajo en varios pa\u00edses de Europa, Am\u00e9rica y Asia.<\/p>\n<p>Articula su trabajo art\u00edstico en torno a las constricciones simb\u00f3licas que conforman nuestra identidad en relaci\u00f3n con los otros y en la posible manera de subvertir-las, siendo el sustrato de la obra el entrecruzamiento entre ciencias sociales y la experimentaci\u00f3n perform\u00e1tico-performativa. Actualmente trabaja alrededor del concepto de elaboraci\u00f3n narrativa como punto de encuentro entre acci\u00f3n y pensamiento.<\/p>\n<p><em>Mis performances son el intento perpetuo de construirme como persona. Esta construcci\u00f3n siempre es una construcci\u00f3n social. No puedo construirme sin los otros. En cada acci\u00f3n es necesario que est\u00e9 presente alguien que no soy yo, otros que son p\u00fablico, que son participantes de la acci\u00f3n, que se contraponen a m\u00ed, pero que a la vez me complementan y me realimenten. En mi trabajo art\u00edstico me planteo como acercarme a este otro. Esto siempre significa, en mayor o menor medida, sufrimiento, temor al rechazo, al desacuerdo, al vac\u00edo de no encontrarme con el otro, o al vac\u00edo que sigue al encuentro demasiado intensa cuando este contacto desaparece.<\/em><\/p>\n<p><a href=\"http:\/\/www.maria-cosmes.org\" target=\"_blank\" rel=\"noopener\">Web oficial Maria Cosmes<\/a><\/p>\n<\/div>\n<\/div><\/div><\/div><div id=\"pgc-4671-1-1\"  class=\"panel-grid-cell\" ><div id=\"panel-4671-1-1-0\" class=\"so-panel widget widget_sow-editor panel-first-child panel-last-child\" data-index=\"3\" ><div\n\t\t\t\n\t\t\tclass=\"so-widget-sow-editor so-widget-sow-editor-base\"\n\t\t\t\n\t\t>\n<div class=\"siteorigin-widget-tinymce textwidget\">\n\t<p><strong>Nota<\/strong><br \/>\nEsta es una selecci\u00f3n de las obras de la autora que se enmarcan en los conceptos de Politizaciones del malestar.<\/p>\n<h4>\u00a0<\/h4>\n<p><strong>Otros proyectos<\/strong><\/p>\n<p>- <a href=\"http:\/\/experiments.maria-cosmes.org\/\" target=\"_blank\" rel=\"noopener\"><em>Experiments<\/em><\/a><\/p>\n<p>- <a href=\"http:\/\/maria-cosmes.org\/es\/socialidades\" target=\"_blank\" rel=\"noopener\">Socialidades<\/a><\/p>\n<p>- <a href=\"http:\/\/maria-cosmes.org\/es\/relaciones\" target=\"_blank\" rel=\"noopener\">Relaciones<\/a><\/p>\n<p>- <a href=\"http:\/\/maria-cosmes.org\/es\/el-tejedor\/el-tejedor\" target=\"_blank\" rel=\"noopener\"><em>El Teixidor<\/em> (Barcelona, 2010)<\/a><\/p>\n<p>- <a href=\"Montoya:\nhttp:\/\/maria-cosmes.org\/es\/manual\/manual\" target=\"_blank\" rel=\"noopener\"><em>Manual of elegance and efficiency always and everywhere<\/em> (Sabadell, 2009)<\/a><\/p>\n<p>- <a href=\"http:\/\/maria-cosmes.org\/es\/mientras-cosiamos\/cosiamos\" target=\"_blank\" rel=\"noopener\"><em>Mentre cos\u00edem<\/em> (Toronto, 2007)<\/a><\/p>\n<p>- <a href=\"http:\/\/maria-cosmes.org\/es\/la-costurera\/la-costurera\" target=\"_blank\" rel=\"noopener\"><em>La cosidora<\/em> (Barcelona, 2005)<\/a><\/p>\n<p>- <a href=\"http:\/\/maria-cosmes.org\/es\/saeta\/saeta\" target=\"_blank\" rel=\"noopener\">Saeta (Barcelona, 2008)<\/a><\/p>\n<\/div>\n<\/div><\/div><\/div><\/div><\/div>","protected":false},"excerpt":{"rendered":"<h5><a href=\"http:\/\/polititzacionsdelmalestar.org\/2018\/01\/23\/maria-cosmes\/?lang=es\" >Maria Cosmes<\/a><\/h5>\n<li><a href=\"http:\/\/polititzacionsdelmalestar.org\/2018\/01\/25\/experiments-anima\/?lang=es\">Experiments de l\u2019\u00e0nima. Quotidianitat i transcend\u00e8ncia del ser<\/a><\/li>\n","protected":false},"author":6,"featured_media":0,"comment_status":"closed","ping_status":"open","sticky":false,"template":"","format":"standard","meta":{"footnotes":""},"categories":[82],"tags":[],"class_list":["post-4671","post","type-post","status-publish","format-standard","hentry","category-autores"],"_links":{"self":[{"href":"https:\/\/polititzacionsdelmalestar.org\/es\/wp-json\/wp\/v2\/posts\/4671","targetHints":{"allow":["GET"]}}],"collection":[{"href":"https:\/\/polititzacionsdelmalestar.org\/es\/wp-json\/wp\/v2\/posts"}],"about":[{"href":"https:\/\/polititzacionsdelmalestar.org\/es\/wp-json\/wp\/v2\/types\/post"}],"author":[{"embeddable":true,"href":"https:\/\/polititzacionsdelmalestar.org\/es\/wp-json\/wp\/v2\/users\/6"}],"replies":[{"embeddable":true,"href":"https:\/\/polititzacionsdelmalestar.org\/es\/wp-json\/wp\/v2\/comments?post=4671"}],"version-history":[{"count":10,"href":"https:\/\/polititzacionsdelmalestar.org\/es\/wp-json\/wp\/v2\/posts\/4671\/revisions"}],"predecessor-version":[{"id":9587,"href":"https:\/\/polititzacionsdelmalestar.org\/es\/wp-json\/wp\/v2\/posts\/4671\/revisions\/9587"}],"wp:attachment":[{"href":"https:\/\/polititzacionsdelmalestar.org\/es\/wp-json\/wp\/v2\/media?parent=4671"}],"wp:term":[{"taxonomy":"category","embeddable":true,"href":"https:\/\/polititzacionsdelmalestar.org\/es\/wp-json\/wp\/v2\/categories?post=4671"},{"taxonomy":"post_tag","embeddable":true,"href":"https:\/\/polititzacionsdelmalestar.org\/es\/wp-json\/wp\/v2\/tags?post=4671"}],"curies":[{"name":"wp","href":"https:\/\/api.w.org\/{rel}","templated":true}]}}