


{"id":4665,"date":"2018-01-24T17:29:39","date_gmt":"2018-01-24T17:29:39","guid":{"rendered":"https:\/\/polititzacionsdelmalestar.org\/2018\/01\/24\/ficcio-laboral-amiant-prat\/"},"modified":"2018-02-23T17:33:04","modified_gmt":"2018-02-23T17:33:04","slug":"ficcio-laboral-amiant-prat","status":"publish","type":"post","link":"https:\/\/polititzacionsdelmalestar.org\/es\/ficcio-laboral-amiant-prat\/","title":{"rendered":"La ficci\u00f3n laboral. Amianto en El Prat"},"content":{"rendered":"<div id=\"pl-4665\"  class=\"panel-layout\" ><div id=\"pg-4665-0\"  class=\"panel-grid panel-no-style\" ><div id=\"pgc-4665-0-0\"  class=\"panel-grid-cell\" ><div id=\"panel-4665-0-0-0\" class=\"so-panel widget widget_virtue_gallery_widget virtue_gallery_widget panel-first-child\" data-index=\"0\" ><h3 class=\"widget-title\">La ficci\u00f3n laboral. Amianto en El Prat<\/h3><div id=\"kad-wp-gallery681\" class=\"kad-wp-gallery gallery kt-gallery-column-1 init-isotope-intrinsic reinit-isotope kad-light-wp-gallery clearfix rowtight\" data-fade-in=\"1\" data-iso-selector=\".g_item\" data-iso-style=\"masonry\" data-iso-filter=\"false\"><div class=\"tcol-lg-12 tcol-md-12 tcol-sm-12 tcol-xs-12 tcol-ss-12 g_item\"><div class=\"grid_item kt_item_fade_in kad_gallery_fade_in gallery_item\"><a href=\"https:\/\/polititzacionsdelmalestar.org\/wp-content\/uploads\/2018\/01\/01-d.-gasol-1.1.jpg\" data-rel=\"lightbox\" class=\"lightboxhover\"><div class=\"kt-intrinsic\" style=\"padding-bottom:100%;\"><div itemprop=\"image\" itemscope itemtype=\"https:\/\/schema.org\/ImageObject\"><img loading=\"lazy\" decoding=\"async\" width=\"560\" height=\"560\" src=\"https:\/\/polititzacionsdelmalestar.org\/wp-content\/uploads\/2018\/01\/01-d.-gasol-1.1-560x560.jpg\" srcset=\"https:\/\/polititzacionsdelmalestar.org\/wp-content\/uploads\/2018\/01\/01-d.-gasol-1.1-560x560.jpg 560w, https:\/\/polititzacionsdelmalestar.org\/wp-content\/uploads\/2018\/01\/01-d.-gasol-1.1-150x150.jpg 150w\" sizes=\"auto, (max-width: 560px) 100vw, 560px\" data-caption=\"Frame del video \u201cLa ficci\u00f3n laboral. Amianto en El Prat\u201d\nVideo digital. 37\u201909 min.\n00\/05+P.A. \nBarcelona 2017\" class=\"light-dropshaddow\" itemprop=\"contentUrl\" alt=\"\"><meta itemprop=\"url\" content=\"https:\/\/polititzacionsdelmalestar.org\/wp-content\/uploads\/2018\/01\/01-d.-gasol-1.1-560x560.jpg\"><meta itemprop=\"width\" content=\"560px\"><meta itemprop=\"height\" content=\"560px\"><\/div><\/div><div class=\"caption kad_caption\"><div class=\"kad_caption_inner\">Frame del video \u201cLa ficci\u00f3n laboral. Amianto en El Prat\u201d\nVideo digital. 37\u201909 min.\n00\/05+P.A. \nBarcelona 2017<\/div><\/div><\/a><\/div><\/div><\/div><\/div><div id=\"panel-4665-0-0-1\" class=\"so-panel widget widget_sow-editor panel-last-child\" data-index=\"1\" ><div\n\t\t\t\n\t\t\tclass=\"so-widget-sow-editor so-widget-sow-editor-base\"\n\t\t\t\n\t\t>\n<div class=\"siteorigin-widget-tinymce textwidget\">\n\t<p>11-2017<\/p>\n<p>En la localidad de El Prat, durante los a\u00f1os 70, naci\u00f3 la antigua f\u00e1brica Jurid, que pas\u00f3 a ser Honeywell y posteriormente llamarse Federal Mogul, una empresa dedicada a la fabricaci\u00f3n de productos para edificios, industrias, productos de automoci\u00f3n, productos qu\u00edmicos, fibras o pl\u00e1sticos. La actual empresa ha indemnizado recientemente (2014) a dos viudas por la muerte de sus respectivos maridos (ex-trabajadores de la f\u00e1brica), ya que la f\u00e1brica, durante muchos a\u00f1os, no respet\u00f3 el protocolo de seguridad de amianto que se estableci\u00f3 durante los a\u00f1os 60. El poco control de la empresa respecto a la protecci\u00f3n del trabajador en exponerse con elementos t\u00f3xicos durante a\u00f1os, afect\u00f3 a cientos de familias que actualmente se encuentran en proceso de juicio.<\/p>\n<p>Tanto fue el problema derivado de las exposiciones sin seguridad de los trabajadores, que hace unos a\u00f1os se cre\u00f3 la Plataforma de afectados por aminado de El Prat (https:\/\/avaacblog.wordpress.com\/), que vela para que la actual empresa indemnice y reconozca el uso peligroso del amintado en la localidad as\u00ed como las decenas de personas afectadas.<\/p>\n<p>Este proyecto documental no s\u00f3lo pretende dar visibilidad y narrar con im\u00e1genes fotogr\u00e1ficas, entrevistas y v\u00eddeo la Plataforma creada por los afectados, sino que quiere escribir una narrativa que rompa el mito laboral como forma esencial y dependiente de vida, recopilando relatos sobre trabajadores y su necesidad y obligatoriedad de trabajar en condiciones concretas para sobrevivir en un contexto donde la esencia capitalista del amo y el esclavo se ha hace latente mediante elementos de ficci\u00f3n que prometen una mejor calidad de vida basada en el consumismo y la eliminaci\u00f3n de decisiones ciudadanas.<\/p>\n<\/div>\n<\/div><\/div><\/div><div id=\"pgc-4665-0-1\"  class=\"panel-grid-cell\" ><div id=\"panel-4665-0-1-0\" class=\"so-panel widget widget_sow-editor panel-first-child\" data-index=\"2\" ><div\n\t\t\t\n\t\t\tclass=\"so-widget-sow-editor so-widget-sow-editor-base\"\n\t\t\t\n\t\t>\n<div class=\"siteorigin-widget-tinymce textwidget\">\n\t<h5><a href=\"https:\/\/polititzacionsdelmalestar.org\/2018\/01\/23\/gasol-daniel\/?lang=es\">Daniel Gasol<\/a><\/h5>\n<h4>\u00a0<\/h4>\n<h4>Palabras clave<\/h4>\n<p><a href=\"https:\/\/polititzacionsdelmalestar.org\/temes\/activismo\/?lang=es\">Activismo<\/a>, <a href=\"https:\/\/polititzacionsdelmalestar.org\/temes\/cos\/?lang=es\">Cuerpo<\/a>, <a href=\"https:\/\/polititzacionsdelmalestar.org\/temes\/memoria\/?lang=es\">Memoria<\/a>, <a href=\"https:\/\/polititzacionsdelmalestar.org\/temes\/politica\/?lang=es\">Pol\u00edtica <\/a>y <a href=\"https:\/\/polititzacionsdelmalestar.org\/temes\/violencia\/?lang=es\">Violencia<\/a><\/p>\n<div class=\"page\" title=\"Page 1\">\n<div class=\"layoutArea\">\n<h4>\u00a0<\/h4>\n<h4 class=\"column\">Textos sobre el proyecto<\/h4>\n<div><a href=\"https:\/\/polititzacionsdelmalestar.org\/wp-content\/uploads\/2018\/01\/DOBLE-PAGINA-COLOR-D.Gasol_.pdf\">La ficci\u00f3n laboral. Amianto en El Prat.<\/a> PDF (759 KB)<\/div>\n<div>Peri\u00f3dico. Offset en negro y azul sobre papel.\u00a0Contiene <em>statement<\/em> del proyecto, cuatro entrevistas a cuatro trabajadores espa\u00f1oles, fotograf\u00edas y anuncios clasificados.\u00a000\/500 u. + P.A.\u00a0Barcelona, 2017.<\/div>\n<\/div>\n<\/div>\n<h4>\u00a0<\/h4>\n<h4>Documentos <em>media<br \/> <\/em><\/h4>\n<p>La ficci\u00f3n laboral. Amianto en El Prat<\/p>\n<a id=\"69f0c9cde2d4c\" rel=\"wp-video-lightbox\" href=\"https:\/\/vimeo.com\/241012513?width=800&#038;height=600\" title=\"\"><img decoding=\"async\" src=\"https:\/\/polititzacionsdelmalestar.org\/wp-content\/uploads\/2018\/01\/amianto.jpg\" class=\"video_lightbox_anchor_image\" alt=\"La ficci\u00f3n laboral. Amianto en El Prat\" \/><\/a>    <script>\r\n    \/* <![CDATA[ *\/\r\n    jQuery(document).ready(function($){\r\n        $(function(){\r\n            var width = $(window).innerWidth();\r\n            var setwidth = parseFloat(800);\r\n            var ratio = parseFloat(0.75);\r\n            var height = parseFloat(600);\r\n            var link = 'https:\/\/vimeo.com\/241012513?width=800&amp;height=600';\r\n            if(width < setwidth)\r\n            {\r\n                height = Math.floor(width * 0.75);\r\n                \/\/console.log(\"device width \"+width+\", set width \"+800+\", ratio \"+0.75+\", new height \"+ height);\r\n                var new_url = wpvl_paramReplace('width', link, width);\r\n                var new_url = wpvl_paramReplace('height', new_url, height);\r\n                $(\"a#69f0c9cde2d4c\").attr('href', new_url);\r\n                \/\/console.log(new_url);\r\n            }\r\n        });\r\n    });\r\n    \/* ]]> *\/\r\n    <\/script>\n<p>\u00a0<\/p>\n<h4>\u00a0<\/h4>\n<h4>\n<div class=\"titol-galeria\">Fotos del proyecto<\/div>\n<\/h4>\n<\/div>\n<\/div><\/div><div id=\"panel-4665-0-1-1\" class=\"so-panel widget widget_virtue_gallery_widget virtue_gallery_widget panel-last-child\" data-index=\"3\" ><div id=\"kad-wp-gallery197\" class=\"kad-wp-gallery gallery kt-gallery-column-1 init-isotope-intrinsic reinit-isotope kad-light-wp-gallery clearfix rowtight\" data-fade-in=\"1\" data-iso-selector=\".g_item\" data-iso-style=\"masonry\" data-iso-filter=\"false\"><div class=\"tcol-lg-12 tcol-md-12 tcol-sm-12 tcol-xs-12 tcol-ss-12 g_item\"><div class=\"grid_item kt_item_fade_in kad_gallery_fade_in gallery_item\"><a href=\"https:\/\/polititzacionsdelmalestar.org\/wp-content\/uploads\/2018\/01\/02-d.-gasol-1.2.jpg\" data-rel=\"lightbox\" class=\"lightboxhover\"><div class=\"kt-intrinsic\" style=\"padding-bottom:100%;\"><div itemprop=\"image\" itemscope itemtype=\"https:\/\/schema.org\/ImageObject\"><img loading=\"lazy\" decoding=\"async\" width=\"560\" height=\"560\" src=\"https:\/\/polititzacionsdelmalestar.org\/wp-content\/uploads\/2018\/01\/02-d.-gasol-1.2-560x560.jpg\" srcset=\"https:\/\/polititzacionsdelmalestar.org\/wp-content\/uploads\/2018\/01\/02-d.-gasol-1.2-560x560.jpg 560w, https:\/\/polititzacionsdelmalestar.org\/wp-content\/uploads\/2018\/01\/02-d.-gasol-1.2-150x150.jpg 150w\" sizes=\"auto, (max-width: 560px) 100vw, 560px\" data-caption=\"Frame del v\u00eddeo \u201cLa ficci\u00f3n laboral. Amianto en El Prat\u201d V\u00eddeo digital. 37\u201909 min.00\/05+P.A. Barcelona, 2017.\" class=\"light-dropshaddow\" itemprop=\"contentUrl\" alt=\"Frame del video \u201cLa ficci\u00f3n laboral. Amianto en El Prat\u201d Video digital. 37\u201909 min. 00\/05+P.A. Barcelona 2017\"><meta itemprop=\"url\" content=\"https:\/\/polititzacionsdelmalestar.org\/wp-content\/uploads\/2018\/01\/02-d.-gasol-1.2-560x560.jpg\"><meta itemprop=\"width\" content=\"560px\"><meta itemprop=\"height\" content=\"560px\"><\/div><\/div><div class=\"caption kad_caption\"><div class=\"kad_caption_inner\">Frame del v\u00eddeo \u201cLa ficci\u00f3n laboral. Amianto en El Prat\u201d V\u00eddeo digital. 37\u201909 min.00\/05+P.A. Barcelona, 2017.<\/div><\/div><\/a><\/div><\/div><\/div><\/div><\/div><\/div><\/div>","protected":false},"excerpt":{"rendered":"<h3><a href=\"http:\/\/polititzacionsdelmalestar.org\/2018\/01\/24\/ficcio-laboral-amiant-prat\/?lang=es\">La ficci\u00f3n laboral. Amianto en El Prat<\/a><\/h3>\n<p>2017<br \/>\n<a href=\"http:\/\/polititzacionsdelmalestar.org\/2018\/01\/23\/gasol-daniel\/?lang=es\"><strong>Daniel Gasol<\/strong><\/a><br \/>\n<br \/>\n<a href=\"http:\/\/polititzacionsdelmalestar.org\/temes\/activismo\/?lang=es\">Activismo<\/a>, <a href=\"http:\/\/polititzacionsdelmalestar.org\/temes\/cos\/?lang=es\">Cuerpo<\/a>, <a href=\"http:\/\/polititzacionsdelmalestar.org\/temes\/memoria\/?lang=es\">Memoria<\/a>, <a href=\"http:\/\/polititzacionsdelmalestar.org\/temes\/politica\/?lang=es\">Pol\u00edtica <\/a>y <a href=\"http:\/\/polititzacionsdelmalestar.org\/temes\/violencia\/?lang=es\">Violencia<\/a><\/p>\n","protected":false},"author":6,"featured_media":4667,"comment_status":"closed","ping_status":"closed","sticky":false,"template":"","format":"standard","meta":{"footnotes":""},"categories":[144,137,87,135,155,123,160],"tags":[],"class_list":["post-4665","post","type-post","status-publish","format-standard","has-post-thumbnail","hentry","category-activisme-es","category-cos-es","category-daniel-gasol-es","category-memoria-es","category-politica-es","category-proyectos","category-violencia-es"],"_links":{"self":[{"href":"https:\/\/polititzacionsdelmalestar.org\/es\/wp-json\/wp\/v2\/posts\/4665","targetHints":{"allow":["GET"]}}],"collection":[{"href":"https:\/\/polititzacionsdelmalestar.org\/es\/wp-json\/wp\/v2\/posts"}],"about":[{"href":"https:\/\/polititzacionsdelmalestar.org\/es\/wp-json\/wp\/v2\/types\/post"}],"author":[{"embeddable":true,"href":"https:\/\/polititzacionsdelmalestar.org\/es\/wp-json\/wp\/v2\/users\/6"}],"replies":[{"embeddable":true,"href":"https:\/\/polititzacionsdelmalestar.org\/es\/wp-json\/wp\/v2\/comments?post=4665"}],"version-history":[{"count":11,"href":"https:\/\/polititzacionsdelmalestar.org\/es\/wp-json\/wp\/v2\/posts\/4665\/revisions"}],"predecessor-version":[{"id":8967,"href":"https:\/\/polititzacionsdelmalestar.org\/es\/wp-json\/wp\/v2\/posts\/4665\/revisions\/8967"}],"wp:featuredmedia":[{"embeddable":true,"href":"https:\/\/polititzacionsdelmalestar.org\/es\/wp-json\/wp\/v2\/media\/4667"}],"wp:attachment":[{"href":"https:\/\/polititzacionsdelmalestar.org\/es\/wp-json\/wp\/v2\/media?parent=4665"}],"wp:term":[{"taxonomy":"category","embeddable":true,"href":"https:\/\/polititzacionsdelmalestar.org\/es\/wp-json\/wp\/v2\/categories?post=4665"},{"taxonomy":"post_tag","embeddable":true,"href":"https:\/\/polititzacionsdelmalestar.org\/es\/wp-json\/wp\/v2\/tags?post=4665"}],"curies":[{"name":"wp","href":"https:\/\/api.w.org\/{rel}","templated":true}]}}