


{"id":4626,"date":"2018-01-23T17:04:27","date_gmt":"2018-01-23T17:04:27","guid":{"rendered":"https:\/\/polititzacionsdelmalestar.org\/2018\/01\/23\/asuncion-guasch\/"},"modified":"2018-02-08T17:47:31","modified_gmt":"2018-02-08T17:47:31","slug":"asuncion-guasch","status":"publish","type":"post","link":"https:\/\/polititzacionsdelmalestar.org\/es\/asuncion-guasch\/","title":{"rendered":"Asunci\u00f3n + Guasch"},"content":{"rendered":"<div id=\"pl-4626\"  class=\"panel-layout\" ><div id=\"pg-4626-0\"  class=\"panel-grid panel-no-style\" ><div id=\"pgc-4626-0-0\"  class=\"panel-grid-cell\" ><div id=\"panel-4626-0-0-0\" class=\"so-panel widget widget_sow-editor panel-first-child panel-last-child\" data-index=\"0\" ><div\n\t\t\t\n\t\t\tclass=\"so-widget-sow-editor so-widget-sow-editor-base\"\n\t\t\t\n\t\t><h3 class=\"widget-title\">Asunci\u00f3n + Guasch<\/h3>\n<div class=\"siteorigin-widget-tinymce textwidget\">\n\t<\/div>\n<\/div><\/div><\/div><\/div><div id=\"pg-4626-1\"  class=\"panel-grid panel-no-style\" ><div id=\"pgc-4626-1-0\"  class=\"panel-grid-cell\" ><div id=\"panel-4626-1-0-0\" class=\"so-panel widget widget_sow-editor panel-first-child\" data-index=\"1\" ><div\n\t\t\t\n\t\t\tclass=\"so-widget-sow-editor so-widget-sow-editor-base\"\n\t\t\t\n\t\t>\n<div class=\"siteorigin-widget-tinymce textwidget\">\n\t<p><img decoding=\"async\" class=\"foto_completa\" src=\"https:\/\/polititzacionsdelmalestar.org\/wp-content\/uploads\/2018\/01\/01-projecte-escolta_retall.jpg\" alt=\"Projecte Escolta. Asunci\u00f3n+Guasch. 2010-11. ICIP, Barcelona.\" \/><\/p>\n<p><em>Proyecto Escucha. Asunci\u00f3n+Guasch. 2010-11. ICIP, Barcelona.<\/em><\/p>\n<p>\u00a0<\/p>\n<h5><a href=\"https:\/\/polititzacionsdelmalestar.org\/2018\/01\/24\/projecte-escolta\/?lang=es\">\"Projecte Escolta\"<\/a><\/h5>\n<p>2010 - 2011<br \/><a href=\"https:\/\/polititzacionsdelmalestar.org\/temes\/art-public\/?lang=es\">Arte p\u00fablico<\/a>, <a href=\"https:\/\/polititzacionsdelmalestar.org\/temes\/comunicacio\/?lang=es\">Comunicaci\u00f3n<\/a>, <a href=\"https:\/\/polititzacionsdelmalestar.org\/temes\/cura\/?lang=es\">Cuidado<\/a>, <a href=\"https:\/\/polititzacionsdelmalestar.org\/temes\/memoria\/?lang=es\">Memoria<\/a>, <a href=\"https:\/\/polititzacionsdelmalestar.org\/temes\/performance\/?lang=es\">Performance <\/a>y <a href=\"https:\/\/polititzacionsdelmalestar.org\/temes\/processos-collaboratius\/?lang=es\">Procesos colaborativos<\/a><\/p>\n<\/div>\n<\/div><\/div><div id=\"panel-4626-1-0-1\" class=\"so-panel widget widget_sow-editor panel-last-child\" data-index=\"2\" ><div\n\t\t\t\n\t\t\tclass=\"so-widget-sow-editor so-widget-sow-editor-base\"\n\t\t\t\n\t\t>\n<div class=\"siteorigin-widget-tinymce textwidget\">\n\t<p>Asunci\u00f3n + Guasch son Josep Asunci\u00f3n (Barcelona 1963) y Gemma Guasch (Barcelona 1966). Trabajan en binomio, explorando los l\u00edmites y el potencial de la dualidad creadora. El corpus de su obra es amplio y complejo, alcanzando m\u00faltiples creaciones visuales y performatives: la pintura -que ellos consideran lengua materna, y con la que mantienen una pr\u00e1ctica continuada, de forma individual y conjunta -, la fotograf\u00eda, el v\u00eddeo, el objeto, la instalaci\u00f3n, la performance, la poes\u00eda... Muchos de sus trabajos son performatius e implican la respuesta participativa de los otros; especialmente en los proyectos de arte p\u00fablico, que incorporan a otros agentes en pr\u00e1cticas art\u00edsticas colaborativas.<\/p>\n<p>Su trabajo es procesual. Su obra se tiene que entender como un cuerpo org\u00e1nico, un compuesto de unidades y relaciones que va emergiendo por el camino, desde la cotidianidad, las vivencias biogr\u00e1ficas y su afectaci\u00f3n. Su m\u00e9todo se basa en la boy escout activa. Mediante la focalizaci\u00f3n, o empleando estrategias de vaciado, hacen emerger una nueva obra en forma de or\u00e1culo, capaz de generar experiencia. Su vertiente colectiva es una parte importante de su proceso de creaci\u00f3n; se entiende como una \u00e1gora, donde promover la capacidad transformadora que tiene la creatividad en el individuo en el cuerpo social. En este entorno colectivo se entienden sus proyectos de arte p\u00fablico y las performances participativas, as\u00ed como la larga experiencia docente y sus publicaciones.<\/p>\n<p><a href=\"https:\/\/www.asuncionguasch.net\" target=\"_blank\" rel=\"noopener\">Web oficial Asunci\u00f3n + Guasch<\/a><\/p>\n<\/div>\n<\/div><\/div><\/div><div id=\"pgc-4626-1-1\"  class=\"panel-grid-cell\" ><div id=\"panel-4626-1-1-0\" class=\"so-panel widget widget_sow-editor panel-first-child panel-last-child\" data-index=\"3\" ><div\n\t\t\t\n\t\t\tclass=\"so-widget-sow-editor so-widget-sow-editor-base\"\n\t\t\t\n\t\t>\n<div class=\"siteorigin-widget-tinymce textwidget\">\n\t<p><strong>Nota<\/strong><br \/>\nEsta es una selecci\u00f3n de las obras de los autores que se enmarcan en los conceptos de Politizaciones del malestar.<\/p>\n<h4>\u00a0<\/h4>\n<p><strong>Otros proyectos<\/strong><\/p>\n<p>Anja<\/p>\n<a id=\"69f0c9cdc6da2\" rel=\"wp-video-lightbox\" href=\"https:\/\/www.youtube.com\/watch?v=0uUT47pDwDU&#038;width=800&#038;height=600\" title=\"\"><img decoding=\"async\" src=\"https:\/\/polititzacionsdelmalestar.org\/wp-content\/uploads\/2018\/01\/ajna.jpg\" class=\"video_lightbox_anchor_image\" alt=\"Ajna\" \/><\/a>    <script>\r\n    \/* <![CDATA[ *\/\r\n    jQuery(document).ready(function($){\r\n        $(function(){\r\n            var width = $(window).innerWidth();\r\n            var setwidth = parseFloat(800);\r\n            var ratio = parseFloat(0.75);\r\n            var height = parseFloat(600);\r\n            var link = 'https:\/\/www.youtube.com\/watch?v=0uUT47pDwDU&amp;width=800&amp;height=600';\r\n            if(width < setwidth)\r\n            {\r\n                height = Math.floor(width * 0.75);\r\n                \/\/console.log(\"device width \"+width+\", set width \"+800+\", ratio \"+0.75+\", new height \"+ height);\r\n                var new_url = wpvl_paramReplace('width', link, width);\r\n                var new_url = wpvl_paramReplace('height', new_url, height);\r\n                $(\"a#69f0c9cdc6da2\").attr('href', new_url);\r\n                \/\/console.log(new_url);\r\n            }\r\n        });\r\n    });\r\n    \/* ]]> *\/\r\n    <\/script>\n<p>\u00a0<\/p>\n<p>Arca<\/p>\n<a id=\"69f0c9cdc6e36\" rel=\"wp-video-lightbox\" href=\"https:\/\/www.youtube.com\/watch?v=sqIHtAqueyw&#038;width=800&#038;height=600\" title=\"\"><img decoding=\"async\" src=\"https:\/\/polititzacionsdelmalestar.org\/wp-content\/uploads\/2018\/01\/arca.jpg\" class=\"video_lightbox_anchor_image\" alt=\"Arca\" \/><\/a>    <script>\r\n    \/* <![CDATA[ *\/\r\n    jQuery(document).ready(function($){\r\n        $(function(){\r\n            var width = $(window).innerWidth();\r\n            var setwidth = parseFloat(800);\r\n            var ratio = parseFloat(0.75);\r\n            var height = parseFloat(600);\r\n            var link = 'https:\/\/www.youtube.com\/watch?v=sqIHtAqueyw&amp;width=800&amp;height=600';\r\n            if(width < setwidth)\r\n            {\r\n                height = Math.floor(width * 0.75);\r\n                \/\/console.log(\"device width \"+width+\", set width \"+800+\", ratio \"+0.75+\", new height \"+ height);\r\n                var new_url = wpvl_paramReplace('width', link, width);\r\n                var new_url = wpvl_paramReplace('height', new_url, height);\r\n                $(\"a#69f0c9cdc6e36\").attr('href', new_url);\r\n                \/\/console.log(new_url);\r\n            }\r\n        });\r\n    });\r\n    \/* ]]> *\/\r\n    <\/script>\n<p>\u00a0<\/p>\n<p>Manipura<\/p>\n<a id=\"69f0c9cdc6ec5\" rel=\"wp-video-lightbox\" href=\"https:\/\/www.youtube.com\/watch?v=2zvDtNKpv88&#038;width=800&#038;height=600\" title=\"\"><img decoding=\"async\" src=\"https:\/\/polititzacionsdelmalestar.org\/wp-content\/uploads\/2018\/01\/manipura.jpg\" class=\"video_lightbox_anchor_image\" alt=\"Manipura\" \/><\/a>    <script>\r\n    \/* <![CDATA[ *\/\r\n    jQuery(document).ready(function($){\r\n        $(function(){\r\n            var width = $(window).innerWidth();\r\n            var setwidth = parseFloat(800);\r\n            var ratio = parseFloat(0.75);\r\n            var height = parseFloat(600);\r\n            var link = 'https:\/\/www.youtube.com\/watch?v=2zvDtNKpv88&amp;width=800&amp;height=600';\r\n            if(width < setwidth)\r\n            {\r\n                height = Math.floor(width * 0.75);\r\n                \/\/console.log(\"device width \"+width+\", set width \"+800+\", ratio \"+0.75+\", new height \"+ height);\r\n                var new_url = wpvl_paramReplace('width', link, width);\r\n                var new_url = wpvl_paramReplace('height', new_url, height);\r\n                $(\"a#69f0c9cdc6ec5\").attr('href', new_url);\r\n                \/\/console.log(new_url);\r\n            }\r\n        });\r\n    });\r\n    \/* ]]> *\/\r\n    <\/script>\n<p>\u00a0<\/p>\n<p><em>Clavells d\u2019aire<\/em><\/p>\n<a id=\"69f0c9cdc6f58\" rel=\"wp-video-lightbox\" href=\"https:\/\/www.youtube.com\/watch?v=nqwhw1eDC8M&#038;width=800&#038;height=600\" title=\"\"><img decoding=\"async\" src=\"https:\/\/polititzacionsdelmalestar.org\/wp-content\/uploads\/2018\/01\/cavells-aire.jpg\" class=\"video_lightbox_anchor_image\" alt=\"Clavells d\u2019aire\" \/><\/a>    <script>\r\n    \/* <![CDATA[ *\/\r\n    jQuery(document).ready(function($){\r\n        $(function(){\r\n            var width = $(window).innerWidth();\r\n            var setwidth = parseFloat(800);\r\n            var ratio = parseFloat(0.75);\r\n            var height = parseFloat(600);\r\n            var link = 'https:\/\/www.youtube.com\/watch?v=nqwhw1eDC8M&amp;width=800&amp;height=600';\r\n            if(width < setwidth)\r\n            {\r\n                height = Math.floor(width * 0.75);\r\n                \/\/console.log(\"device width \"+width+\", set width \"+800+\", ratio \"+0.75+\", new height \"+ height);\r\n                var new_url = wpvl_paramReplace('width', link, width);\r\n                var new_url = wpvl_paramReplace('height', new_url, height);\r\n                $(\"a#69f0c9cdc6f58\").attr('href', new_url);\r\n                \/\/console.log(new_url);\r\n            }\r\n        });\r\n    });\r\n    \/* ]]> *\/\r\n    <\/script>\n<\/div>\n<\/div><\/div><\/div><\/div><\/div>","protected":false},"excerpt":{"rendered":"<h5><a href=\"http:\/\/polititzacionsdelmalestar.org\/2018\/01\/23\/asuncion-guasch\/?lang=es\" >Asunci\u00f3n + Guasch<\/a><\/h5>\n<li><a href=\"http:\/\/polititzacionsdelmalestar.org\/2018\/01\/24\/projecte-escolta\/?lang=es\" >Projecte Escolta<\/a>, 2010-2011<\/li>\n","protected":false},"author":6,"featured_media":0,"comment_status":"closed","ping_status":"open","sticky":false,"template":"","format":"standard","meta":{"footnotes":""},"categories":[82],"tags":[],"class_list":["post-4626","post","type-post","status-publish","format-standard","hentry","category-autores"],"_links":{"self":[{"href":"https:\/\/polititzacionsdelmalestar.org\/es\/wp-json\/wp\/v2\/posts\/4626","targetHints":{"allow":["GET"]}}],"collection":[{"href":"https:\/\/polititzacionsdelmalestar.org\/es\/wp-json\/wp\/v2\/posts"}],"about":[{"href":"https:\/\/polititzacionsdelmalestar.org\/es\/wp-json\/wp\/v2\/types\/post"}],"author":[{"embeddable":true,"href":"https:\/\/polititzacionsdelmalestar.org\/es\/wp-json\/wp\/v2\/users\/6"}],"replies":[{"embeddable":true,"href":"https:\/\/polititzacionsdelmalestar.org\/es\/wp-json\/wp\/v2\/comments?post=4626"}],"version-history":[{"count":12,"href":"https:\/\/polititzacionsdelmalestar.org\/es\/wp-json\/wp\/v2\/posts\/4626\/revisions"}],"predecessor-version":[{"id":7927,"href":"https:\/\/polititzacionsdelmalestar.org\/es\/wp-json\/wp\/v2\/posts\/4626\/revisions\/7927"}],"wp:attachment":[{"href":"https:\/\/polititzacionsdelmalestar.org\/es\/wp-json\/wp\/v2\/media?parent=4626"}],"wp:term":[{"taxonomy":"category","embeddable":true,"href":"https:\/\/polititzacionsdelmalestar.org\/es\/wp-json\/wp\/v2\/categories?post=4626"},{"taxonomy":"post_tag","embeddable":true,"href":"https:\/\/polititzacionsdelmalestar.org\/es\/wp-json\/wp\/v2\/tags?post=4626"}],"curies":[{"name":"wp","href":"https:\/\/api.w.org\/{rel}","templated":true}]}}