


{"id":4597,"date":"2018-01-09T09:36:57","date_gmt":"2018-01-09T09:36:57","guid":{"rendered":"https:\/\/polititzacionsdelmalestar.org\/2018\/01\/09\/nora-arcarola\/"},"modified":"2018-03-01T16:45:45","modified_gmt":"2018-03-01T16:45:45","slug":"nora-arcarola","status":"publish","type":"post","link":"https:\/\/polititzacionsdelmalestar.org\/es\/nora-arcarola\/","title":{"rendered":"Ancarola, Nora"},"content":{"rendered":"<div id=\"pl-4597\"  class=\"panel-layout\" ><div id=\"pg-4597-0\"  class=\"panel-grid panel-no-style\" ><div id=\"pgc-4597-0-0\"  class=\"panel-grid-cell\" ><div id=\"panel-4597-0-0-0\" class=\"so-panel widget widget_sow-editor panel-first-child panel-last-child\" data-index=\"0\" ><div\n\t\t\t\n\t\t\tclass=\"so-widget-sow-editor so-widget-sow-editor-base\"\n\t\t\t\n\t\t><h3 class=\"widget-title\">Nora Arcarola<\/h3>\n<div class=\"siteorigin-widget-tinymce textwidget\">\n\t<\/div>\n<\/div><\/div><\/div><\/div><div id=\"pg-4597-1\"  class=\"panel-grid panel-no-style\" ><div id=\"pgc-4597-1-0\"  class=\"panel-grid-cell\" ><div id=\"panel-4597-1-0-0\" class=\"so-panel widget widget_sow-editor panel-first-child\" data-index=\"1\" ><div\n\t\t\t\n\t\t\tclass=\"so-widget-sow-editor so-widget-sow-editor-base\"\n\t\t\t\n\t\t>\n<div class=\"siteorigin-widget-tinymce textwidget\">\n\t<p><img loading=\"lazy\" decoding=\"async\" class=\"foto_completa\" src=\"https:\/\/polititzacionsdelmalestar.org\/wp-content\/uploads\/2018\/01\/02-Antikeres.jpg\" alt=\"Imatge d\u2019Antikeres, dins el projecte Trilogia de la Privadesa\" width=\"1000\" height=\"667\" \/><\/p>\n<p><em>Imagen de Antikeres, del proyecto \"Trilogia de la Privadesa\".<\/em><\/p>\n<p>\u00a0<\/p>\n<h5><a href=\"https:\/\/polititzacionsdelmalestar.org\/2018\/01\/09\/antikeres\/\">Antikeres<\/a><\/h5>\n<p>2010 - 2011<br \/>\n<a href=\"https:\/\/polititzacionsdelmalestar.org\/temes\/cura\/?lang=es\">Cuidado<\/a>, <a href=\"https:\/\/polititzacionsdelmalestar.org\/temes\/genere\/?lang=es\">G\u00e9nero<\/a>, <a href=\"https:\/\/polititzacionsdelmalestar.org\/temes\/malestar\/?lang=es\">Malestar<\/a>, <a href=\"https:\/\/polititzacionsdelmalestar.org\/temes\/politica\/?lang=es\">Pol\u00edtica<\/a> y <a href=\"https:\/\/polititzacionsdelmalestar.org\/temes\/privacitat\/?lang=es\">Privacidad<\/a><\/p>\n<p>Con\u00a0<a href=\"https:\/\/polititzacionsdelmalestar.org\/2018\/01\/09\/marga-ximenez\/?lang=es\/\"><strong>Marga Ximenez<\/strong><\/a><\/p>\n<\/div>\n<\/div><\/div><div id=\"panel-4597-1-0-1\" class=\"so-panel widget widget_sow-editor panel-last-child\" data-index=\"2\" ><div\n\t\t\t\n\t\t\tclass=\"so-widget-sow-editor so-widget-sow-editor-base\"\n\t\t\t\n\t\t>\n<div class=\"siteorigin-widget-tinymce textwidget\">\n\t<p>Nacida en Buenos Aires. Artista visual, vive y trabaja en Barcelona desde el a\u00f1o 1978. A partir del a\u00f1o 1998 dirige junto a Marga Ximenez MX Espai1010, espacio de arte contempor\u00e1neo de Barcelona, con la cual tambi\u00e9n crea MX Edicions1010 en 2004, que recibe el premio a las Iniciativas el 2008 de la Asociaci\u00f3n de Cr\u00edticos de Arte de Catalu\u00f1a.<\/p>\n<p>Coordina y comisar\u00eda ciclos y exposiciones como por ejemplo Videopak, ciclo anual de v\u00eddeo-instalaciones, Lo desconocido de los conocidos, Doblas pieles, Nov\u00edsimos, entre otros, a la vegada que se dedica a la ense\u00f1anza del arte. Ha recibido varios premios y becas y su trabajo profesional se realiza en una l\u00ednea de producci\u00f3n independiente y de investigaci\u00f3n.<\/p>\n<p>A medida que avanza en el tiempo, su trabajo est\u00e1 cada vez m\u00e1s estrechamente relacionado con dos aspectos de la realidad que me preocupan especialmente: la capacidad de los lenguajes art\u00edsticos para aportar nuevas lecturas a los peque\u00f1os -o grandes- relatos hist\u00f3ricos y la realidad social y por otro lado, la observaci\u00f3n y la utilizaci\u00f3n de los procesos creativos, en su potencialidad para gestionar el malestar individual y sist\u00e9mico como instrumento de transformaci\u00f3n.<\/p>\n<p>Teniendo en cuenta estas dos consideraciones ha realizado pinturas, fotograf\u00edas, v\u00eddeos e instalaciones, en las cuales las im\u00e1genes ponen en juego el \u00edntimo y el p\u00fablico en una clara voluntad de revisi\u00f3n del estatus que los regula. Cada proyecto requiere un proceso diferente a la vez que una resoluci\u00f3n t\u00e9cnica, procesal y espacial espec\u00edfica. Poner en di\u00e1logo imagen y texto es tambi\u00e9n recurrente en su trabajo desde los inicios.<\/p>\n<p>Antikeres, parte de la Trilog\u00eda de la privacidad, proyecto compartido con Marga Ximenez y con la participaci\u00f3n de m\u00e1s de cincuenta profesionales colaboradores y colaboradoras, Optimizaci\u00f3n combinatoria con Ulla Blanca Lima y Politizaciones del malestar con Laia Manonelles y Daniel Gasol, demuestran tambi\u00e9n la importancia que va adquiriendo en mi obra el trabajo compartido y su dimensi\u00f3n social y pol\u00edtica.<\/p>\n<p><a href=\"http:\/\/www.noraancarola.com\/NORA\/p\/1\/1\/0\/Inici\" target=\"_blank\" rel=\"noopener\">Web oficial Nora Ancarola<\/a><\/p>\n<\/div>\n<\/div><\/div><\/div><div id=\"pgc-4597-1-1\"  class=\"panel-grid-cell\" ><div id=\"panel-4597-1-1-0\" class=\"so-panel widget widget_sow-editor panel-first-child\" data-index=\"3\" ><div\n\t\t\t\n\t\t\tclass=\"so-widget-sow-editor so-widget-sow-editor-base\"\n\t\t\t\n\t\t>\n<div class=\"siteorigin-widget-tinymce textwidget\">\n\t<p><img loading=\"lazy\" decoding=\"async\" class=\"foto_completa\" src=\"https:\/\/polititzacionsdelmalestar.org\/wp-content\/uploads\/2018\/01\/01-imatge-1-1.jpg\" alt=\"Imatge d\u2019Antikeres, dins el projecte Trilogia de la Privadesa\" width=\"1000\" height=\"667\" \/><\/p>\n<p><em>Imagen del cartel de la exposici\u00f3n Can Many\u00e8. 2017.<\/em><\/p>\n<p>\u00a0<\/p>\n<h5><a href=\"https:\/\/polititzacionsdelmalestar.org\/2018\/01\/26\/optimitzacio-combinatoria\/?lang=es\">Optimitzaci\u00f3n combinatoria<\/a><\/h5>\n<p>2016<br \/><a href=\"https:\/\/polititzacionsdelmalestar.org\/temes\/cos\/?lang=es\">Cuerpo<\/a>, <a href=\"https:\/\/polititzacionsdelmalestar.org\/temes\/cura\/?lang=es\">Cuidado<\/a>, <a href=\"https:\/\/polititzacionsdelmalestar.org\/temes\/memoria\/?lang=es\">Memoria<\/a>, <a href=\"https:\/\/polititzacionsdelmalestar.org\/temes\/medicalitzacio\/?lang=es\">Medicalizaci\u00f3n <\/a>y <a href=\"https:\/\/polititzacionsdelmalestar.org\/temes\/processos-collaboratius\/?lang=es\">Procesos colaborativos<\/a><\/p>\n<p>Con<a href=\"https:\/\/polititzacionsdelmalestar.org\/2018\/01\/24\/ulla-blanca-lima\/\"> <strong>Ulla Blanca Lima<\/strong><\/a><\/p>\n<\/div>\n<\/div><\/div><div id=\"panel-4597-1-1-1\" class=\"so-panel widget widget_sow-editor panel-last-child\" data-index=\"4\" ><div\n\t\t\t\n\t\t\tclass=\"so-widget-sow-editor so-widget-sow-editor-base\"\n\t\t\t\n\t\t>\n<div class=\"siteorigin-widget-tinymce textwidget\">\n\t<p><strong>Nota<\/strong><br \/>\nEsta es una selecci\u00f3n de las obras de la autora que se enmarcan en los conceptos de Politizaciones del malestar.<\/p>\n<h4>\u00a0<\/h4>\n<p><strong>Otros proyectos<\/strong><\/p>\n<p>- <a href=\"http:\/\/www.noraancarola.com\/NORA\/p\/1\/220\/0\/Trilogia-de-la-privadesa\" target=\"_blank\" rel=\"noopener\"><em>Trilogia de la privadesa<\/em><\/a><\/p>\n<p>- <a href=\"http:\/\/www.noraancarola.com\/NORA\/p\/1\/143\/0\/Paisatge-mem\u00f2ria\" target=\"_blank\" rel=\"noopener\"><em>Paisatge mem\u00f2ria<\/em><\/a><\/p>\n<p>- <a href=\"http:\/\/www.noraancarola.com\/NORA\/p\/1\/195\/0\/Riu-en-el-meu-cos\" target=\"_blank\" rel=\"noopener\"><em>Riu en el meu cos<\/em><\/a><\/p>\n<\/div>\n<\/div><\/div><\/div><\/div><\/div>","protected":false},"excerpt":{"rendered":"<h5><a href=\"http:\/\/polititzacionsdelmalestar.org\/2018\/01\/09\/nora-arcarola\/?lang=es\" >Nora Arcarola<\/a><\/h5>\n<li><a href=\"http:\/\/polititzacionsdelmalestar.org\/2018\/01\/09\/antikeres\/?lang=es\" >Antikeres<\/a>, 2010-2011<\/li>\n<li><a href=\"http:\/\/polititzacionsdelmalestar.org\/2018\/01\/26\/optimitzacio-combinatoria\/?lang=es\/\" >Optimitzaci\u00f3n combinatoria<\/a>, 2016<\/li>\n","protected":false},"author":6,"featured_media":0,"comment_status":"closed","ping_status":"closed","sticky":false,"template":"","format":"standard","meta":{"footnotes":""},"categories":[82],"tags":[],"class_list":["post-4597","post","type-post","status-publish","format-standard","hentry","category-autores"],"_links":{"self":[{"href":"https:\/\/polititzacionsdelmalestar.org\/es\/wp-json\/wp\/v2\/posts\/4597","targetHints":{"allow":["GET"]}}],"collection":[{"href":"https:\/\/polititzacionsdelmalestar.org\/es\/wp-json\/wp\/v2\/posts"}],"about":[{"href":"https:\/\/polititzacionsdelmalestar.org\/es\/wp-json\/wp\/v2\/types\/post"}],"author":[{"embeddable":true,"href":"https:\/\/polititzacionsdelmalestar.org\/es\/wp-json\/wp\/v2\/users\/6"}],"replies":[{"embeddable":true,"href":"https:\/\/polititzacionsdelmalestar.org\/es\/wp-json\/wp\/v2\/comments?post=4597"}],"version-history":[{"count":11,"href":"https:\/\/polititzacionsdelmalestar.org\/es\/wp-json\/wp\/v2\/posts\/4597\/revisions"}],"predecessor-version":[{"id":9236,"href":"https:\/\/polititzacionsdelmalestar.org\/es\/wp-json\/wp\/v2\/posts\/4597\/revisions\/9236"}],"wp:attachment":[{"href":"https:\/\/polititzacionsdelmalestar.org\/es\/wp-json\/wp\/v2\/media?parent=4597"}],"wp:term":[{"taxonomy":"category","embeddable":true,"href":"https:\/\/polititzacionsdelmalestar.org\/es\/wp-json\/wp\/v2\/categories?post=4597"},{"taxonomy":"post_tag","embeddable":true,"href":"https:\/\/polititzacionsdelmalestar.org\/es\/wp-json\/wp\/v2\/tags?post=4597"}],"curies":[{"name":"wp","href":"https:\/\/api.w.org\/{rel}","templated":true}]}}