


{"id":4573,"date":"2018-01-23T18:17:43","date_gmt":"2018-01-23T18:17:43","guid":{"rendered":"https:\/\/polititzacionsdelmalestar.org\/2018\/01\/23\/francesc-abad\/"},"modified":"2018-02-19T16:02:45","modified_gmt":"2018-02-19T16:02:45","slug":"francesc-abad","status":"publish","type":"post","link":"https:\/\/polititzacionsdelmalestar.org\/es\/francesc-abad\/","title":{"rendered":"Abad, Francesc"},"content":{"rendered":"<div id=\"pl-4573\"  class=\"panel-layout\" ><div id=\"pg-4573-0\"  class=\"panel-grid panel-no-style\" ><div id=\"pgc-4573-0-0\"  class=\"panel-grid-cell\" ><div id=\"panel-4573-0-0-0\" class=\"so-panel widget widget_sow-editor panel-first-child panel-last-child\" data-index=\"0\" ><div\n\t\t\t\n\t\t\tclass=\"so-widget-sow-editor so-widget-sow-editor-base\"\n\t\t\t\n\t\t><h3 class=\"widget-title\">Francesc Abad<\/h3>\n<div class=\"siteorigin-widget-tinymce textwidget\">\n\t<\/div>\n<\/div><\/div><\/div><\/div><div id=\"pg-4573-1\"  class=\"panel-grid panel-no-style\" ><div id=\"pgc-4573-1-0\"  class=\"panel-grid-cell\" ><div id=\"panel-4573-1-0-0\" class=\"so-panel widget widget_sow-editor panel-first-child\" data-index=\"1\" ><div\n\t\t\t\n\t\t\tclass=\"so-widget-sow-editor so-widget-sow-editor-base\"\n\t\t\t\n\t\t>\n<div class=\"siteorigin-widget-tinymce textwidget\">\n\t<p><img decoding=\"async\" class=\"foto_completa\" src=\"https:\/\/polititzacionsdelmalestar.org\/wp-content\/uploads\/2018\/01\/01-Captura-de-pantalla-2018retall.jpg\" \/><\/p>\n<p><em>Captura del web Camp de la Bota.<\/em><\/p>\n<p>\u00a0<\/p>\n<h5><a href=\"https:\/\/polititzacionsdelmalestar.org\/camp-bota\/\">\"Camp de la bota\"<\/a><\/h5>\n<p>2004<br \/><a href=\"https:\/\/polititzacionsdelmalestar.org\/temes\/politica\/?lang=es\">Pol\u00edtica<\/a>, <a href=\"https:\/\/polititzacionsdelmalestar.org\/temes\/memoria\/?lang=es\">Memoria<\/a> y <a href=\"https:\/\/polititzacionsdelmalestar.org\/temes\/processos-collaboratius\/?lang=es\">Procesos colaborativos<\/a><\/p>\n<\/div>\n<\/div><\/div><div id=\"panel-4573-1-0-1\" class=\"so-panel widget widget_sow-editor panel-last-child\" data-index=\"2\" ><div\n\t\t\t\n\t\t\tclass=\"so-widget-sow-editor so-widget-sow-editor-base\"\n\t\t\t\n\t\t>\n<div class=\"siteorigin-widget-tinymce textwidget\">\n\t<p>Francesc Abad (Terrassa 1944) es uno de los artistas catalanes m\u00e1s significativos de los que iniciaron su trayectoria creativa en el marco hist\u00f3rico del llamado arte conceptual en Catalu\u00f1a, mucho a inicios de los a\u00f1os 70, tanto por su continuada l\u00ednea de trabajo como por el esp\u00edritu transversal caracter\u00edstico de su discurso. Es uno de los fundadores e integrantes fundamentales del \"Grupo de Trabajo\", el colectivo de artistas y te\u00f3ricos m\u00e1s emblem\u00e1tico surgido en el contexto de cr\u00edtica y compromiso propiciado por las actitudes art\u00edsticas desmaterializadas, y con el cual particip\u00f3 el 1972 a la Documenta V de Kassel. A lo largo de casi cuarenta y cinco a\u00f1os de actividad ininterrumpida, Francesc Abad ha mostrado regularmente su trabajo en el conjunto del Estado espa\u00f1ol y a los \u00faltimos a\u00f1os ha participado tambi\u00e9n en significativas exposiciones tem\u00e1ticas y de grupo de cariz hist\u00f3rico y cr\u00edtico, nacionales e internacionales.<\/p>\n<p>Su actividad art\u00edstica se construye y se reconoce como una reflexi\u00f3n cultural articulada en forma de im\u00e1genes dial\u00e9cticas, centrada en la fragilidad del hombre, el paisaje y la palabra, el paso del tiempo y el peso de la memoria, la agon\u00eda industrial y la progresi\u00f3n hist\u00f3rica, el final de mundos que se acaban, el exilio y el dolor, configurando una particular escritura de los l\u00edmites que prioriza claramente el compromiso personal y la investigaci\u00f3n social por encima de la calidad est\u00e9tica y el car\u00e1cter objetual. Una reflexi\u00f3n, en definitiva, muy \u00fatil tambi\u00e9n para repensar los acontecimientos sociales y pol\u00edticos con los cuales se ha ido determinando la historia del siglo XX.<\/p>\n<p><a href=\"http:\/\/www.francescabad.com\" target=\"_blank\" rel=\"noopener\">Web oficial Francesc Abad<\/a><\/p>\n<\/div>\n<\/div><\/div><\/div><div id=\"pgc-4573-1-1\"  class=\"panel-grid-cell\" ><div id=\"panel-4573-1-1-0\" class=\"so-panel widget widget_sow-editor panel-first-child panel-last-child\" data-index=\"3\" ><div\n\t\t\t\n\t\t\tclass=\"so-widget-sow-editor so-widget-sow-editor-base\"\n\t\t\t\n\t\t>\n<div class=\"siteorigin-widget-tinymce textwidget\">\n\t<p><strong>Nota<\/strong><br \/>\nEsta es una selecci\u00f3n de las obras del autor que se enmarcan en los conceptos de Politizaciones del malestar.<\/p>\n<h4>\u00a0<\/h4>\n<p><strong>Otros proyectos<\/strong><\/p>\n<p><a href=\"http:\/\/www.blockwb.net\" target=\"_blank\" rel=\"noopener\">Block Walter Benjamin \/ F. Abad<\/a><\/p>\n<\/div>\n<\/div><\/div><\/div><\/div><\/div>","protected":false},"excerpt":{"rendered":"<h5><a href=\"http:\/\/polititzacionsdelmalestar.org\/2018\/01\/23\/francesc-abad\/?lang=es\/\" >Francesc Abad<\/a><\/h5>\n<li><a href=\"http:\/\/polititzacionsdelmalestar.org\/2018\/01\/25\/camp-bota\/?lang=es\" >Camp de la bota<\/a>, 2004-2005<\/li>\n","protected":false},"author":6,"featured_media":0,"comment_status":"closed","ping_status":"open","sticky":false,"template":"","format":"standard","meta":{"footnotes":""},"categories":[82],"tags":[],"class_list":["post-4573","post","type-post","status-publish","format-standard","hentry","category-autores"],"_links":{"self":[{"href":"https:\/\/polititzacionsdelmalestar.org\/es\/wp-json\/wp\/v2\/posts\/4573","targetHints":{"allow":["GET"]}}],"collection":[{"href":"https:\/\/polititzacionsdelmalestar.org\/es\/wp-json\/wp\/v2\/posts"}],"about":[{"href":"https:\/\/polititzacionsdelmalestar.org\/es\/wp-json\/wp\/v2\/types\/post"}],"author":[{"embeddable":true,"href":"https:\/\/polititzacionsdelmalestar.org\/es\/wp-json\/wp\/v2\/users\/6"}],"replies":[{"embeddable":true,"href":"https:\/\/polititzacionsdelmalestar.org\/es\/wp-json\/wp\/v2\/comments?post=4573"}],"version-history":[{"count":12,"href":"https:\/\/polititzacionsdelmalestar.org\/es\/wp-json\/wp\/v2\/posts\/4573\/revisions"}],"predecessor-version":[{"id":8540,"href":"https:\/\/polititzacionsdelmalestar.org\/es\/wp-json\/wp\/v2\/posts\/4573\/revisions\/8540"}],"wp:attachment":[{"href":"https:\/\/polititzacionsdelmalestar.org\/es\/wp-json\/wp\/v2\/media?parent=4573"}],"wp:term":[{"taxonomy":"category","embeddable":true,"href":"https:\/\/polititzacionsdelmalestar.org\/es\/wp-json\/wp\/v2\/categories?post=4573"},{"taxonomy":"post_tag","embeddable":true,"href":"https:\/\/polititzacionsdelmalestar.org\/es\/wp-json\/wp\/v2\/tags?post=4573"}],"curies":[{"name":"wp","href":"https:\/\/api.w.org\/{rel}","templated":true}]}}