


{"id":4534,"date":"2018-01-25T16:51:45","date_gmt":"2018-01-25T16:51:45","guid":{"rendered":"https:\/\/polititzacionsdelmalestar.org\/2018\/01\/25\/feria-flores\/"},"modified":"2018-02-23T17:31:46","modified_gmt":"2018-02-23T17:31:46","slug":"feria-flores","status":"publish","type":"post","link":"https:\/\/polititzacionsdelmalestar.org\/es\/feria-flores\/","title":{"rendered":"La Feria de las Flores"},"content":{"rendered":"<div id=\"pl-4534\"  class=\"panel-layout\" ><div id=\"pg-4534-0\"  class=\"panel-grid panel-no-style\" ><div id=\"pgc-4534-0-0\"  class=\"panel-grid-cell\" ><div id=\"panel-4534-0-0-0\" class=\"so-panel widget widget_virtue_gallery_widget virtue_gallery_widget panel-first-child\" data-index=\"0\" ><h3 class=\"widget-title\">La Feria de las Flores<\/h3><div id=\"kad-wp-gallery937\" class=\"kad-wp-gallery gallery kt-gallery-column-1 init-isotope-intrinsic reinit-isotope kad-light-wp-gallery clearfix rowtight\" data-fade-in=\"1\" data-iso-selector=\".g_item\" data-iso-style=\"masonry\" data-iso-filter=\"false\"><div class=\"tcol-lg-12 tcol-md-12 tcol-sm-12 tcol-xs-12 tcol-ss-12 g_item\"><div class=\"grid_item kt_item_fade_in kad_gallery_fade_in gallery_item\"><a href=\"https:\/\/polititzacionsdelmalestar.org\/wp-content\/uploads\/2018\/01\/01-La-Feria-de-las-Flores-2015-2016.-Cortesia-de-la-artista-i-dADN-Galeria.jpg\" data-rel=\"lightbox\" class=\"lightboxhover\"><div class=\"kt-intrinsic\" style=\"padding-bottom:100%;\"><div itemprop=\"image\" itemscope itemtype=\"https:\/\/schema.org\/ImageObject\"><img loading=\"lazy\" decoding=\"async\" width=\"560\" height=\"560\" src=\"https:\/\/polititzacionsdelmalestar.org\/wp-content\/uploads\/2018\/01\/01-La-Feria-de-las-Flores-2015-2016.-Cortesia-de-la-artista-i-dADN-Galeria-560x560.jpg\" srcset=\"https:\/\/polititzacionsdelmalestar.org\/wp-content\/uploads\/2018\/01\/01-La-Feria-de-las-Flores-2015-2016.-Cortesia-de-la-artista-i-dADN-Galeria-560x560.jpg 560w, https:\/\/polititzacionsdelmalestar.org\/wp-content\/uploads\/2018\/01\/01-La-Feria-de-las-Flores-2015-2016.-Cortesia-de-la-artista-i-dADN-Galeria-150x150.jpg 150w\" sizes=\"auto, (max-width: 560px) 100vw, 560px\" data-caption=\"La Feria de las Flores, 2015-2016. Cortes\u00eda de la artista y de ADN\" class=\"light-dropshaddow\" itemprop=\"contentUrl\" alt=\"La Feria de las Flores, 2015-2016. Cortesia de la artista i d&#039;ADN\"><meta itemprop=\"url\" content=\"https:\/\/polititzacionsdelmalestar.org\/wp-content\/uploads\/2018\/01\/01-La-Feria-de-las-Flores-2015-2016.-Cortesia-de-la-artista-i-dADN-Galeria-560x560.jpg\"><meta itemprop=\"width\" content=\"560px\"><meta itemprop=\"height\" content=\"560px\"><\/div><\/div><div class=\"caption kad_caption\"><div class=\"kad_caption_inner\">La Feria de las Flores, 2015-2016. Cortes\u00eda de la artista y de ADN<\/div><\/div><\/a><\/div><\/div><\/div><\/div><div id=\"panel-4534-0-0-1\" class=\"so-panel widget widget_sow-editor panel-last-child\" data-index=\"1\" ><div\n\t\t\t\n\t\t\tclass=\"so-widget-sow-editor so-widget-sow-editor-base\"\n\t\t\t\n\t\t>\n<div class=\"siteorigin-widget-tinymce textwidget\">\n\t<p>2015 - 2016 <br \/>V\u00eddeo. 42\u2019 51\u2019\u2019 - 720p, color, monocanal, compressor h 264<\/p>\n<p>La Feria de las Flores ha consistido en la organizaci\u00f3n y realizaci\u00f3n de una serie de visitas guiadas a trav\u00e9s de las obras de Fernando Botero, \u00abel artista paisa por excelencia\u00bb, expuestas a la colecci\u00f3n permanente del Museo de Antioquia de la ciudad de Medell\u00edn.<\/p>\n<p>La particularidad de estas visitas es que las llevan a cabo menores de edad que han sido explotadas por el creciente negocio del turismo sexual a Medell\u00edn. Las menores gu\u00edan los visitantes a trav\u00e9s de obras en que el artista represent\u00f3 el cuerpo femenino. Para hacerlo, estas at\u00edpicas gu\u00edas de arte moderno se basan en sus experiencias personales en torno a la explotaci\u00f3n sexual infantil y evidencian la cosificaci\u00f3n del cuerpo femenino mostrando los cat\u00e1logos de venta de virginidades que circulan por las calles de la ciudad y a trav\u00e9s de los cuales los turistas \u2014mayoritariamente procedentes de los EE.UU., Espa\u00f1a, Israel, Alemania y M\u00e9xico\u2014 seleccionan la ni\u00f1a o ni\u00f1o la virginidad de los cuales quieren comprar.<\/p>\n<p>Milagro Medell\u00edn es como se conoce el nuevo modelo de ciudad que definen como progresista, cosmopolita, innovadora y cultural. En esta, como en la mayor\u00eda de las remodelaciones urbanas a escala internacional, la cultura ha sido un elemento clave para la \u00abrevitalizaci\u00f3n\u00bb del centro de Medell\u00edn.<\/p>\n<p>Para hacerlo, Fernando Botero contribuy\u00f3 con la donaci\u00f3n de 137 obras y un mill\u00f3n de d\u00f3lares para el Museo de Antioquia, y de 23 esculturas monumentales para la construcci\u00f3n de la plaza con su nombre, ante el Museo. Esto permiti\u00f3 promocionar Medell\u00edn como \u00abla ciudad Botero\u00bb y situarla en el ranking internacional de destinos tur\u00edsticos culturales. A pesar de varios \u00e9xitos a nivel social, bajo este lucrativo l\u00edfting se invisibiliza una de sus peores consecuencias: la explotaci\u00f3n sexual infantil dentro de la creciente industria del turismo sexual.<\/p>\n<p>El proyecto invita a hacer una revisi\u00f3n cr\u00edtica de la mirada patriarcal y sexista dominante a la historia del arte.<\/p>\n<\/div>\n<\/div><\/div><\/div><div id=\"pgc-4534-0-1\"  class=\"panel-grid-cell\" ><div id=\"panel-4534-0-1-0\" class=\"so-panel widget widget_sow-editor panel-first-child\" data-index=\"2\" ><div\n\t\t\t\n\t\t\tclass=\"so-widget-sow-editor so-widget-sow-editor-base\"\n\t\t\t\n\t\t>\n<div class=\"siteorigin-widget-tinymce textwidget\">\n\t<h5><a href=\"https:\/\/polititzacionsdelmalestar.org\/2018\/01\/23\/nuria-guell\/?lang=es\">N\u00faria G\u00fcell<\/a><\/h5>\n<h4>\u00a0<\/h4>\n<h4>Palabras clave<\/h4>\n<p><a href=\"https:\/\/polititzacionsdelmalestar.org\/temes\/activismo\/?lang=es\">Activismo<\/a>, <a href=\"https:\/\/polititzacionsdelmalestar.org\/temes\/cos\/?lang=es\">Cuerpo<\/a>, <a href=\"https:\/\/polititzacionsdelmalestar.org\/temes\/genere\/?lang=es\">G\u00e9nero<\/a>, <a href=\"https:\/\/polititzacionsdelmalestar.org\/temes\/malestar\/?lang=es\">Malestar<\/a>, <a href=\"https:\/\/polititzacionsdelmalestar.org\/temes\/politica\/?lang=es\">Pol\u00edtica<\/a> y <a href=\"https:\/\/polititzacionsdelmalestar.org\/temes\/violencia\/?lang=es\">Violencia<\/a><\/p>\n<h4>\u00a0<\/h4>\n<h4>Textos sobre el proyecto<\/h4>\n<p>- <a href=\"http:\/\/www.roots-routes.org\/sin-miedo-participar-seis-preguntas-nuria-guell-sobre-la-obra-la-feria-de-las-flores-por-cecilia-guida\/\" target=\"_blank\" rel=\"noopener\">Seis preguntas a N\u00faria G\u00fcell sobre la obra La Feria de las Flores<\/a><br \/> <br \/>- <a href=\"https:\/\/www.elespectador.com\/noticias\/cultura\/encuentros-del-tercer-tipo-articulo-623231\" target=\"_blank\" rel=\"noopener\">Encuentros del tercer tipo<\/a><br \/> <br \/>- <a href=\"https:\/\/universes.art\/en\/magazine\/articles\/2016\/nuria-guell\/\" target=\"_blank\" rel=\"noopener\">N\u00faria G\u00fcell: La Feria de las Flores<\/a><br \/> <br \/>- <a href=\"http:\/\/mde.org.co\/mde15\/es\/2016\/01\/medellin-eterna-primavera-son-tus-mujeres-rosas-que-adornan-el-jardin\/\" target=\"_blank\" rel=\"noopener\">Feria de las Flores. N\u00faria G\u00fcell<\/a><br \/> <br \/>- <a href=\"http:\/\/mde.org.co\/mde15\/es\/2015\/12\/los-que-vemos-y-callamos-somos-responsables\/\" target=\"_blank\" rel=\"noopener\">Los que vemos y callamos somos responsables<\/a><br \/> <br \/>- <a href=\"http:\/\/www.vivirenelpoblado.com\/periodico\/14647-propuestas-de-20-paises-en-el-mde-15\" target=\"_blank\" rel=\"noopener\">Propuestas de 20 pa\u00edses en el MDE 15<\/a><br \/> <br \/>- <a href=\"http:\/\/www.elcolombiano.com\/cultura\/arte-para-contar-la-realidad-para-hacer-catarsis-KC3271851\" target=\"_blank\" rel=\"noopener\">Arte para contar la realidad, para hacer catarsis<\/a><br \/> <br \/>- <em><a href=\"https:\/\/tecnobovarismo.com\/2015\/11\/30\/metonimia-e-testemunho-primeiroassedio-meuamigosecreto-artecontemporanea\/\" target=\"_blank\" rel=\"noopener\">Meton\u00edmia e Testemunho #Primeiroass\u00e9dio #Meuamigosecreto #Artecontempor\u00e2nea <\/a><\/em><\/p>\n<h4>\u00a0<\/h4>\n<h4>Documentos <em>media<\/em><\/h4>\n<p>La feria de las flores<\/p>\n<a id=\"69f0c78a6ed10\" rel=\"wp-video-lightbox\" href=\"https:\/\/www.youtube.com\/watch?v=Ly5ys4-c7tA&#038;width=800&#038;height=600\" title=\"\"><img decoding=\"async\" src=\"https:\/\/polititzacionsdelmalestar.org\/wp-content\/uploads\/2018\/01\/feria-flores.jpg\" class=\"video_lightbox_anchor_image\" alt=\"La feria de las flores\" \/><\/a>    <script>\r\n    \/* <![CDATA[ *\/\r\n    jQuery(document).ready(function($){\r\n        $(function(){\r\n            var width = $(window).innerWidth();\r\n            var setwidth = parseFloat(800);\r\n            var ratio = parseFloat(0.75);\r\n            var height = parseFloat(600);\r\n            var link = 'https:\/\/www.youtube.com\/watch?v=Ly5ys4-c7tA&amp;width=800&amp;height=600';\r\n            if(width < setwidth)\r\n            {\r\n                height = Math.floor(width * 0.75);\r\n                \/\/console.log(\"device width \"+width+\", set width \"+800+\", ratio \"+0.75+\", new height \"+ height);\r\n                var new_url = wpvl_paramReplace('width', link, width);\r\n                var new_url = wpvl_paramReplace('height', new_url, height);\r\n                $(\"a#69f0c78a6ed10\").attr('href', new_url);\r\n                \/\/console.log(new_url);\r\n            }\r\n        });\r\n    });\r\n    \/* ]]> *\/\r\n    <\/script>\n<h4>\u00a0<\/h4>\n<h4><div class=\"titol-galeria\">Fotos del proyecto<\/div><\/h4>\n\n<\/div>\n<\/div><\/div><div id=\"panel-4534-0-1-1\" class=\"so-panel widget widget_virtue_gallery_widget virtue_gallery_widget panel-last-child\" data-index=\"3\" ><div id=\"kad-wp-gallery17\" class=\"kad-wp-gallery gallery kt-gallery-column-1 init-isotope-intrinsic reinit-isotope kad-light-wp-gallery clearfix rowtight\" data-fade-in=\"1\" data-iso-selector=\".g_item\" data-iso-style=\"masonry\" data-iso-filter=\"false\"><div class=\"tcol-lg-12 tcol-md-12 tcol-sm-12 tcol-xs-12 tcol-ss-12 g_item\"><div class=\"grid_item kt_item_fade_in kad_gallery_fade_in gallery_item\"><a href=\"https:\/\/polititzacionsdelmalestar.org\/wp-content\/uploads\/2018\/01\/02-LFLF_Cortesi\u0301a-de-la-artista-y-ADN-Galeria.jpg\" data-rel=\"lightbox\" class=\"lightboxhover\"><div class=\"kt-intrinsic\" style=\"padding-bottom:100%;\"><div itemprop=\"image\" itemscope itemtype=\"https:\/\/schema.org\/ImageObject\"><img loading=\"lazy\" decoding=\"async\" width=\"560\" height=\"560\" src=\"https:\/\/polititzacionsdelmalestar.org\/wp-content\/uploads\/2018\/01\/02-LFLF_Cortesi\u0301a-de-la-artista-y-ADN-Galeria-560x560.jpg\" srcset=\"https:\/\/polititzacionsdelmalestar.org\/wp-content\/uploads\/2018\/01\/02-LFLF_Cortesi\u0301a-de-la-artista-y-ADN-Galeria-560x560.jpg 560w, https:\/\/polititzacionsdelmalestar.org\/wp-content\/uploads\/2018\/01\/02-LFLF_Cortesi\u0301a-de-la-artista-y-ADN-Galeria-150x150.jpg 150w\" sizes=\"auto, (max-width: 560px) 100vw, 560px\" data-caption=\"La Feria de las Flores, 2015-2016. Cortes\u00eda de la artista y de ADN\" class=\"light-dropshaddow\" itemprop=\"contentUrl\" alt=\"La Feria de las Flores, 2015-2016. Cortesia de la artista i d&#039;ADN\"><meta itemprop=\"url\" content=\"https:\/\/polititzacionsdelmalestar.org\/wp-content\/uploads\/2018\/01\/02-LFLF_Cortesi\u0301a-de-la-artista-y-ADN-Galeria-560x560.jpg\"><meta itemprop=\"width\" content=\"560px\"><meta itemprop=\"height\" content=\"560px\"><\/div><\/div><div class=\"caption kad_caption\"><div class=\"kad_caption_inner\">La Feria de las Flores, 2015-2016. Cortes\u00eda de la artista y de ADN<\/div><\/div><\/a><\/div><\/div><div class=\"tcol-lg-12 tcol-md-12 tcol-sm-12 tcol-xs-12 tcol-ss-12 g_item\"><div class=\"grid_item kt_item_fade_in kad_gallery_fade_in gallery_item\"><a href=\"https:\/\/polititzacionsdelmalestar.org\/wp-content\/uploads\/2018\/01\/03-LFLF_Cortesi\u0301a-de-la-artista-y-ADN-Galeria_3.jpg\" data-rel=\"lightbox\" class=\"lightboxhover\"><div class=\"kt-intrinsic\" style=\"padding-bottom:100%;\"><div itemprop=\"image\" itemscope itemtype=\"https:\/\/schema.org\/ImageObject\"><img loading=\"lazy\" decoding=\"async\" width=\"560\" height=\"560\" src=\"https:\/\/polititzacionsdelmalestar.org\/wp-content\/uploads\/2018\/01\/03-LFLF_Cortesi\u0301a-de-la-artista-y-ADN-Galeria_3-560x560.jpg\" srcset=\"https:\/\/polititzacionsdelmalestar.org\/wp-content\/uploads\/2018\/01\/03-LFLF_Cortesi\u0301a-de-la-artista-y-ADN-Galeria_3-560x560.jpg 560w, https:\/\/polititzacionsdelmalestar.org\/wp-content\/uploads\/2018\/01\/03-LFLF_Cortesi\u0301a-de-la-artista-y-ADN-Galeria_3-150x150.jpg 150w\" sizes=\"auto, (max-width: 560px) 100vw, 560px\" data-caption=\"La Feria de las Flores, 2015-2016. Cortes\u00eda de la artista y de ADN\" class=\"light-dropshaddow\" itemprop=\"contentUrl\" alt=\"La Feria de las Flores, 2015-2016. Cortesia de la artista i d&#039;ADN\"><meta itemprop=\"url\" content=\"https:\/\/polititzacionsdelmalestar.org\/wp-content\/uploads\/2018\/01\/03-LFLF_Cortesi\u0301a-de-la-artista-y-ADN-Galeria_3-560x560.jpg\"><meta itemprop=\"width\" content=\"560px\"><meta itemprop=\"height\" content=\"560px\"><\/div><\/div><div class=\"caption kad_caption\"><div class=\"kad_caption_inner\">La Feria de las Flores, 2015-2016. Cortes\u00eda de la artista y de ADN<\/div><\/div><\/a><\/div><\/div><\/div><\/div><\/div><\/div><\/div>","protected":false},"excerpt":{"rendered":"<h3><a href=\"http:\/\/polititzacionsdelmalestar.org\/2018\/01\/25\/feria-flores\/?lang=es\">La Feria de las Flores<\/a><\/h3>\n<p>2015-2016<br \/>\n<a href=\"http:\/\/polititzacionsdelmalestar.org\/2018\/01\/23\/nuria-guell\/?lang=es\"><strong>N\u00faria G\u00fcell<\/strong><\/a><br \/>\n<br \/>\n<a href=\"http:\/\/polititzacionsdelmalestar.org\/temes\/activismo\/?lang=es\">Activismo<\/a>, <a href=\"http:\/\/polititzacionsdelmalestar.org\/temes\/cos\/?lang=es\">Cuerpo<\/a>, <a href=\"http:\/\/polititzacionsdelmalestar.org\/temes\/genere\/?lang=es\">G\u00e9nero<\/a>, <a href=\"http:\/\/polititzacionsdelmalestar.org\/temes\/malestar\/?lang=es\">Malestar<\/a>, <a href=\"http:\/\/polititzacionsdelmalestar.org\/temes\/politica\/?lang=es\">Pol\u00edtica<\/a> y <a href=\"http:\/\/polititzacionsdelmalestar.org\/temes\/violencia\/?lang=es\">Violencia<\/a><\/p>\n","protected":false},"author":6,"featured_media":4535,"comment_status":"closed","ping_status":"closed","sticky":false,"template":"","format":"standard","meta":{"footnotes":""},"categories":[144,137,149,150,118,155,123,160],"tags":[],"class_list":["post-4534","post","type-post","status-publish","format-standard","has-post-thumbnail","hentry","category-activisme-es","category-cos-es","category-genere-es","category-malestar-es","category-nuria-guell-es","category-politica-es","category-proyectos","category-violencia-es"],"_links":{"self":[{"href":"https:\/\/polititzacionsdelmalestar.org\/es\/wp-json\/wp\/v2\/posts\/4534","targetHints":{"allow":["GET"]}}],"collection":[{"href":"https:\/\/polititzacionsdelmalestar.org\/es\/wp-json\/wp\/v2\/posts"}],"about":[{"href":"https:\/\/polititzacionsdelmalestar.org\/es\/wp-json\/wp\/v2\/types\/post"}],"author":[{"embeddable":true,"href":"https:\/\/polititzacionsdelmalestar.org\/es\/wp-json\/wp\/v2\/users\/6"}],"replies":[{"embeddable":true,"href":"https:\/\/polititzacionsdelmalestar.org\/es\/wp-json\/wp\/v2\/comments?post=4534"}],"version-history":[{"count":11,"href":"https:\/\/polititzacionsdelmalestar.org\/es\/wp-json\/wp\/v2\/posts\/4534\/revisions"}],"predecessor-version":[{"id":8965,"href":"https:\/\/polititzacionsdelmalestar.org\/es\/wp-json\/wp\/v2\/posts\/4534\/revisions\/8965"}],"wp:featuredmedia":[{"embeddable":true,"href":"https:\/\/polititzacionsdelmalestar.org\/es\/wp-json\/wp\/v2\/media\/4535"}],"wp:attachment":[{"href":"https:\/\/polititzacionsdelmalestar.org\/es\/wp-json\/wp\/v2\/media?parent=4534"}],"wp:term":[{"taxonomy":"category","embeddable":true,"href":"https:\/\/polititzacionsdelmalestar.org\/es\/wp-json\/wp\/v2\/categories?post=4534"},{"taxonomy":"post_tag","embeddable":true,"href":"https:\/\/polititzacionsdelmalestar.org\/es\/wp-json\/wp\/v2\/tags?post=4534"}],"curies":[{"name":"wp","href":"https:\/\/api.w.org\/{rel}","templated":true}]}}