


{"id":4469,"date":"2018-01-25T17:44:43","date_gmt":"2018-01-25T17:44:43","guid":{"rendered":"https:\/\/polititzacionsdelmalestar.org\/2018\/01\/25\/la-familia\/"},"modified":"2018-02-23T17:30:27","modified_gmt":"2018-02-23T17:30:27","slug":"la-familia","status":"publish","type":"post","link":"https:\/\/polititzacionsdelmalestar.org\/es\/la-familia\/","title":{"rendered":"La familia"},"content":{"rendered":"<div id=\"pl-4469\"  class=\"panel-layout\" ><div id=\"pg-4469-0\"  class=\"panel-grid panel-no-style\" ><div id=\"pgc-4469-0-0\"  class=\"panel-grid-cell\" ><div id=\"panel-4469-0-0-0\" class=\"so-panel widget widget_virtue_gallery_widget virtue_gallery_widget panel-first-child\" data-index=\"0\" ><h3 class=\"widget-title\">La familia<\/h3><div id=\"kad-wp-gallery741\" class=\"kad-wp-gallery gallery kt-gallery-column-1 init-isotope-intrinsic reinit-isotope kad-light-wp-gallery clearfix rowtight\" data-fade-in=\"1\" data-iso-selector=\".g_item\" data-iso-style=\"masonry\" data-iso-filter=\"false\"><div class=\"tcol-lg-12 tcol-md-12 tcol-sm-12 tcol-xs-12 tcol-ss-12 g_item\"><div class=\"grid_item kt_item_fade_in kad_gallery_fade_in gallery_item\"><a href=\"https:\/\/polititzacionsdelmalestar.org\/wp-content\/uploads\/2018\/01\/01-IMG_20170508_131632.jpg\" data-rel=\"lightbox\" class=\"lightboxhover\"><div class=\"kt-intrinsic\" style=\"padding-bottom:100%;\"><div itemprop=\"image\" itemscope itemtype=\"https:\/\/schema.org\/ImageObject\"><img loading=\"lazy\" decoding=\"async\" width=\"560\" height=\"560\" src=\"https:\/\/polititzacionsdelmalestar.org\/wp-content\/uploads\/2018\/01\/01-IMG_20170508_131632-560x560.jpg\" srcset=\"https:\/\/polititzacionsdelmalestar.org\/wp-content\/uploads\/2018\/01\/01-IMG_20170508_131632-560x560.jpg 560w, https:\/\/polititzacionsdelmalestar.org\/wp-content\/uploads\/2018\/01\/01-IMG_20170508_131632-150x150.jpg 150w\" sizes=\"auto, (max-width: 560px) 100vw, 560px\" data-caption=\"Proceso de construcci\u00f3n de La Fam\u00edlia\" class=\"light-dropshaddow\" itemprop=\"contentUrl\" alt=\"\"><meta itemprop=\"url\" content=\"https:\/\/polititzacionsdelmalestar.org\/wp-content\/uploads\/2018\/01\/01-IMG_20170508_131632-560x560.jpg\"><meta itemprop=\"width\" content=\"560px\"><meta itemprop=\"height\" content=\"560px\"><\/div><\/div><div class=\"caption kad_caption\"><div class=\"kad_caption_inner\">Proceso de construcci\u00f3n de La Fam\u00edlia<\/div><\/div><\/a><\/div><\/div><\/div><\/div><div id=\"panel-4469-0-0-1\" class=\"so-panel widget widget_sow-editor panel-last-child\" data-index=\"1\" ><div\n\t\t\t\n\t\t\tclass=\"so-widget-sow-editor so-widget-sow-editor-base\"\n\t\t\t\n\t\t>\n<div class=\"siteorigin-widget-tinymce textwidget\">\n\t<p>2017<br \/>Instalaci\u00f3n en piedra de Alcover<br \/>Colaboradores: S\u00edlvia It\u00farria March, Ton Tarrag\u00f3 Cavall\u00e9, Joan Sousa It\u00farria y Quim Sousa It\u00farria<\/p>\n<p>El malestar en la familia. Cuando era ni\u00f1o, viv\u00ed los a\u00f1os m\u00edticos en un entorno rural. Era una vida humilde, casi no ten\u00eda nada, y fui feliz.<\/p>\n<p>Recuerdo que en aquel tiempo hice una cueva a las vertientes de \u00abla cantera\u00bb; los farallones rocallosos de la Corona en Ejea de los Caballeros (Zaragoza). Era un templo peque\u00f1o, diminuto, una piel de roca que me proteg\u00eda, un vestido elaborado y motivado por impulsos at\u00e1vicos. Fue un acto simb\u00f3lico que entonces no entend\u00ed, me apliqu\u00e9 y, sin saber nada, constru\u00ed una piel protectora que me acompa\u00f1\u00f3 por siempre jam\u00e1s.<\/p>\n<p>La experiencia se me grab\u00f3 a la memoria de forma que todav\u00eda lo recuerdo con afecto. Un juego de ni\u00f1o que va colrar la piel y formaliz\u00f3 la capa protectora del ser. Con los a\u00f1os y el mismo concepto de entonces he hecho la serie \u201cArquitectura a secas\u201d. Es un trabajo complejo que comprende todas las transiciones humanas, los pasos esenciales que advertimos a la vida: la gestaci\u00f3n, el nacimiento, la uni\u00f3n en pareja\u2026 La familia y La cuidadora son las \u00faltimas obras, y seguramente aqu\u00ed quedar\u00e1 este todo con este medio.<\/p>\n<p>Recordar aquellos acontecimientos me confirma el malestar que vivimos hoy, una \u00e9poca cargada de desaz\u00f3n y rodeada de artefactos. La diferencia fundamental se experimenta al si de la familia; s\u00f3lo hay que mirar las estad\u00edsticas sobre divorcios, separaciones, agresiones de g\u00e9nero, abortos, ni\u00f1os sin padre, madres solteras, separadas, abuelos empobrecidos, abandonados a sus propias casas y algunos aparcados en geri\u00e1tricos hasta la muerte.<\/p>\n<p>La instituci\u00f3n familiar pasa hoy por instantes dif\u00edciles, quiz\u00e1s es la crisis m\u00e1s grande de la realidad humana y es la prueba indiscutible de la sociedad del malestar. Los procesos de cambio a la sociedad moderna comportan falladas en las libertades individuales, en las relaciones de pareja, entre padres e hijos y, fundamentalmente, en la organizaci\u00f3n esencial y afectiva de los individuos.<\/p>\n<p>Moralmente, la instituci\u00f3n familiar est\u00e1 rota, y en su lugar se han abierto todas las relaciones posibles entre los individuos. Ahora constatamos que hemos conquistado la apariencia de libertad y perdido el amparo del pr\u00f3ximo. Se ha perdido la seguridad del afecto y la mengua de confianza nos causa dolor. La incesante conquista del yo subjetivo ha violado el refugio natural, el lecho sensible del hogar, y con esto se han agredido los derechos de los m\u00e1s d\u00e9biles: los ni\u00f1os y los abuelos.<\/p>\n<p>Proyecto producido por Arts Santa M\u00f2nica en el marco de Politizaciones del malestar.<\/p>\n<p>\u00a0<\/p>\n<h4>Recorrido del proyecto. \u00bfD\u00f3nde se encuentra la obra?<\/h4>\n<p><a href=\"http:\/\/artssantamonica.blog.gencat.cat\/2017\/06\/02\/execucio-i-presentacio-del-projecte-la-familia-de-rufino-mesa\/\" target=\"_blank\" rel=\"noopener\">La fam\u00edlia<\/a><\/p>\n<\/div>\n<\/div><\/div><\/div><div id=\"pgc-4469-0-1\"  class=\"panel-grid-cell\" ><div id=\"panel-4469-0-1-0\" class=\"so-panel widget widget_sow-editor panel-first-child\" data-index=\"2\" ><div\n\t\t\t\n\t\t\tclass=\"so-widget-sow-editor so-widget-sow-editor-base\"\n\t\t\t\n\t\t>\n<div class=\"siteorigin-widget-tinymce textwidget\">\n\t<h5><a href=\"https:\/\/polititzacionsdelmalestar.org\/2018\/01\/24\/rufino-mesa\/?lang=es\">Rufino Mesa<\/a><\/h5>\n<h4>Palabras clave<\/h4>\n<p><a href=\"https:\/\/polititzacionsdelmalestar.org\/temes\/cura\/?lang=es\">Cuidado<\/a>, <a href=\"https:\/\/polititzacionsdelmalestar.org\/temes\/espai-public\/?lang=es\">Espacio p\u00fablico<\/a>, <a href=\"https:\/\/polititzacionsdelmalestar.org\/temes\/memoria\/?lang=es\">Memoria <\/a>y <a href=\"https:\/\/polititzacionsdelmalestar.org\/temes\/privacitat\/?lang=es\">Privacidad<\/a><\/p>\n<h4>\u00a0<\/h4>\n<h4>Textos sobre el proyecto<\/h4>\n<p><a href=\"https:\/\/polititzacionsdelmalestar.org\/wp-content\/uploads\/2018\/01\/05.-1-Daniel-Rufino-copia.pdf\">Sobre l'origen de l'acte creatiu de Rufino Mesa.<\/a> PDF (122 KB)<\/p>\n<h4>\u00a0<\/h4>\n<h4>Documentos <em>media<\/em><\/h4>\n<p><em>La pell de pedra<\/em><\/p>\n<a id=\"69f0c78bc3dcb\" rel=\"wp-video-lightbox\" href=\"https:\/\/www.youtube.com\/watch?v=OAnBnx1IDS0&#038;width=800&#038;height=600\" title=\"\"><img decoding=\"async\" src=\"https:\/\/polititzacionsdelmalestar.org\/wp-content\/uploads\/2018\/01\/pell-de-pedra.jpg\" class=\"video_lightbox_anchor_image\" alt=\"La pell de pedra\" \/><\/a>    <script>\r\n    \/* <![CDATA[ *\/\r\n    jQuery(document).ready(function($){\r\n        $(function(){\r\n            var width = $(window).innerWidth();\r\n            var setwidth = parseFloat(800);\r\n            var ratio = parseFloat(0.75);\r\n            var height = parseFloat(600);\r\n            var link = 'https:\/\/www.youtube.com\/watch?v=OAnBnx1IDS0&amp;width=800&amp;height=600';\r\n            if(width < setwidth)\r\n            {\r\n                height = Math.floor(width * 0.75);\r\n                \/\/console.log(\"device width \"+width+\", set width \"+800+\", ratio \"+0.75+\", new height \"+ height);\r\n                var new_url = wpvl_paramReplace('width', link, width);\r\n                var new_url = wpvl_paramReplace('height', new_url, height);\r\n                $(\"a#69f0c78bc3dcb\").attr('href', new_url);\r\n                \/\/console.log(new_url);\r\n            }\r\n        });\r\n    });\r\n    \/* ]]> *\/\r\n    <\/script>\n<h4>\u00a0<\/h4>\n<h4><div class=\"titol-galeria\">Fotos del proyecto<\/div><\/h4><\/div>\n<\/div><\/div><div id=\"panel-4469-0-1-1\" class=\"so-panel widget widget_virtue_gallery_widget virtue_gallery_widget panel-last-child\" data-index=\"3\" ><div id=\"kad-wp-gallery946\" class=\"kad-wp-gallery gallery kt-gallery-column-1 init-isotope-intrinsic reinit-isotope kad-light-wp-gallery clearfix rowtight\" data-fade-in=\"1\" data-iso-selector=\".g_item\" data-iso-style=\"masonry\" data-iso-filter=\"false\"><div class=\"tcol-lg-12 tcol-md-12 tcol-sm-12 tcol-xs-12 tcol-ss-12 g_item\"><div class=\"grid_item kt_item_fade_in kad_gallery_fade_in gallery_item\"><a href=\"https:\/\/polititzacionsdelmalestar.org\/wp-content\/uploads\/2018\/01\/03-IMG_20170508_133356.jpg\" data-rel=\"lightbox\" class=\"lightboxhover\"><div class=\"kt-intrinsic\" style=\"padding-bottom:100%;\"><div itemprop=\"image\" itemscope itemtype=\"https:\/\/schema.org\/ImageObject\"><img loading=\"lazy\" decoding=\"async\" width=\"560\" height=\"560\" src=\"https:\/\/polititzacionsdelmalestar.org\/wp-content\/uploads\/2018\/01\/03-IMG_20170508_133356-560x560.jpg\" srcset=\"https:\/\/polititzacionsdelmalestar.org\/wp-content\/uploads\/2018\/01\/03-IMG_20170508_133356-560x560.jpg 560w, https:\/\/polititzacionsdelmalestar.org\/wp-content\/uploads\/2018\/01\/03-IMG_20170508_133356-150x150.jpg 150w\" sizes=\"auto, (max-width: 560px) 100vw, 560px\" data-caption=\"Proceso de construccion de La Fam\u00edlia\" class=\"light-dropshaddow\" itemprop=\"contentUrl\" alt=\"\"><meta itemprop=\"url\" content=\"https:\/\/polititzacionsdelmalestar.org\/wp-content\/uploads\/2018\/01\/03-IMG_20170508_133356-560x560.jpg\"><meta itemprop=\"width\" content=\"560px\"><meta itemprop=\"height\" content=\"560px\"><\/div><\/div><div class=\"caption kad_caption\"><div class=\"kad_caption_inner\">Proceso de construccion de La Fam\u00edlia<\/div><\/div><\/a><\/div><\/div><div class=\"tcol-lg-12 tcol-md-12 tcol-sm-12 tcol-xs-12 tcol-ss-12 g_item\"><div class=\"grid_item kt_item_fade_in kad_gallery_fade_in gallery_item\"><a href=\"https:\/\/polititzacionsdelmalestar.org\/wp-content\/uploads\/2018\/01\/02-IMG_20170508_132034.jpg\" data-rel=\"lightbox\" class=\"lightboxhover\"><div class=\"kt-intrinsic\" style=\"padding-bottom:100%;\"><div itemprop=\"image\" itemscope itemtype=\"https:\/\/schema.org\/ImageObject\"><img loading=\"lazy\" decoding=\"async\" width=\"560\" height=\"560\" src=\"https:\/\/polititzacionsdelmalestar.org\/wp-content\/uploads\/2018\/01\/02-IMG_20170508_132034-560x560.jpg\" srcset=\"https:\/\/polititzacionsdelmalestar.org\/wp-content\/uploads\/2018\/01\/02-IMG_20170508_132034-560x560.jpg 560w, https:\/\/polititzacionsdelmalestar.org\/wp-content\/uploads\/2018\/01\/02-IMG_20170508_132034-150x150.jpg 150w\" sizes=\"auto, (max-width: 560px) 100vw, 560px\" data-caption=\"Proceso de construccion de La Fam\u00edlia\" class=\"light-dropshaddow\" itemprop=\"contentUrl\" alt=\"\"><meta itemprop=\"url\" content=\"https:\/\/polititzacionsdelmalestar.org\/wp-content\/uploads\/2018\/01\/02-IMG_20170508_132034-560x560.jpg\"><meta itemprop=\"width\" content=\"560px\"><meta itemprop=\"height\" content=\"560px\"><\/div><\/div><div class=\"caption kad_caption\"><div class=\"kad_caption_inner\">Proceso de construccion de La Fam\u00edlia<\/div><\/div><\/a><\/div><\/div><div class=\"tcol-lg-12 tcol-md-12 tcol-sm-12 tcol-xs-12 tcol-ss-12 g_item\"><div class=\"grid_item kt_item_fade_in kad_gallery_fade_in gallery_item\"><a href=\"https:\/\/polititzacionsdelmalestar.org\/wp-content\/uploads\/2018\/01\/04-IMG_20170508_141751.jpg\" data-rel=\"lightbox\" class=\"lightboxhover\"><div class=\"kt-intrinsic\" style=\"padding-bottom:100%;\"><div itemprop=\"image\" itemscope itemtype=\"https:\/\/schema.org\/ImageObject\"><img loading=\"lazy\" decoding=\"async\" width=\"560\" height=\"560\" src=\"https:\/\/polititzacionsdelmalestar.org\/wp-content\/uploads\/2018\/01\/04-IMG_20170508_141751-560x560.jpg\" srcset=\"https:\/\/polititzacionsdelmalestar.org\/wp-content\/uploads\/2018\/01\/04-IMG_20170508_141751-560x560.jpg 560w, https:\/\/polititzacionsdelmalestar.org\/wp-content\/uploads\/2018\/01\/04-IMG_20170508_141751-150x150.jpg 150w\" sizes=\"auto, (max-width: 560px) 100vw, 560px\" data-caption=\"Proceso de construccion de La Fam\u00edlia\" class=\"light-dropshaddow\" itemprop=\"contentUrl\" alt=\"\"><meta itemprop=\"url\" content=\"https:\/\/polititzacionsdelmalestar.org\/wp-content\/uploads\/2018\/01\/04-IMG_20170508_141751-560x560.jpg\"><meta itemprop=\"width\" content=\"560px\"><meta itemprop=\"height\" content=\"560px\"><\/div><\/div><div class=\"caption kad_caption\"><div class=\"kad_caption_inner\">Proceso de construccion de La Fam\u00edlia<\/div><\/div><\/a><\/div><\/div><div class=\"tcol-lg-12 tcol-md-12 tcol-sm-12 tcol-xs-12 tcol-ss-12 g_item\"><div class=\"grid_item kt_item_fade_in kad_gallery_fade_in gallery_item\"><a href=\"https:\/\/polititzacionsdelmalestar.org\/wp-content\/uploads\/2018\/01\/07-IMG_20170508_152317.jpg\" data-rel=\"lightbox\" class=\"lightboxhover\"><div class=\"kt-intrinsic\" style=\"padding-bottom:100%;\"><div itemprop=\"image\" itemscope itemtype=\"https:\/\/schema.org\/ImageObject\"><img loading=\"lazy\" decoding=\"async\" width=\"560\" height=\"560\" src=\"https:\/\/polititzacionsdelmalestar.org\/wp-content\/uploads\/2018\/01\/07-IMG_20170508_152317-560x560.jpg\" srcset=\"https:\/\/polititzacionsdelmalestar.org\/wp-content\/uploads\/2018\/01\/07-IMG_20170508_152317-560x560.jpg 560w, https:\/\/polititzacionsdelmalestar.org\/wp-content\/uploads\/2018\/01\/07-IMG_20170508_152317-150x150.jpg 150w\" sizes=\"auto, (max-width: 560px) 100vw, 560px\" data-caption=\"Proceso de construccion de La Fam\u00edlia\" class=\"light-dropshaddow\" itemprop=\"contentUrl\" alt=\"\"><meta itemprop=\"url\" content=\"https:\/\/polititzacionsdelmalestar.org\/wp-content\/uploads\/2018\/01\/07-IMG_20170508_152317-560x560.jpg\"><meta itemprop=\"width\" content=\"560px\"><meta itemprop=\"height\" content=\"560px\"><\/div><\/div><div class=\"caption kad_caption\"><div class=\"kad_caption_inner\">Proceso de construccion de La Fam\u00edlia<\/div><\/div><\/a><\/div><\/div><div class=\"tcol-lg-12 tcol-md-12 tcol-sm-12 tcol-xs-12 tcol-ss-12 g_item\"><div class=\"grid_item kt_item_fade_in kad_gallery_fade_in gallery_item\"><a href=\"https:\/\/polititzacionsdelmalestar.org\/wp-content\/uploads\/2018\/01\/06IMG_20170508_143548.jpg\" data-rel=\"lightbox\" class=\"lightboxhover\"><div class=\"kt-intrinsic\" style=\"padding-bottom:100%;\"><div itemprop=\"image\" itemscope itemtype=\"https:\/\/schema.org\/ImageObject\"><img loading=\"lazy\" decoding=\"async\" width=\"560\" height=\"560\" src=\"https:\/\/polititzacionsdelmalestar.org\/wp-content\/uploads\/2018\/01\/06IMG_20170508_143548-560x560.jpg\" srcset=\"https:\/\/polititzacionsdelmalestar.org\/wp-content\/uploads\/2018\/01\/06IMG_20170508_143548-560x560.jpg 560w, https:\/\/polititzacionsdelmalestar.org\/wp-content\/uploads\/2018\/01\/06IMG_20170508_143548-150x150.jpg 150w\" sizes=\"auto, (max-width: 560px) 100vw, 560px\" data-caption=\"Proceso de construccion de La Fam\u00edlia\" class=\"light-dropshaddow\" itemprop=\"contentUrl\" alt=\"\"><meta itemprop=\"url\" content=\"https:\/\/polititzacionsdelmalestar.org\/wp-content\/uploads\/2018\/01\/06IMG_20170508_143548-560x560.jpg\"><meta itemprop=\"width\" content=\"560px\"><meta itemprop=\"height\" content=\"560px\"><\/div><\/div><div class=\"caption kad_caption\"><div class=\"kad_caption_inner\">Proceso de construccion de La Fam\u00edlia<\/div><\/div><\/a><\/div><\/div><div class=\"tcol-lg-12 tcol-md-12 tcol-sm-12 tcol-xs-12 tcol-ss-12 g_item\"><div class=\"grid_item kt_item_fade_in kad_gallery_fade_in gallery_item\"><a href=\"https:\/\/polititzacionsdelmalestar.org\/wp-content\/uploads\/2018\/01\/08-Rufino-Mesa-2.jpg\" data-rel=\"lightbox\" class=\"lightboxhover\"><div class=\"kt-intrinsic\" style=\"padding-bottom:100%;\"><div itemprop=\"image\" itemscope itemtype=\"https:\/\/schema.org\/ImageObject\"><img loading=\"lazy\" decoding=\"async\" width=\"560\" height=\"560\" src=\"https:\/\/polititzacionsdelmalestar.org\/wp-content\/uploads\/2018\/01\/08-Rufino-Mesa-2-560x560.jpg\" srcset=\"https:\/\/polititzacionsdelmalestar.org\/wp-content\/uploads\/2018\/01\/08-Rufino-Mesa-2-560x560.jpg 560w, https:\/\/polititzacionsdelmalestar.org\/wp-content\/uploads\/2018\/01\/08-Rufino-Mesa-2-150x150.jpg 150w\" sizes=\"auto, (max-width: 560px) 100vw, 560px\" data-caption=\"Proceso de construccion de La Fam\u00edlia\" class=\"light-dropshaddow\" itemprop=\"contentUrl\" alt=\"\"><meta itemprop=\"url\" content=\"https:\/\/polititzacionsdelmalestar.org\/wp-content\/uploads\/2018\/01\/08-Rufino-Mesa-2-560x560.jpg\"><meta itemprop=\"width\" content=\"560px\"><meta itemprop=\"height\" content=\"560px\"><\/div><\/div><div class=\"caption kad_caption\"><div class=\"kad_caption_inner\">Proceso de construccion de La Fam\u00edlia<\/div><\/div><\/a><\/div><\/div><\/div><\/div><\/div><\/div><\/div>","protected":false},"excerpt":{"rendered":"<h3><a href=\"http:\/\/polititzacionsdelmalestar.org\/2018\/01\/25\/la-familia\/?lang=es\">La fam\u00edlia<\/a><\/h3>\n<p>2017<br \/>\n<a href=\"http:\/\/polititzacionsdelmalestar.org\/2018\/01\/24\/rufino-mesa\/?lang=es\"><strong>Rufino Mesa<\/strong><\/a><br \/>\n<br \/>\n<a href=\"http:\/\/polititzacionsdelmalestar.org\/temes\/cura\/?lang=es\">Cuidado<\/a>, <a href=\"http:\/\/polititzacionsdelmalestar.org\/temes\/espai-public\/?lang=es\">Espacio p\u00fablico<\/a>, <a href=\"http:\/\/polititzacionsdelmalestar.org\/temes\/memoria\/?lang=es\">Memoria <\/a>y <a href=\"http:\/\/polititzacionsdelmalestar.org\/temes\/privacitat\/?lang=es\">Privacidad<\/a><\/p>\n","protected":false},"author":6,"featured_media":4470,"comment_status":"closed","ping_status":"closed","sticky":false,"template":"","format":"standard","meta":{"footnotes":""},"categories":[136,145,135,156,123,124],"tags":[],"class_list":["post-4469","post","type-post","status-publish","format-standard","has-post-thumbnail","hentry","category-cura-es","category-espai-public-es","category-memoria-es","category-privacitat-es","category-proyectos","category-rufino-mesa-es"],"_links":{"self":[{"href":"https:\/\/polititzacionsdelmalestar.org\/es\/wp-json\/wp\/v2\/posts\/4469","targetHints":{"allow":["GET"]}}],"collection":[{"href":"https:\/\/polititzacionsdelmalestar.org\/es\/wp-json\/wp\/v2\/posts"}],"about":[{"href":"https:\/\/polititzacionsdelmalestar.org\/es\/wp-json\/wp\/v2\/types\/post"}],"author":[{"embeddable":true,"href":"https:\/\/polititzacionsdelmalestar.org\/es\/wp-json\/wp\/v2\/users\/6"}],"replies":[{"embeddable":true,"href":"https:\/\/polititzacionsdelmalestar.org\/es\/wp-json\/wp\/v2\/comments?post=4469"}],"version-history":[{"count":11,"href":"https:\/\/polititzacionsdelmalestar.org\/es\/wp-json\/wp\/v2\/posts\/4469\/revisions"}],"predecessor-version":[{"id":8963,"href":"https:\/\/polititzacionsdelmalestar.org\/es\/wp-json\/wp\/v2\/posts\/4469\/revisions\/8963"}],"wp:featuredmedia":[{"embeddable":true,"href":"https:\/\/polititzacionsdelmalestar.org\/es\/wp-json\/wp\/v2\/media\/4470"}],"wp:attachment":[{"href":"https:\/\/polititzacionsdelmalestar.org\/es\/wp-json\/wp\/v2\/media?parent=4469"}],"wp:term":[{"taxonomy":"category","embeddable":true,"href":"https:\/\/polititzacionsdelmalestar.org\/es\/wp-json\/wp\/v2\/categories?post=4469"},{"taxonomy":"post_tag","embeddable":true,"href":"https:\/\/polititzacionsdelmalestar.org\/es\/wp-json\/wp\/v2\/tags?post=4469"}],"curies":[{"name":"wp","href":"https:\/\/api.w.org\/{rel}","templated":true}]}}