


{"id":4393,"date":"2017-12-26T13:33:56","date_gmt":"2017-12-26T13:33:56","guid":{"rendered":"https:\/\/polititzacionsdelmalestar.org\/2017\/12\/26\/esporgats-3\/"},"modified":"2020-03-20T15:21:31","modified_gmt":"2020-03-20T15:21:31","slug":"esporgats-3","status":"publish","type":"post","link":"https:\/\/polititzacionsdelmalestar.org\/es\/esporgats-3\/","title":{"rendered":"Esporgats #3"},"content":{"rendered":"<div id=\"pl-4393\"  class=\"panel-layout\" ><div id=\"pg-4393-0\"  class=\"panel-grid panel-no-style\" ><div id=\"pgc-4393-0-0\"  class=\"panel-grid-cell\" ><div id=\"panel-4393-0-0-0\" class=\"so-panel widget widget_virtue_gallery_widget virtue_gallery_widget panel-first-child\" data-index=\"0\" ><h3 class=\"widget-title\">Esporgats #3<\/h3><div id=\"kad-wp-gallery733\" class=\"kad-wp-gallery gallery kt-gallery-column-1 init-isotope-intrinsic reinit-isotope kad-light-wp-gallery clearfix rowtight\" data-fade-in=\"1\" data-iso-selector=\".g_item\" data-iso-style=\"masonry\" data-iso-filter=\"false\"><div class=\"tcol-lg-12 tcol-md-12 tcol-sm-12 tcol-xs-12 tcol-ss-12 g_item\"><div class=\"grid_item kt_item_fade_in kad_gallery_fade_in gallery_item\"><a href=\"https:\/\/polititzacionsdelmalestar.org\/wp-content\/uploads\/2017\/12\/01.png\" data-rel=\"lightbox\" class=\"lightboxhover\"><div class=\"kt-intrinsic\" style=\"padding-bottom:100%;\"><div itemprop=\"image\" itemscope itemtype=\"https:\/\/schema.org\/ImageObject\"><img loading=\"lazy\" decoding=\"async\" width=\"560\" height=\"560\" src=\"https:\/\/polititzacionsdelmalestar.org\/wp-content\/uploads\/2017\/12\/01-560x560.png\" srcset=\"https:\/\/polititzacionsdelmalestar.org\/wp-content\/uploads\/2017\/12\/01-560x560.png 560w, https:\/\/polititzacionsdelmalestar.org\/wp-content\/uploads\/2017\/12\/01-150x150.png 150w\" sizes=\"auto, (max-width: 560px) 100vw, 560px\" data-caption=\"Ant\u00f2nia del R\u00edo. Esporgats#3. Cicle Blanc sota negre. Treballs des de l\u2019imperceptible. A cargo de Assumpta Bassas y Joana Mas\u00f3. Arts Santa M\u00f2nica, 2014.\" class=\"light-dropshaddow\" itemprop=\"contentUrl\" alt=\"\"><meta itemprop=\"url\" content=\"https:\/\/polititzacionsdelmalestar.org\/wp-content\/uploads\/2017\/12\/01-560x560.png\"><meta itemprop=\"width\" content=\"560px\"><meta itemprop=\"height\" content=\"560px\"><\/div><\/div><div class=\"caption kad_caption\"><div class=\"kad_caption_inner\">Ant\u00f2nia del R\u00edo. Esporgats#3. Cicle Blanc sota negre. Treballs des de l\u2019imperceptible. A cargo de Assumpta Bassas y Joana Mas\u00f3. Arts Santa M\u00f2nica, 2014.<\/div><\/div><\/a><\/div><\/div><\/div><\/div><div id=\"panel-4393-0-0-1\" class=\"so-panel widget widget_sow-editor panel-last-child\" data-index=\"1\" ><div\n\t\t\t\n\t\t\tclass=\"so-widget-sow-editor so-widget-sow-editor-base\"\n\t\t\t\n\t\t>\n<div class=\"siteorigin-widget-tinymce textwidget\">\n\t<p>01-07-2014 - 14-09-2014<br \/><em>Centre Arts Santa M\u00f2nica<\/em>.<br \/>Proyecto realizado en el marco del ciclo\u00a0Blanco bajo negro. Trabajos desde lo imperceptible, curadur\u00eda de\u00a0Assumpta Bassas\u00a0y\u00a0Joana Mas\u00f3.<\/p>\n<p>Despu\u00e9s de ediciones previas realizadas a partir de fondos bibliotecarios, la tercera realizaci\u00f3n del proyecto Expurgo (2014) apila una serie de materiales sustra\u00eddos a la circulaci\u00f3n y privados de venta consistentes en monta\u00f1as de cat\u00e1logos de artistas, exposiciones colectivas y posters de promoci\u00f3n cultural de reconocidos pintores catalanes editados, desde los a\u00f1os 90, por el departamento de cultura y el mismo centro de arte donde se exponen. La masiva acumulaci\u00f3n de cat\u00e1logos podados, testigos restantes de un cap\u00edtulo reciente de la pol\u00edtica cultural catalana desaparecieron en el transcurso de la exposici\u00f3n con la intervenci\u00f3n del p\u00fablico, quien pod\u00eda tomar un ejemplar a cambio de dejar por escrito el motivo por el que decid\u00eda llevarse aquel ejemplar en concreto de todo el listado que se ofrec\u00eda. Asimismo, las bibliotecas p\u00fablicas de Catalu\u00f1a colaboran en el proyecto. Aquellas que lo decidieron eligieron un libro del listado para incorporarlo al cat\u00e1logo y ofrecerlo en pr\u00e9stamo a los usuarios. Todos los documentos (cat\u00e1logos y carteles) dispuestos para el proyecto fueron intervenidos con un exlibris. Adem\u00e1s, cada cat\u00e1logo llevaba encartado entre las p\u00e1ginas un listado con el t\u00edtulo y n\u00famero de ejemplares de todos los cat\u00e1logos expurgados que forman el proyecto.<\/p>\n<p>\u00a0<\/p>\n<h4>Recorrido del proyecto. \u00bfD\u00f3nde se encuentra la obra?<\/h4>\n<p>El proyecto dio pie a la producci\u00f3n de varias piezas. Todas ellas van acompa\u00f1adas del listado impreso de los libros que el Arts Santa M\u00f3nica seleccion\u00f3 de su fondo de remanentes para podar los mismos, con motivo del proyecto. 53 t\u00edtulos, de los que hab\u00eda en diferente cantidad, sumando un total de 4950 libros.<\/p>\n<p>Una de estas piezas <em>Mil nou cents vint motius<\/em>, es el libro efectuado con todos los motivos que dejaron por escrito a cambio de llevarse un libro, las personas que visitaron la exposici\u00f3n. Esta pieza forma parte de la colecci\u00f3n Banco Sabadell, que adquiri\u00f3 la pieza con motivo del Premio Fundaci\u00f3n Banco Sabadell mejor galer\u00eda, Swab (galer\u00eda Sicart: solo show Ant\u00f2nia del R\u00edo) en el a\u00f1o 2016.<\/p>\n<p>Otra de las piezas del proyecto, <em>Intents de registre<\/em>, obtuvo la menci\u00f3n de honor en el I Certamen d\u2019arts pl\u00e0stiques Ciutat de Felanitx, 2015. Jurado formado por: Jaume Canet, Pilar Rub\u00ed, Miquela Nicolau, Andreu Aguil\u00f3, Maria Jos\u00e9 Corominas, Ana B\u00e0rbara Cordell\u00e0 y Francisco Duarte.<\/p>\n<\/div>\n<\/div><\/div><\/div><div id=\"pgc-4393-0-1\"  class=\"panel-grid-cell\" ><div id=\"panel-4393-0-1-0\" class=\"so-panel widget widget_sow-editor panel-first-child\" data-index=\"2\" ><div\n\t\t\t\n\t\t\tclass=\"so-widget-sow-editor so-widget-sow-editor-base\"\n\t\t\t\n\t\t>\n<div class=\"siteorigin-widget-tinymce textwidget\">\n\t<h5><a href=\"https:\/\/polititzacionsdelmalestar.org\/2017\/12\/11\/nuria-guell\/?lang=es\">Ant\u00f2nia del R\u00edo<\/a><\/h5>\n<h4>\u00a0<\/h4>\n<h4>Palabras clave<\/h4>\n<p><a href=\"https:\/\/polititzacionsdelmalestar.org\/temes\/memoria\/?lang=es\">Memoria<\/a>, <a href=\"https:\/\/polititzacionsdelmalestar.org\/temes\/politica\/?lang=es\">Pol\u00edtica <\/a>y <a href=\"https:\/\/polititzacionsdelmalestar.org\/temes\/processos-collaboratius\/?lang=es\">Procesos colaborativos<\/a><\/p>\n<h4>\u00a0<\/h4>\n<h4>Textos sobre el proyecto<\/h4>\n<p><a href=\"https:\/\/issuu.com\/artssantamonica\/docs\/ant__nia_del_r__o_cat_ok\/28\" target=\"_blank\" rel=\"noopener\">Antonia del Rio - Esporgats #3<\/a><\/p>\n<h4>\u00a0<\/h4>\n<h4>Documentos<em> media<br \/> <\/em><\/h4>\n<p><a id=\"69f0c9e7c63d2\" rel=\"wp-video-lightbox\" href=\"https:\/\/www.youtube.com\/watch?v=7G__vNwAlzA&#038;width=800&#038;height=600\" title=\"\"><img decoding=\"async\" src=\"https:\/\/polititzacionsdelmalestar.org\/wp-content\/uploads\/2018\/01\/esporgats-1.jpg\" class=\"video_lightbox_anchor_image\" alt=\"Esporgats#3\" \/><\/a>    <script>\r\n    \/* <![CDATA[ *\/\r\n    jQuery(document).ready(function($){\r\n        $(function(){\r\n            var width = $(window).innerWidth();\r\n            var setwidth = parseFloat(800);\r\n            var ratio = parseFloat(0.75);\r\n            var height = parseFloat(600);\r\n            var link = 'https:\/\/www.youtube.com\/watch?v=7G__vNwAlzA&amp;width=800&amp;height=600';\r\n            if(width < setwidth)\r\n            {\r\n                height = Math.floor(width * 0.75);\r\n                \/\/console.log(\"device width \"+width+\", set width \"+800+\", ratio \"+0.75+\", new height \"+ height);\r\n                var new_url = wpvl_paramReplace('width', link, width);\r\n                var new_url = wpvl_paramReplace('height', new_url, height);\r\n                $(\"a#69f0c9e7c63d2\").attr('href', new_url);\r\n                \/\/console.log(new_url);\r\n            }\r\n        });\r\n    });\r\n    \/* ]]> *\/\r\n    <\/script><br \/> <div class=\"kad-spacer clearfix\" style=\"height:5px\"><\/div><br \/> <a id=\"69f0c9e7c6434\" rel=\"wp-video-lightbox\" href=\"https:\/\/www.youtube.com\/watch?v=FIuhYJi41rE&#038;width=800&#038;height=600\" title=\"\"><img decoding=\"async\" src=\"https:\/\/polititzacionsdelmalestar.org\/wp-content\/uploads\/2018\/01\/esporgats.-2.jpg\" class=\"video_lightbox_anchor_image\" alt=\"Esporgats#3\" \/><\/a>    <script>\r\n    \/* <![CDATA[ *\/\r\n    jQuery(document).ready(function($){\r\n        $(function(){\r\n            var width = $(window).innerWidth();\r\n            var setwidth = parseFloat(800);\r\n            var ratio = parseFloat(0.75);\r\n            var height = parseFloat(600);\r\n            var link = 'https:\/\/www.youtube.com\/watch?v=FIuhYJi41rE&amp;width=800&amp;height=600';\r\n            if(width < setwidth)\r\n            {\r\n                height = Math.floor(width * 0.75);\r\n                \/\/console.log(\"device width \"+width+\", set width \"+800+\", ratio \"+0.75+\", new height \"+ height);\r\n                var new_url = wpvl_paramReplace('width', link, width);\r\n                var new_url = wpvl_paramReplace('height', new_url, height);\r\n                $(\"a#69f0c9e7c6434\").attr('href', new_url);\r\n                \/\/console.log(new_url);\r\n            }\r\n        });\r\n    });\r\n    \/* ]]> *\/\r\n    <\/script><\/p>\n<div>\u00a0<\/div>\n<h4>\u00a0<\/h4>\n<h4>\n<div class=\"titol-galeria\">Fotos del proyecto<\/div>\n<\/h4>\n<\/div>\n<\/div><\/div><div id=\"panel-4393-0-1-1\" class=\"so-panel widget widget_virtue_gallery_widget virtue_gallery_widget panel-last-child\" data-index=\"3\" ><div id=\"kad-wp-gallery780\" class=\"kad-wp-gallery gallery kt-gallery-column-1 init-isotope-intrinsic reinit-isotope kad-light-wp-gallery clearfix rowtight\" data-fade-in=\"1\" data-iso-selector=\".g_item\" data-iso-style=\"masonry\" data-iso-filter=\"false\"><div class=\"tcol-lg-12 tcol-md-12 tcol-sm-12 tcol-xs-12 tcol-ss-12 g_item\"><div class=\"grid_item kt_item_fade_in kad_gallery_fade_in gallery_item\"><a href=\"https:\/\/polititzacionsdelmalestar.org\/wp-content\/uploads\/2017\/12\/02.jpg\" data-rel=\"lightbox\" class=\"lightboxhover\"><div class=\"kt-intrinsic\" style=\"padding-bottom:100%;\"><div itemprop=\"image\" itemscope itemtype=\"https:\/\/schema.org\/ImageObject\"><img loading=\"lazy\" decoding=\"async\" width=\"560\" height=\"560\" src=\"https:\/\/polititzacionsdelmalestar.org\/wp-content\/uploads\/2017\/12\/02-560x560.jpg\" srcset=\"https:\/\/polititzacionsdelmalestar.org\/wp-content\/uploads\/2017\/12\/02-560x560.jpg 560w, https:\/\/polititzacionsdelmalestar.org\/wp-content\/uploads\/2017\/12\/02-150x150.jpg 150w\" sizes=\"auto, (max-width: 560px) 100vw, 560px\" data-caption=\"Ant\u00f2nia del R\u00edo. Esporgats#3. Cicle Blanc sota negre. Treballs des de l\u2019imperceptible. A cargo de Assumpta Bassas y Joana Mas\u00f3. Arts Santa M\u00f2nica, 2014.\" class=\"light-dropshaddow\" itemprop=\"contentUrl\" alt=\"\"><meta itemprop=\"url\" content=\"https:\/\/polititzacionsdelmalestar.org\/wp-content\/uploads\/2017\/12\/02-560x560.jpg\"><meta itemprop=\"width\" content=\"560px\"><meta itemprop=\"height\" content=\"560px\"><\/div><\/div><div class=\"caption kad_caption\"><div class=\"kad_caption_inner\">Ant\u00f2nia del R\u00edo. Esporgats#3. Cicle Blanc sota negre. Treballs des de l\u2019imperceptible. A cargo de Assumpta Bassas y Joana Mas\u00f3. Arts Santa M\u00f2nica, 2014.<\/div><\/div><\/a><\/div><\/div><div class=\"tcol-lg-12 tcol-md-12 tcol-sm-12 tcol-xs-12 tcol-ss-12 g_item\"><div class=\"grid_item kt_item_fade_in kad_gallery_fade_in gallery_item\"><a href=\"https:\/\/polititzacionsdelmalestar.org\/wp-content\/uploads\/2017\/12\/03.jpg\" data-rel=\"lightbox\" class=\"lightboxhover\"><div class=\"kt-intrinsic\" style=\"padding-bottom:100%;\"><div itemprop=\"image\" itemscope itemtype=\"https:\/\/schema.org\/ImageObject\"><img loading=\"lazy\" decoding=\"async\" width=\"560\" height=\"560\" src=\"https:\/\/polititzacionsdelmalestar.org\/wp-content\/uploads\/2017\/12\/03-560x560.jpg\" srcset=\"https:\/\/polititzacionsdelmalestar.org\/wp-content\/uploads\/2017\/12\/03-560x560.jpg 560w, https:\/\/polititzacionsdelmalestar.org\/wp-content\/uploads\/2017\/12\/03-150x150.jpg 150w\" sizes=\"auto, (max-width: 560px) 100vw, 560px\" data-caption=\"Ant\u00f2nia del R\u00edo. Esporgats#3. Cicle Blanc sota negre. Treballs des de l\u2019imperceptible. A cargo de Assumpta Bassas y Joana Mas\u00f3. Arts Santa M\u00f2nica, 2014.\" class=\"light-dropshaddow\" itemprop=\"contentUrl\" alt=\"\"><meta itemprop=\"url\" content=\"https:\/\/polititzacionsdelmalestar.org\/wp-content\/uploads\/2017\/12\/03-560x560.jpg\"><meta itemprop=\"width\" content=\"560px\"><meta itemprop=\"height\" content=\"560px\"><\/div><\/div><div class=\"caption kad_caption\"><div class=\"kad_caption_inner\">Ant\u00f2nia del R\u00edo. Esporgats#3. Cicle Blanc sota negre. Treballs des de l\u2019imperceptible. A cargo de Assumpta Bassas y Joana Mas\u00f3. Arts Santa M\u00f2nica, 2014.<\/div><\/div><\/a><\/div><\/div><div class=\"tcol-lg-12 tcol-md-12 tcol-sm-12 tcol-xs-12 tcol-ss-12 g_item\"><div class=\"grid_item kt_item_fade_in kad_gallery_fade_in gallery_item\"><a href=\"https:\/\/polititzacionsdelmalestar.org\/wp-content\/uploads\/2017\/12\/04.jpg\" data-rel=\"lightbox\" class=\"lightboxhover\"><div class=\"kt-intrinsic\" style=\"padding-bottom:100%;\"><div itemprop=\"image\" itemscope itemtype=\"https:\/\/schema.org\/ImageObject\"><img loading=\"lazy\" decoding=\"async\" width=\"560\" height=\"560\" src=\"https:\/\/polititzacionsdelmalestar.org\/wp-content\/uploads\/2017\/12\/04-560x560.jpg\" srcset=\"https:\/\/polititzacionsdelmalestar.org\/wp-content\/uploads\/2017\/12\/04-560x560.jpg 560w, https:\/\/polititzacionsdelmalestar.org\/wp-content\/uploads\/2017\/12\/04-150x150.jpg 150w\" sizes=\"auto, (max-width: 560px) 100vw, 560px\" data-caption=\"Ant\u00f2nia del R\u00edo. Esporgats#3. Cicle Blanc sota negre. Treballs des de l\u2019imperceptible. A cargo de Assumpta Bassas y Joana Mas\u00f3. Arts Santa M\u00f2nica, 2014.\" class=\"light-dropshaddow\" itemprop=\"contentUrl\" alt=\"\"><meta itemprop=\"url\" content=\"https:\/\/polititzacionsdelmalestar.org\/wp-content\/uploads\/2017\/12\/04-560x560.jpg\"><meta itemprop=\"width\" content=\"560px\"><meta itemprop=\"height\" content=\"560px\"><\/div><\/div><div class=\"caption kad_caption\"><div class=\"kad_caption_inner\">Ant\u00f2nia del R\u00edo. Esporgats#3. Cicle Blanc sota negre. Treballs des de l\u2019imperceptible. A cargo de Assumpta Bassas y Joana Mas\u00f3. Arts Santa M\u00f2nica, 2014.<\/div><\/div><\/a><\/div><\/div><div class=\"tcol-lg-12 tcol-md-12 tcol-sm-12 tcol-xs-12 tcol-ss-12 g_item\"><div class=\"grid_item kt_item_fade_in kad_gallery_fade_in gallery_item\"><a href=\"https:\/\/polititzacionsdelmalestar.org\/wp-content\/uploads\/2017\/12\/05.jpg\" data-rel=\"lightbox\" class=\"lightboxhover\"><div class=\"kt-intrinsic\" style=\"padding-bottom:100%;\"><div itemprop=\"image\" itemscope itemtype=\"https:\/\/schema.org\/ImageObject\"><img loading=\"lazy\" decoding=\"async\" width=\"560\" height=\"560\" src=\"https:\/\/polititzacionsdelmalestar.org\/wp-content\/uploads\/2017\/12\/05-560x560.jpg\" srcset=\"https:\/\/polititzacionsdelmalestar.org\/wp-content\/uploads\/2017\/12\/05-560x560.jpg 560w, https:\/\/polititzacionsdelmalestar.org\/wp-content\/uploads\/2017\/12\/05-150x150.jpg 150w\" sizes=\"auto, (max-width: 560px) 100vw, 560px\" data-caption=\"Ant\u00f2nia del R\u00edo. Esporgats#3. Cicle Blanc sota negre. Treballs des de l\u2019imperceptible. A cargo de Assumpta Bassas y Joana Mas\u00f3. Arts Santa M\u00f2nica, 2014.\" class=\"light-dropshaddow\" itemprop=\"contentUrl\" alt=\"\"><meta itemprop=\"url\" content=\"https:\/\/polititzacionsdelmalestar.org\/wp-content\/uploads\/2017\/12\/05-560x560.jpg\"><meta itemprop=\"width\" content=\"560px\"><meta itemprop=\"height\" content=\"560px\"><\/div><\/div><div class=\"caption kad_caption\"><div class=\"kad_caption_inner\">Ant\u00f2nia del R\u00edo. Esporgats#3. Cicle Blanc sota negre. Treballs des de l\u2019imperceptible. A cargo de Assumpta Bassas y Joana Mas\u00f3. Arts Santa M\u00f2nica, 2014.<\/div><\/div><\/a><\/div><\/div><div class=\"tcol-lg-12 tcol-md-12 tcol-sm-12 tcol-xs-12 tcol-ss-12 g_item\"><div class=\"grid_item kt_item_fade_in kad_gallery_fade_in gallery_item\"><a href=\"https:\/\/polititzacionsdelmalestar.org\/wp-content\/uploads\/2017\/12\/07.jpg\" data-rel=\"lightbox\" class=\"lightboxhover\"><div class=\"kt-intrinsic\" style=\"padding-bottom:100%;\"><div itemprop=\"image\" itemscope itemtype=\"https:\/\/schema.org\/ImageObject\"><img loading=\"lazy\" decoding=\"async\" width=\"560\" height=\"560\" src=\"https:\/\/polititzacionsdelmalestar.org\/wp-content\/uploads\/2017\/12\/07-560x560.jpg\" srcset=\"https:\/\/polititzacionsdelmalestar.org\/wp-content\/uploads\/2017\/12\/07-560x560.jpg 560w, https:\/\/polititzacionsdelmalestar.org\/wp-content\/uploads\/2017\/12\/07-150x150.jpg 150w\" sizes=\"auto, (max-width: 560px) 100vw, 560px\" data-caption=\"Ant\u00f2nia del R\u00edo. Esporgats#3. Cicle Blanc sota negre. Treballs des de l\u2019imperceptible. A cargo de Assumpta Bassas y Joana Mas\u00f3. Arts Santa M\u00f2nica, 2014.\" class=\"light-dropshaddow\" itemprop=\"contentUrl\" alt=\"\"><meta itemprop=\"url\" content=\"https:\/\/polititzacionsdelmalestar.org\/wp-content\/uploads\/2017\/12\/07-560x560.jpg\"><meta itemprop=\"width\" content=\"560px\"><meta itemprop=\"height\" content=\"560px\"><\/div><\/div><div class=\"caption kad_caption\"><div class=\"kad_caption_inner\">Ant\u00f2nia del R\u00edo. Esporgats#3. Cicle Blanc sota negre. Treballs des de l\u2019imperceptible. A cargo de Assumpta Bassas y Joana Mas\u00f3. Arts Santa M\u00f2nica, 2014.<\/div><\/div><\/a><\/div><\/div><div class=\"tcol-lg-12 tcol-md-12 tcol-sm-12 tcol-xs-12 tcol-ss-12 g_item\"><div class=\"grid_item kt_item_fade_in kad_gallery_fade_in gallery_item\"><a href=\"https:\/\/polititzacionsdelmalestar.org\/wp-content\/uploads\/2017\/12\/06b.jpg\" data-rel=\"lightbox\" class=\"lightboxhover\"><div class=\"kt-intrinsic\" style=\"padding-bottom:100%;\"><div itemprop=\"image\" itemscope itemtype=\"https:\/\/schema.org\/ImageObject\"><img loading=\"lazy\" decoding=\"async\" width=\"560\" height=\"560\" src=\"https:\/\/polititzacionsdelmalestar.org\/wp-content\/uploads\/2017\/12\/06b-560x560.jpg\" srcset=\"https:\/\/polititzacionsdelmalestar.org\/wp-content\/uploads\/2017\/12\/06b-560x560.jpg 560w, https:\/\/polititzacionsdelmalestar.org\/wp-content\/uploads\/2017\/12\/06b-150x150.jpg 150w\" sizes=\"auto, (max-width: 560px) 100vw, 560px\" data-caption=\"Ant\u00f2nia del R\u00edo. Esporgats#3. Cicle Blanc sota negre. Treballs des de l\u2019imperceptible. A cargo de Assumpta Bassas y Joana Mas\u00f3. Arts Santa M\u00f2nica, 2014.\" class=\"light-dropshaddow\" itemprop=\"contentUrl\" alt=\"\"><meta itemprop=\"url\" content=\"https:\/\/polititzacionsdelmalestar.org\/wp-content\/uploads\/2017\/12\/06b-560x560.jpg\"><meta itemprop=\"width\" content=\"560px\"><meta itemprop=\"height\" content=\"560px\"><\/div><\/div><div class=\"caption kad_caption\"><div class=\"kad_caption_inner\">Ant\u00f2nia del R\u00edo. Esporgats#3. Cicle Blanc sota negre. Treballs des de l\u2019imperceptible. A cargo de Assumpta Bassas y Joana Mas\u00f3. Arts Santa M\u00f2nica, 2014.<\/div><\/div><\/a><\/div><\/div><\/div><\/div><\/div><\/div><\/div>","protected":false},"excerpt":{"rendered":"<h3><a href=\"http:\/\/polititzacionsdelmalestar.org\/2017\/12\/26\/esporgats-3\/?lang=es\">Esporgats #3<\/a><\/h3>\n<p>2017<br \/>\n<a href=\"http:\/\/polititzacionsdelmalestar.org\/2017\/12\/11\/antonia-del-rio\/?lang=es\"><strong>Antonia del Rio<\/strong><\/a><br \/>\n<br \/>\n<a href=\"http:\/\/polititzacionsdelmalestar.org\/temes\/memoria\/?lang=es\">Memoria<\/a>, <a href=\"http:\/\/polititzacionsdelmalestar.org\/temes\/politica\/?lang=es\">Pol\u00edtica <\/a>y <a href=\"http:\/\/polititzacionsdelmalestar.org\/temes\/processos-collaboratius\/?lang=es\">Procesos colaborativos<\/a><\/p>\n","protected":false},"author":6,"featured_media":4395,"comment_status":"closed","ping_status":"closed","sticky":false,"template":"","format":"standard","meta":{"footnotes":""},"categories":[76,135,155,158,123],"tags":[],"class_list":["post-4393","post","type-post","status-publish","format-standard","has-post-thumbnail","hentry","category-antonia-del-rio-es","category-memoria-es","category-politica-es","category-processos-collaboratius-es","category-proyectos"],"_links":{"self":[{"href":"https:\/\/polititzacionsdelmalestar.org\/es\/wp-json\/wp\/v2\/posts\/4393","targetHints":{"allow":["GET"]}}],"collection":[{"href":"https:\/\/polititzacionsdelmalestar.org\/es\/wp-json\/wp\/v2\/posts"}],"about":[{"href":"https:\/\/polititzacionsdelmalestar.org\/es\/wp-json\/wp\/v2\/types\/post"}],"author":[{"embeddable":true,"href":"https:\/\/polititzacionsdelmalestar.org\/es\/wp-json\/wp\/v2\/users\/6"}],"replies":[{"embeddable":true,"href":"https:\/\/polititzacionsdelmalestar.org\/es\/wp-json\/wp\/v2\/comments?post=4393"}],"version-history":[{"count":11,"href":"https:\/\/polititzacionsdelmalestar.org\/es\/wp-json\/wp\/v2\/posts\/4393\/revisions"}],"predecessor-version":[{"id":10376,"href":"https:\/\/polititzacionsdelmalestar.org\/es\/wp-json\/wp\/v2\/posts\/4393\/revisions\/10376"}],"wp:featuredmedia":[{"embeddable":true,"href":"https:\/\/polititzacionsdelmalestar.org\/es\/wp-json\/wp\/v2\/media\/4395"}],"wp:attachment":[{"href":"https:\/\/polititzacionsdelmalestar.org\/es\/wp-json\/wp\/v2\/media?parent=4393"}],"wp:term":[{"taxonomy":"category","embeddable":true,"href":"https:\/\/polititzacionsdelmalestar.org\/es\/wp-json\/wp\/v2\/categories?post=4393"},{"taxonomy":"post_tag","embeddable":true,"href":"https:\/\/polititzacionsdelmalestar.org\/es\/wp-json\/wp\/v2\/tags?post=4393"}],"curies":[{"name":"wp","href":"https:\/\/api.w.org\/{rel}","templated":true}]}}