


{"id":4298,"date":"2018-01-25T14:30:35","date_gmt":"2018-01-25T14:30:35","guid":{"rendered":"https:\/\/polititzacionsdelmalestar.org\/2018\/01\/25\/ciudadanos-pie-1974-2017\/"},"modified":"2018-02-23T17:04:46","modified_gmt":"2018-02-23T17:04:46","slug":"ciudadanos-pie-1974-2017","status":"publish","type":"post","link":"https:\/\/polititzacionsdelmalestar.org\/es\/ciudadanos-pie-1974-2017\/","title":{"rendered":"Ciudadanos de a pie"},"content":{"rendered":"<div id=\"pl-4298\"  class=\"panel-layout\" ><div id=\"pg-4298-0\"  class=\"panel-grid panel-no-style\" ><div id=\"pgc-4298-0-0\"  class=\"panel-grid-cell\" ><div id=\"panel-4298-0-0-0\" class=\"so-panel widget widget_virtue_gallery_widget virtue_gallery_widget panel-first-child\" data-index=\"0\" ><h3 class=\"widget-title\">Ciudadanos de a pie<\/h3><div id=\"kad-wp-gallery308\" class=\"kad-wp-gallery gallery kt-gallery-column-1 init-isotope-intrinsic reinit-isotope kad-light-wp-gallery clearfix rowtight\" data-fade-in=\"1\" data-iso-selector=\".g_item\" data-iso-style=\"masonry\" data-iso-filter=\"false\"><div class=\"tcol-lg-12 tcol-md-12 tcol-sm-12 tcol-xs-12 tcol-ss-12 g_item\"><div class=\"grid_item kt_item_fade_in kad_gallery_fade_in gallery_item\"><a href=\"https:\/\/polititzacionsdelmalestar.org\/wp-content\/uploads\/2018\/01\/01-imatge-1.jpg\" data-rel=\"lightbox\" class=\"lightboxhover\"><div class=\"kt-intrinsic\" style=\"padding-bottom:100%;\"><div itemprop=\"image\" itemscope itemtype=\"https:\/\/schema.org\/ImageObject\"><img loading=\"lazy\" decoding=\"async\" width=\"560\" height=\"560\" src=\"https:\/\/polititzacionsdelmalestar.org\/wp-content\/uploads\/2018\/01\/01-imatge-1-560x560.jpg\" srcset=\"https:\/\/polititzacionsdelmalestar.org\/wp-content\/uploads\/2018\/01\/01-imatge-1-560x560.jpg 560w, https:\/\/polititzacionsdelmalestar.org\/wp-content\/uploads\/2018\/01\/01-imatge-1-150x150.jpg 150w\" sizes=\"auto, (max-width: 560px) 100vw, 560px\" data-caption=\"Ciudadanos de a pie. 1974 \/2013, Santiago de Chile\" class=\"light-dropshaddow\" itemprop=\"contentUrl\" alt=\"\"><meta itemprop=\"url\" content=\"https:\/\/polititzacionsdelmalestar.org\/wp-content\/uploads\/2018\/01\/01-imatge-1-560x560.jpg\"><meta itemprop=\"width\" content=\"560px\"><meta itemprop=\"height\" content=\"560px\"><\/div><\/div><div class=\"caption kad_caption\"><div class=\"kad_caption_inner\">Ciudadanos de a pie. 1974 \/2013, Santiago de Chile<\/div><\/div><\/a><\/div><\/div><\/div><\/div><div id=\"panel-4298-0-0-1\" class=\"so-panel widget widget_sow-editor panel-last-child\" data-index=\"1\" ><div\n\t\t\t\n\t\t\tclass=\"so-widget-sow-editor so-widget-sow-editor-base\"\n\t\t\t\n\t\t>\n<div class=\"siteorigin-widget-tinymce textwidget\">\n\t<p>1974 - 2017<br \/>Performance<\/p>\n<p>Josep-Mar\u00eda Mart\u00edn con Mar\u00eda Isabel De Martini + Shafic Abuter Anan\u00edas + Francisco Casas + Gabriel Castillo + Liliana Fabregat + Leonardo Fern\u00e1ndez + Camilo Garc\u00eda + Bibiana Gieco + Camila Gonz\u00e1lez + Eva Mar\u00eda Guti\u00e9rrez + Ariel Marincovic + Juan Pablo Mej\u00edas del Pino + Stephanye Moreno + Jos\u00e9 Olavarr\u00eda + Marcos Ruiz + Brian Smith + Miguel Soffia + Josefina Vi\u00f1es<\/p>\n<p>La obra parte de la investigaci\u00f3n colectiva sobre la alteritat, entendi\u00e9ndola como la diferencia con los otros. De forma metaf\u00f3rica, se puede entender que la disparidad entre Salvador Allende y Augusto Pinochet representa dos mundos antag\u00f3nicos. Josep-Maria Mart\u00edn, en la investigaci\u00f3n, concluye que las personas que hacen una lucha pol\u00edtica sufren la diferencia a trav\u00e9s de pr\u00e1cticas perversas, desde el bullying hasta el asesinato. Por eso el artista invita integrantes del Movimiento por la Diversidad Sexual (MUMS), que han defendido el ser \u00abpersonas sexuales\u00bb y su derecho a vivirlo con libertad.<\/p>\n<p>La artista cruz, como los miembros del MUMS, que \u00abTODXS QUEREMOS SER MUJERES DIVERSAS\u00bb.<\/p>\n<p>Los miembros del MUMS participaron en el taller Pasar al Acto, concepto que el artista ha adoptado del libro de Bernard Stiegler (Passer a l\u2019\u00e0cte). Este autor plantea que para \u00abpasar al acto\u00bb hay que transitar por varias etapas. La primera es crear intimidad, un espacio f\u00edsico y mental donde filosofar. Esta filosof\u00eda se transforma en pensamiento pol\u00edtico y este genera, a la vez, una conciencia que despu\u00e9s se convierte en una necesidad de cambio.<\/p>\n<p>En esta vivencia de la alteritat (el punto de vista del otro), se cultiva una subjetividad (el punto de vista propio) que despu\u00e9s se intenta convertir en intersubjetividad (el punto de vista colectivo). Las entrevistas que hizo Josep-Maria Mart\u00edn se interpretaron y resumir. Los participantes, las conversas, est\u00e1n cruzados por las experiencias personales y la sexualidad, como una muestra de la diversidad vivencial, de la privacidad y la intimidad.<\/p>\n<p>El proyecto toma forma a partir de la deconstrucci\u00f3n de la casa vecina, centro de tortura de la dictadura, para la construcci\u00f3n participativa de un nuevo espacio al MSSA. Es la deconstrucci\u00f3n de una experiencia traum\u00e1tica del \u00abGolpe\u00bb. Las performances de los miembros del MUMS de Ciudadanos de a pie. 1974 hacen visibles sus luchas sobre la igualdad y son una s\u00edntesis de una reflexi\u00f3n com\u00fan sobre el hecho de \u00abpasar al acto\u00bb.<\/p>\n<h4>\u00a0<\/h4>\n<h4>Recorrido del proyecto. \u00bfD\u00f3nde se encuentra la obra?<\/h4>\n<p>- Ciudadanos de a pie. 1974 \/2013, Santiago de Chile<br \/> - Museo De la Solidaridad Salvador Allende, Centro de Tortura Calle Rep\u00fablica, Santiago de Chile.<\/p>\n<\/div>\n<\/div><\/div><\/div><div id=\"pgc-4298-0-1\"  class=\"panel-grid-cell\" ><div id=\"panel-4298-0-1-0\" class=\"so-panel widget widget_sow-editor panel-first-child\" data-index=\"2\" ><div\n\t\t\t\n\t\t\tclass=\"so-widget-sow-editor so-widget-sow-editor-base\"\n\t\t\t\n\t\t>\n<div class=\"siteorigin-widget-tinymce textwidget\">\n\t<h5><a href=\"https:\/\/polititzacionsdelmalestar.org\/2018\/01\/23\/josep-maria-martin\/?lang=es\">Josep-Maria Mart\u00edn<\/a><\/h5>\n<h4>\u00a0<\/h4>\n<h4>Palabras clave<\/h4>\n<p><a href=\"https:\/\/polititzacionsdelmalestar.org\/temas\/malestar\/?lang=es\">Malestar<\/a>, <a href=\"https:\/\/polititzacionsdelmalestar.org\/temas\/memoria\/?lang=es\">Memoria<\/a>, <a href=\"https:\/\/polititzacionsdelmalestar.org\/temas\/performance\/?lang=es\">Performance<\/a>, <a href=\"https:\/\/polititzacionsdelmalestar.org\/temas\/politica\/?lang=es\">Pol\u00edtica<\/a> y <a href=\"https:\/\/polititzacionsdelmalestar.org\/temas\/processos-collaboratius\/?lang=es\">Procesos colaborativos<\/a><\/p>\n<div>\u00a0<\/div>\n<h4> <\/h4>\n<h4><div class=\"titol-galeria\">Fotos del proyecto<\/div><\/h4><\/div>\n<\/div><\/div><div id=\"panel-4298-0-1-1\" class=\"so-panel widget widget_virtue_gallery_widget virtue_gallery_widget panel-last-child\" data-index=\"3\" ><div id=\"kad-wp-gallery505\" class=\"kad-wp-gallery gallery kt-gallery-column-1 init-isotope-intrinsic reinit-isotope kad-light-wp-gallery clearfix rowtight\" data-fade-in=\"1\" data-iso-selector=\".g_item\" data-iso-style=\"masonry\" data-iso-filter=\"false\"><div class=\"tcol-lg-12 tcol-md-12 tcol-sm-12 tcol-xs-12 tcol-ss-12 g_item\"><div class=\"grid_item kt_item_fade_in kad_gallery_fade_in gallery_item\"><a href=\"https:\/\/polititzacionsdelmalestar.org\/wp-content\/uploads\/2018\/01\/02-imatge-2.jpg\" data-rel=\"lightbox\" class=\"lightboxhover\"><div class=\"kt-intrinsic\" style=\"padding-bottom:100%;\"><div itemprop=\"image\" itemscope itemtype=\"https:\/\/schema.org\/ImageObject\"><img loading=\"lazy\" decoding=\"async\" width=\"560\" height=\"560\" src=\"https:\/\/polititzacionsdelmalestar.org\/wp-content\/uploads\/2018\/01\/02-imatge-2-560x560.jpg\" srcset=\"https:\/\/polititzacionsdelmalestar.org\/wp-content\/uploads\/2018\/01\/02-imatge-2-560x560.jpg 560w, https:\/\/polititzacionsdelmalestar.org\/wp-content\/uploads\/2018\/01\/02-imatge-2-150x150.jpg 150w\" sizes=\"auto, (max-width: 560px) 100vw, 560px\" data-caption=\"Ciudadanos de a pie. 1974 \/2013, Santiago de Chile\" class=\"light-dropshaddow\" itemprop=\"contentUrl\" alt=\"\"><meta itemprop=\"url\" content=\"https:\/\/polititzacionsdelmalestar.org\/wp-content\/uploads\/2018\/01\/02-imatge-2-560x560.jpg\"><meta itemprop=\"width\" content=\"560px\"><meta itemprop=\"height\" content=\"560px\"><\/div><\/div><div class=\"caption kad_caption\"><div class=\"kad_caption_inner\">Ciudadanos de a pie. 1974 \/2013, Santiago de Chile<\/div><\/div><\/a><\/div><\/div><div class=\"tcol-lg-12 tcol-md-12 tcol-sm-12 tcol-xs-12 tcol-ss-12 g_item\"><div class=\"grid_item kt_item_fade_in kad_gallery_fade_in gallery_item\"><a href=\"https:\/\/polititzacionsdelmalestar.org\/wp-content\/uploads\/2018\/01\/04-imatge-4.jpg\" data-rel=\"lightbox\" class=\"lightboxhover\"><div class=\"kt-intrinsic\" style=\"padding-bottom:100%;\"><div itemprop=\"image\" itemscope itemtype=\"https:\/\/schema.org\/ImageObject\"><img loading=\"lazy\" decoding=\"async\" width=\"560\" height=\"560\" src=\"https:\/\/polititzacionsdelmalestar.org\/wp-content\/uploads\/2018\/01\/04-imatge-4-560x560.jpg\" srcset=\"https:\/\/polititzacionsdelmalestar.org\/wp-content\/uploads\/2018\/01\/04-imatge-4-560x560.jpg 560w, https:\/\/polititzacionsdelmalestar.org\/wp-content\/uploads\/2018\/01\/04-imatge-4-150x150.jpg 150w\" sizes=\"auto, (max-width: 560px) 100vw, 560px\" data-caption=\"Ciudadanos de a pie. 1974 \/2013, Santiago de Chile\" class=\"light-dropshaddow\" itemprop=\"contentUrl\" alt=\"\"><meta itemprop=\"url\" content=\"https:\/\/polititzacionsdelmalestar.org\/wp-content\/uploads\/2018\/01\/04-imatge-4-560x560.jpg\"><meta itemprop=\"width\" content=\"560px\"><meta itemprop=\"height\" content=\"560px\"><\/div><\/div><div class=\"caption kad_caption\"><div class=\"kad_caption_inner\">Ciudadanos de a pie. 1974 \/2013, Santiago de Chile<\/div><\/div><\/a><\/div><\/div><div class=\"tcol-lg-12 tcol-md-12 tcol-sm-12 tcol-xs-12 tcol-ss-12 g_item\"><div class=\"grid_item kt_item_fade_in kad_gallery_fade_in gallery_item\"><a href=\"https:\/\/polititzacionsdelmalestar.org\/wp-content\/uploads\/2018\/01\/05-imatge-5.jpg\" data-rel=\"lightbox\" class=\"lightboxhover\"><div class=\"kt-intrinsic\" style=\"padding-bottom:100%;\"><div itemprop=\"image\" itemscope itemtype=\"https:\/\/schema.org\/ImageObject\"><img loading=\"lazy\" decoding=\"async\" width=\"560\" height=\"560\" src=\"https:\/\/polititzacionsdelmalestar.org\/wp-content\/uploads\/2018\/01\/05-imatge-5-560x560.jpg\" srcset=\"https:\/\/polititzacionsdelmalestar.org\/wp-content\/uploads\/2018\/01\/05-imatge-5-560x560.jpg 560w, https:\/\/polititzacionsdelmalestar.org\/wp-content\/uploads\/2018\/01\/05-imatge-5-150x150.jpg 150w\" sizes=\"auto, (max-width: 560px) 100vw, 560px\" data-caption=\"Ciudadanos de a pie. 1974 \/2013, Santiago de Chile\" class=\"light-dropshaddow\" itemprop=\"contentUrl\" alt=\"\"><meta itemprop=\"url\" content=\"https:\/\/polititzacionsdelmalestar.org\/wp-content\/uploads\/2018\/01\/05-imatge-5-560x560.jpg\"><meta itemprop=\"width\" content=\"560px\"><meta itemprop=\"height\" content=\"560px\"><\/div><\/div><div class=\"caption kad_caption\"><div class=\"kad_caption_inner\">Ciudadanos de a pie. 1974 \/2013, Santiago de Chile<\/div><\/div><\/a><\/div><\/div><div class=\"tcol-lg-12 tcol-md-12 tcol-sm-12 tcol-xs-12 tcol-ss-12 g_item\"><div class=\"grid_item kt_item_fade_in kad_gallery_fade_in gallery_item\"><a href=\"https:\/\/polititzacionsdelmalestar.org\/wp-content\/uploads\/2018\/01\/06-imatge-6.jpg\" data-rel=\"lightbox\" class=\"lightboxhover\"><div class=\"kt-intrinsic\" style=\"padding-bottom:100%;\"><div itemprop=\"image\" itemscope itemtype=\"https:\/\/schema.org\/ImageObject\"><img loading=\"lazy\" decoding=\"async\" width=\"560\" height=\"560\" src=\"https:\/\/polititzacionsdelmalestar.org\/wp-content\/uploads\/2018\/01\/06-imatge-6-560x560.jpg\" srcset=\"https:\/\/polititzacionsdelmalestar.org\/wp-content\/uploads\/2018\/01\/06-imatge-6-560x560.jpg 560w, https:\/\/polititzacionsdelmalestar.org\/wp-content\/uploads\/2018\/01\/06-imatge-6-150x150.jpg 150w\" sizes=\"auto, (max-width: 560px) 100vw, 560px\" data-caption=\"Ciudadanos de a pie. 1974 \/2013, Santiago de Chile\" class=\"light-dropshaddow\" itemprop=\"contentUrl\" alt=\"\"><meta itemprop=\"url\" content=\"https:\/\/polititzacionsdelmalestar.org\/wp-content\/uploads\/2018\/01\/06-imatge-6-560x560.jpg\"><meta itemprop=\"width\" content=\"560px\"><meta itemprop=\"height\" content=\"560px\"><\/div><\/div><div class=\"caption kad_caption\"><div class=\"kad_caption_inner\">Ciudadanos de a pie. 1974 \/2013, Santiago de Chile<\/div><\/div><\/a><\/div><\/div><div class=\"tcol-lg-12 tcol-md-12 tcol-sm-12 tcol-xs-12 tcol-ss-12 g_item\"><div class=\"grid_item kt_item_fade_in kad_gallery_fade_in gallery_item\"><a href=\"https:\/\/polititzacionsdelmalestar.org\/wp-content\/uploads\/2018\/01\/07-IMG_9786.jpg\" data-rel=\"lightbox\" class=\"lightboxhover\"><div class=\"kt-intrinsic\" style=\"padding-bottom:100%;\"><div itemprop=\"image\" itemscope itemtype=\"https:\/\/schema.org\/ImageObject\"><img loading=\"lazy\" decoding=\"async\" width=\"560\" height=\"560\" src=\"https:\/\/polititzacionsdelmalestar.org\/wp-content\/uploads\/2018\/01\/07-IMG_9786-560x560.jpg\" srcset=\"https:\/\/polititzacionsdelmalestar.org\/wp-content\/uploads\/2018\/01\/07-IMG_9786-560x560.jpg 560w, https:\/\/polititzacionsdelmalestar.org\/wp-content\/uploads\/2018\/01\/07-IMG_9786-150x150.jpg 150w\" sizes=\"auto, (max-width: 560px) 100vw, 560px\" data-caption=\"Ciudadanos de a pie. 1974 \/2013, Santiago de Chile\" class=\"light-dropshaddow\" itemprop=\"contentUrl\" alt=\"\"><meta itemprop=\"url\" content=\"https:\/\/polititzacionsdelmalestar.org\/wp-content\/uploads\/2018\/01\/07-IMG_9786-560x560.jpg\"><meta itemprop=\"width\" content=\"560px\"><meta itemprop=\"height\" content=\"560px\"><\/div><\/div><div class=\"caption kad_caption\"><div class=\"kad_caption_inner\">Ciudadanos de a pie. 1974 \/2013, Santiago de Chile<\/div><\/div><\/a><\/div><\/div><\/div><\/div><\/div><\/div><\/div>","protected":false},"excerpt":{"rendered":"<h3><a href=\"http:\/\/polititzacionsdelmalestar.org\/2018\/01\/25\/ciudadanos-pie-1974-2017\/?lang=es\">Ciudadanos de a pie<\/a><\/h3>\n<p>1974 -2013<br \/>\n<a href=\"http:\/\/polititzacionsdelmalestar.org\/2018\/01\/23\/josep-maria-martin\/?lang=es\"><strong>Josep Maria Mart\u00edn<\/strong><\/a><br \/>\n<br \/>\n<a href=\"http:\/\/polititzacionsdelmalestar.org\/temas\/malestar\/?lang=es\">Malestar<\/a>, <a href=\"http:\/\/polititzacionsdelmalestar.org\/temas\/memoria\/?lang=es\">Memoria<\/a>, <a href=\"http:\/\/polititzacionsdelmalestar.org\/temas\/performance\/?lang=es\">Performance<\/a>, <a href=\"http:\/\/polititzacionsdelmalestar.org\/temas\/politica\/?lang=es\">Pol\u00edtica<\/a> y <a href=\"http:\/\/polititzacionsdelmalestar.org\/temas\/processos-collaboratius\/?lang=es\">Procesos colaborativos<\/a><\/p>\n","protected":false},"author":6,"featured_media":4299,"comment_status":"closed","ping_status":"closed","sticky":false,"template":"","format":"standard","meta":{"footnotes":""},"categories":[101,150,135,154,155,158,123],"tags":[],"class_list":["post-4298","post","type-post","status-publish","format-standard","has-post-thumbnail","hentry","category-josep-maria-martin-es","category-malestar-es","category-memoria-es","category-performance-es","category-politica-es","category-processos-collaboratius-es","category-proyectos"],"_links":{"self":[{"href":"https:\/\/polititzacionsdelmalestar.org\/es\/wp-json\/wp\/v2\/posts\/4298","targetHints":{"allow":["GET"]}}],"collection":[{"href":"https:\/\/polititzacionsdelmalestar.org\/es\/wp-json\/wp\/v2\/posts"}],"about":[{"href":"https:\/\/polititzacionsdelmalestar.org\/es\/wp-json\/wp\/v2\/types\/post"}],"author":[{"embeddable":true,"href":"https:\/\/polititzacionsdelmalestar.org\/es\/wp-json\/wp\/v2\/users\/6"}],"replies":[{"embeddable":true,"href":"https:\/\/polititzacionsdelmalestar.org\/es\/wp-json\/wp\/v2\/comments?post=4298"}],"version-history":[{"count":11,"href":"https:\/\/polititzacionsdelmalestar.org\/es\/wp-json\/wp\/v2\/posts\/4298\/revisions"}],"predecessor-version":[{"id":8917,"href":"https:\/\/polititzacionsdelmalestar.org\/es\/wp-json\/wp\/v2\/posts\/4298\/revisions\/8917"}],"wp:featuredmedia":[{"embeddable":true,"href":"https:\/\/polititzacionsdelmalestar.org\/es\/wp-json\/wp\/v2\/media\/4299"}],"wp:attachment":[{"href":"https:\/\/polititzacionsdelmalestar.org\/es\/wp-json\/wp\/v2\/media?parent=4298"}],"wp:term":[{"taxonomy":"category","embeddable":true,"href":"https:\/\/polititzacionsdelmalestar.org\/es\/wp-json\/wp\/v2\/categories?post=4298"},{"taxonomy":"post_tag","embeddable":true,"href":"https:\/\/polititzacionsdelmalestar.org\/es\/wp-json\/wp\/v2\/tags?post=4298"}],"curies":[{"name":"wp","href":"https:\/\/api.w.org\/{rel}","templated":true}]}}