


{"id":4248,"date":"2018-01-23T12:19:15","date_gmt":"2018-01-23T12:19:15","guid":{"rendered":"https:\/\/polititzacionsdelmalestar.org\/2018\/01\/23\/avall-riu-cardener\/"},"modified":"2020-03-20T14:57:46","modified_gmt":"2020-03-20T14:57:46","slug":"avall-riu-cardener","status":"publish","type":"post","link":"https:\/\/polititzacionsdelmalestar.org\/es\/avall-riu-cardener\/","title":{"rendered":"Avall pel riu Cardener"},"content":{"rendered":"<div id=\"pl-4248\"  class=\"panel-layout\" ><div id=\"pg-4248-0\"  class=\"panel-grid panel-no-style\" ><div id=\"pgc-4248-0-0\"  class=\"panel-grid-cell\" ><div id=\"panel-4248-0-0-0\" class=\"so-panel widget widget_virtue_gallery_widget virtue_gallery_widget panel-first-child\" data-index=\"0\" ><h3 class=\"widget-title\">Avall pel riu Cardener. Prohibit jugar a pilota al parc<\/h3><div id=\"kad-wp-gallery277\" class=\"kad-wp-gallery gallery kt-gallery-column-1 init-isotope-intrinsic reinit-isotope kad-light-wp-gallery clearfix rowtight\" data-fade-in=\"1\" data-iso-selector=\".g_item\" data-iso-style=\"masonry\" data-iso-filter=\"false\"><div class=\"tcol-lg-12 tcol-md-12 tcol-sm-12 tcol-xs-12 tcol-ss-12 g_item\"><div class=\"grid_item kt_item_fade_in kad_gallery_fade_in gallery_item\"><a href=\"https:\/\/polititzacionsdelmalestar.org\/wp-content\/uploads\/2018\/01\/01-6.jpg\" data-rel=\"lightbox\" class=\"lightboxhover\"><div class=\"kt-intrinsic\" style=\"padding-bottom:100%;\"><div itemprop=\"image\" itemscope itemtype=\"https:\/\/schema.org\/ImageObject\"><img loading=\"lazy\" decoding=\"async\" width=\"560\" height=\"560\" src=\"https:\/\/polititzacionsdelmalestar.org\/wp-content\/uploads\/2018\/01\/01-6-560x560.jpg\" srcset=\"https:\/\/polititzacionsdelmalestar.org\/wp-content\/uploads\/2018\/01\/01-6-560x560.jpg 560w, https:\/\/polititzacionsdelmalestar.org\/wp-content\/uploads\/2018\/01\/01-6-150x150.jpg 150w, https:\/\/polititzacionsdelmalestar.org\/wp-content\/uploads\/2018\/01\/01-6-366x366.jpg 366w\" sizes=\"auto, (max-width: 560px) 100vw, 560px\" data-caption=\"Avall pel riu Cardener\n\" class=\"light-dropshaddow\" itemprop=\"contentUrl\" alt=\"\"><meta itemprop=\"url\" content=\"https:\/\/polititzacionsdelmalestar.org\/wp-content\/uploads\/2018\/01\/01-6-560x560.jpg\"><meta itemprop=\"width\" content=\"560px\"><meta itemprop=\"height\" content=\"560px\"><\/div><\/div><div class=\"caption kad_caption\"><div class=\"kad_caption_inner\">Avall pel riu Cardener\n<\/div><\/div><\/a><\/div><\/div><\/div><\/div><div id=\"panel-4248-0-0-1\" class=\"so-panel widget widget_sow-editor panel-last-child\" data-index=\"1\" ><div\n\t\t\t\n\t\t\tclass=\"so-widget-sow-editor so-widget-sow-editor-base\"\n\t\t\t\n\t\t>\n<div class=\"siteorigin-widget-tinymce textwidget\">\n\t<p>2015<\/p>\n<p><em>Avall pel riu Cardener<\/em> fue una proyecto de intervenci\u00f3n en el r\u00edo Cardener a su paso por la ciudad de Manresa en el entorno del Puente Viejo. La acci\u00f3n, enmarcada en la continuidad del proyecto Prohibido jugar a la pelota en el parque, consisti\u00f3 en recorrer por las calles estrechas y avenidas anchas de la capital del Bages una pelota gigante de gran tama\u00f1o hasta llegar a tirarla al r\u00edo Cardener desde lo alto del puente Viejo y dejarla a la deriva hasta recogerla m\u00e1s abajo.<\/p>\n<p>La acci\u00f3n ef\u00edmera inscrib\u00eda dentro de un proyecto m\u00e1s ambicioso iniciado el a\u00f1o 2011 donde varias pelotas gigantes han sido soltadas por espacios naturales tan singulares como el glaciar del Aneto en el Parque Natural Posets-Maladeta, la pared de San Jer\u00f3nimo en la monta\u00f1a de Montserrat, el intento de hacer un baloncesto desde un globo aerost\u00e1tico al cr\u00e1ter del volc\u00e1n Montsacopa en el Parque Natural de la Zona Volc\u00e1nica de la Garrotxa o m\u00e1s recientemente el arroyo, el mar y la playa de Matar\u00f3.<\/p>\n<p>Proyectos que siempre han reivindicado los espacios naturales como espacios para el juego, la creatividad y el arte contempor\u00e1neo con una actitud de respeto hacia el medio, pero desde la rebeld\u00eda en las formas.<\/p>\n<p>\u00a0<\/p>\n<h4>Recorrido del proyecto. \u00bfD\u00f3nde se encuentra la obra?<\/h4>\n<p>La obra, por su car\u00e1cter ef\u00edmero, se encuentra \u00fanicamente en archivos fotogr\u00e1ficos y audiovisual del autor y de los participantes \/ espectadores.<\/p>\n<\/div>\n<\/div><\/div><\/div><div id=\"pgc-4248-0-1\"  class=\"panel-grid-cell\" ><div id=\"panel-4248-0-1-0\" class=\"so-panel widget widget_sow-editor panel-first-child\" data-index=\"2\" ><div\n\t\t\t\n\t\t\tclass=\"so-widget-sow-editor so-widget-sow-editor-base\"\n\t\t\t\n\t\t>\n<div class=\"siteorigin-widget-tinymce textwidget\">\n\t<h5><a href=\"https:\/\/polititzacionsdelmalestar.org\/2018\/01\/23\/albert-gusi\/?lang=es\">Albert Gusi<\/a><\/h5>\n<h4>\u00a0<\/h4>\n<h4>Palabras clave<\/h4>\n<p><a href=\"https:\/\/polititzacionsdelmalestar.org\/temas\/art-public\/?lang=es\">Arte p\u00fablico<\/a>, <a href=\"https:\/\/polititzacionsdelmalestar.org\/temas\/cos\/?lang=es\">Cuerpo<\/a>, <a href=\"https:\/\/polititzacionsdelmalestar.org\/temas\/espai-public\/?lang=es\">Espaci\u00f3 p\u00fablico<\/a>, <a href=\"https:\/\/polititzacionsdelmalestar.org\/temas\/identitat\/?lang=es\">Identidad<\/a>, <a href=\"https:\/\/polititzacionsdelmalestar.org\/temas\/natura\/?lang=es\">Naturaleza<\/a> y <a href=\"https:\/\/polititzacionsdelmalestar.org\/temas\/processos-collaboratius\/?lang=es\">Procesos colaborativos<\/a><\/p>\n<h4>\u00a0<\/h4>\n<h4>Documentos <em>media<\/em><\/h4>\n<p><a href=\"http:\/\/albertgusi.com\/portfolio\/avall-pel-riu-cardener\/\" target=\"_blank\" rel=\"noopener\">Albert Gusi - <em>Avall pel riu Cardener<\/em><\/a><\/p>\n<div>\u00a0<\/div>\n<h4>\n<div class=\"titol-galeria\">Fotos del proyecto<\/div>\n<\/h4>\n<\/div>\n<\/div><\/div><div id=\"panel-4248-0-1-1\" class=\"so-panel widget widget_virtue_gallery_widget virtue_gallery_widget panel-last-child\" data-index=\"3\" ><div id=\"kad-wp-gallery292\" class=\"kad-wp-gallery gallery kt-gallery-column-1 init-isotope-intrinsic reinit-isotope kad-light-wp-gallery clearfix rowtight\" data-fade-in=\"1\" data-iso-selector=\".g_item\" data-iso-style=\"masonry\" data-iso-filter=\"false\"><div class=\"tcol-lg-12 tcol-md-12 tcol-sm-12 tcol-xs-12 tcol-ss-12 g_item\"><div class=\"grid_item kt_item_fade_in kad_gallery_fade_in gallery_item\"><a href=\"https:\/\/polititzacionsdelmalestar.org\/wp-content\/uploads\/2018\/01\/02-5.jpg\" data-rel=\"lightbox\" class=\"lightboxhover\"><div class=\"kt-intrinsic\" style=\"padding-bottom:100%;\"><div itemprop=\"image\" itemscope itemtype=\"https:\/\/schema.org\/ImageObject\"><img loading=\"lazy\" decoding=\"async\" width=\"560\" height=\"560\" src=\"https:\/\/polititzacionsdelmalestar.org\/wp-content\/uploads\/2018\/01\/02-5-560x560.jpg\" srcset=\"https:\/\/polititzacionsdelmalestar.org\/wp-content\/uploads\/2018\/01\/02-5-560x560.jpg 560w, https:\/\/polititzacionsdelmalestar.org\/wp-content\/uploads\/2018\/01\/02-5-150x150.jpg 150w\" sizes=\"auto, (max-width: 560px) 100vw, 560px\" data-caption=\"Avall pel riu Cardener\" class=\"light-dropshaddow\" itemprop=\"contentUrl\" alt=\"\"><meta itemprop=\"url\" content=\"https:\/\/polititzacionsdelmalestar.org\/wp-content\/uploads\/2018\/01\/02-5-560x560.jpg\"><meta itemprop=\"width\" content=\"560px\"><meta itemprop=\"height\" content=\"560px\"><\/div><\/div><div class=\"caption kad_caption\"><div class=\"kad_caption_inner\">Avall pel riu Cardener<\/div><\/div><\/a><\/div><\/div><div class=\"tcol-lg-12 tcol-md-12 tcol-sm-12 tcol-xs-12 tcol-ss-12 g_item\"><div class=\"grid_item kt_item_fade_in kad_gallery_fade_in gallery_item\"><a href=\"https:\/\/polititzacionsdelmalestar.org\/wp-content\/uploads\/2018\/01\/03-5.jpg\" data-rel=\"lightbox\" class=\"lightboxhover\"><div class=\"kt-intrinsic\" style=\"padding-bottom:100%;\"><div itemprop=\"image\" itemscope itemtype=\"https:\/\/schema.org\/ImageObject\"><img loading=\"lazy\" decoding=\"async\" width=\"560\" height=\"560\" src=\"https:\/\/polititzacionsdelmalestar.org\/wp-content\/uploads\/2018\/01\/03-5-560x560.jpg\" srcset=\"https:\/\/polititzacionsdelmalestar.org\/wp-content\/uploads\/2018\/01\/03-5-560x560.jpg 560w, https:\/\/polititzacionsdelmalestar.org\/wp-content\/uploads\/2018\/01\/03-5-150x150.jpg 150w\" sizes=\"auto, (max-width: 560px) 100vw, 560px\" data-caption=\"Avall pel riu Cardener\" class=\"light-dropshaddow\" itemprop=\"contentUrl\" alt=\"\"><meta itemprop=\"url\" content=\"https:\/\/polititzacionsdelmalestar.org\/wp-content\/uploads\/2018\/01\/03-5-560x560.jpg\"><meta itemprop=\"width\" content=\"560px\"><meta itemprop=\"height\" content=\"560px\"><\/div><\/div><div class=\"caption kad_caption\"><div class=\"kad_caption_inner\">Avall pel riu Cardener<\/div><\/div><\/a><\/div><\/div><div class=\"tcol-lg-12 tcol-md-12 tcol-sm-12 tcol-xs-12 tcol-ss-12 g_item\"><div class=\"grid_item kt_item_fade_in kad_gallery_fade_in gallery_item\"><a href=\"https:\/\/polititzacionsdelmalestar.org\/wp-content\/uploads\/2018\/01\/04-5.jpg\" data-rel=\"lightbox\" class=\"lightboxhover\"><div class=\"kt-intrinsic\" style=\"padding-bottom:100%;\"><div itemprop=\"image\" itemscope itemtype=\"https:\/\/schema.org\/ImageObject\"><img loading=\"lazy\" decoding=\"async\" width=\"560\" height=\"560\" src=\"https:\/\/polititzacionsdelmalestar.org\/wp-content\/uploads\/2018\/01\/04-5-560x560.jpg\" srcset=\"https:\/\/polititzacionsdelmalestar.org\/wp-content\/uploads\/2018\/01\/04-5-560x560.jpg 560w, https:\/\/polititzacionsdelmalestar.org\/wp-content\/uploads\/2018\/01\/04-5-150x150.jpg 150w\" sizes=\"auto, (max-width: 560px) 100vw, 560px\" data-caption=\"Avall pel riu Cardener\" class=\"light-dropshaddow\" itemprop=\"contentUrl\" alt=\"\"><meta itemprop=\"url\" content=\"https:\/\/polititzacionsdelmalestar.org\/wp-content\/uploads\/2018\/01\/04-5-560x560.jpg\"><meta itemprop=\"width\" content=\"560px\"><meta itemprop=\"height\" content=\"560px\"><\/div><\/div><div class=\"caption kad_caption\"><div class=\"kad_caption_inner\">Avall pel riu Cardener<\/div><\/div><\/a><\/div><\/div><div class=\"tcol-lg-12 tcol-md-12 tcol-sm-12 tcol-xs-12 tcol-ss-12 g_item\"><div class=\"grid_item kt_item_fade_in kad_gallery_fade_in gallery_item\"><a href=\"https:\/\/polititzacionsdelmalestar.org\/wp-content\/uploads\/2018\/01\/05-4.jpg\" data-rel=\"lightbox\" class=\"lightboxhover\"><div class=\"kt-intrinsic\" style=\"padding-bottom:100%;\"><div itemprop=\"image\" itemscope itemtype=\"https:\/\/schema.org\/ImageObject\"><img loading=\"lazy\" decoding=\"async\" width=\"560\" height=\"560\" src=\"https:\/\/polititzacionsdelmalestar.org\/wp-content\/uploads\/2018\/01\/05-4-560x560.jpg\" srcset=\"https:\/\/polititzacionsdelmalestar.org\/wp-content\/uploads\/2018\/01\/05-4-560x560.jpg 560w, https:\/\/polititzacionsdelmalestar.org\/wp-content\/uploads\/2018\/01\/05-4-150x150.jpg 150w\" sizes=\"auto, (max-width: 560px) 100vw, 560px\" data-caption=\"Avall pel riu Cardener\" class=\"light-dropshaddow\" itemprop=\"contentUrl\" alt=\"\"><meta itemprop=\"url\" content=\"https:\/\/polititzacionsdelmalestar.org\/wp-content\/uploads\/2018\/01\/05-4-560x560.jpg\"><meta itemprop=\"width\" content=\"560px\"><meta itemprop=\"height\" content=\"560px\"><\/div><\/div><div class=\"caption kad_caption\"><div class=\"kad_caption_inner\">Avall pel riu Cardener<\/div><\/div><\/a><\/div><\/div><div class=\"tcol-lg-12 tcol-md-12 tcol-sm-12 tcol-xs-12 tcol-ss-12 g_item\"><div class=\"grid_item kt_item_fade_in kad_gallery_fade_in gallery_item\"><a href=\"https:\/\/polititzacionsdelmalestar.org\/wp-content\/uploads\/2018\/01\/06-3.jpg\" data-rel=\"lightbox\" class=\"lightboxhover\"><div class=\"kt-intrinsic\" style=\"padding-bottom:100%;\"><div itemprop=\"image\" itemscope itemtype=\"https:\/\/schema.org\/ImageObject\"><img loading=\"lazy\" decoding=\"async\" width=\"560\" height=\"560\" src=\"https:\/\/polititzacionsdelmalestar.org\/wp-content\/uploads\/2018\/01\/06-3-560x560.jpg\" srcset=\"https:\/\/polititzacionsdelmalestar.org\/wp-content\/uploads\/2018\/01\/06-3-560x560.jpg 560w, https:\/\/polititzacionsdelmalestar.org\/wp-content\/uploads\/2018\/01\/06-3-150x150.jpg 150w\" sizes=\"auto, (max-width: 560px) 100vw, 560px\" data-caption=\"Avall pel riu Cardener\" class=\"light-dropshaddow\" itemprop=\"contentUrl\" alt=\"\"><meta itemprop=\"url\" content=\"https:\/\/polititzacionsdelmalestar.org\/wp-content\/uploads\/2018\/01\/06-3-560x560.jpg\"><meta itemprop=\"width\" content=\"560px\"><meta itemprop=\"height\" content=\"560px\"><\/div><\/div><div class=\"caption kad_caption\"><div class=\"kad_caption_inner\">Avall pel riu Cardener<\/div><\/div><\/a><\/div><\/div><div class=\"tcol-lg-12 tcol-md-12 tcol-sm-12 tcol-xs-12 tcol-ss-12 g_item\"><div class=\"grid_item kt_item_fade_in kad_gallery_fade_in gallery_item\"><a href=\"https:\/\/polititzacionsdelmalestar.org\/wp-content\/uploads\/2018\/01\/07-3.jpg\" data-rel=\"lightbox\" class=\"lightboxhover\"><div class=\"kt-intrinsic\" style=\"padding-bottom:100%;\"><div itemprop=\"image\" itemscope itemtype=\"https:\/\/schema.org\/ImageObject\"><img loading=\"lazy\" decoding=\"async\" width=\"560\" height=\"560\" src=\"https:\/\/polititzacionsdelmalestar.org\/wp-content\/uploads\/2018\/01\/07-3-560x560.jpg\" srcset=\"https:\/\/polititzacionsdelmalestar.org\/wp-content\/uploads\/2018\/01\/07-3-560x560.jpg 560w, https:\/\/polititzacionsdelmalestar.org\/wp-content\/uploads\/2018\/01\/07-3-150x150.jpg 150w\" sizes=\"auto, (max-width: 560px) 100vw, 560px\" data-caption=\"Avall pel riu Cardener\" class=\"light-dropshaddow\" itemprop=\"contentUrl\" alt=\"\"><meta itemprop=\"url\" content=\"https:\/\/polititzacionsdelmalestar.org\/wp-content\/uploads\/2018\/01\/07-3-560x560.jpg\"><meta itemprop=\"width\" content=\"560px\"><meta itemprop=\"height\" content=\"560px\"><\/div><\/div><div class=\"caption kad_caption\"><div class=\"kad_caption_inner\">Avall pel riu Cardener<\/div><\/div><\/a><\/div><\/div><\/div><\/div><\/div><\/div><\/div>","protected":false},"excerpt":{"rendered":"<h3><a href=\"http:\/\/polititzacionsdelmalestar.org\/2018\/01\/23\/avall-riu-cardener\/?lang=es\">Avall pel riu Cardener. Prohibit jugar a pilota al parc<\/a><\/h3>\n<p>2011<br \/>\n<strong><a href=\"http:\/\/polititzacionsdelmalestar.org\/2018\/01\/23\/albert-gusi\/?lang=es\/\">Albert Gusi<\/a><\/strong><br \/>\n<br \/>\n<a href=\"http:\/\/polititzacionsdelmalestar.org\/temas\/art-public\/?lang=es\">Arte p\u00fablico<\/a>, <a href=\"http:\/\/polititzacionsdelmalestar.org\/temas\/cos\/?lang=es\">Cuerpo<\/a>, <a href=\"http:\/\/polititzacionsdelmalestar.org\/temas\/espai-public\/?lang=es\">Espaci\u00f3 p\u00fablico<\/a>, <a href=\"http:\/\/polititzacionsdelmalestar.org\/temas\/identitat\/?lang=es\">Identidad<\/a>, <a href=\"http:\/\/polititzacionsdelmalestar.org\/temas\/natura\/?lang=es\">Naturaleza<\/a> y <a href=\"http:\/\/polititzacionsdelmalestar.org\/temas\/processos-collaboratius\/?lang=es\">Procesos colaborativos<\/a><\/p>\n","protected":false},"author":6,"featured_media":4249,"comment_status":"closed","ping_status":"closed","sticky":false,"template":"","format":"standard","meta":{"footnotes":""},"categories":[75,142,137,145,174,172,158,123],"tags":[],"class_list":["post-4248","post","type-post","status-publish","format-standard","has-post-thumbnail","hentry","category-albert-gusi-es","category-art-public-es","category-cos-es","category-espai-public-es","category-identidad","category-naturaleza","category-processos-collaboratius-es","category-proyectos"],"_links":{"self":[{"href":"https:\/\/polititzacionsdelmalestar.org\/es\/wp-json\/wp\/v2\/posts\/4248","targetHints":{"allow":["GET"]}}],"collection":[{"href":"https:\/\/polititzacionsdelmalestar.org\/es\/wp-json\/wp\/v2\/posts"}],"about":[{"href":"https:\/\/polititzacionsdelmalestar.org\/es\/wp-json\/wp\/v2\/types\/post"}],"author":[{"embeddable":true,"href":"https:\/\/polititzacionsdelmalestar.org\/es\/wp-json\/wp\/v2\/users\/6"}],"replies":[{"embeddable":true,"href":"https:\/\/polititzacionsdelmalestar.org\/es\/wp-json\/wp\/v2\/comments?post=4248"}],"version-history":[{"count":12,"href":"https:\/\/polititzacionsdelmalestar.org\/es\/wp-json\/wp\/v2\/posts\/4248\/revisions"}],"predecessor-version":[{"id":10333,"href":"https:\/\/polititzacionsdelmalestar.org\/es\/wp-json\/wp\/v2\/posts\/4248\/revisions\/10333"}],"wp:featuredmedia":[{"embeddable":true,"href":"https:\/\/polititzacionsdelmalestar.org\/es\/wp-json\/wp\/v2\/media\/4249"}],"wp:attachment":[{"href":"https:\/\/polititzacionsdelmalestar.org\/es\/wp-json\/wp\/v2\/media?parent=4248"}],"wp:term":[{"taxonomy":"category","embeddable":true,"href":"https:\/\/polititzacionsdelmalestar.org\/es\/wp-json\/wp\/v2\/categories?post=4248"},{"taxonomy":"post_tag","embeddable":true,"href":"https:\/\/polititzacionsdelmalestar.org\/es\/wp-json\/wp\/v2\/tags?post=4248"}],"curies":[{"name":"wp","href":"https:\/\/api.w.org\/{rel}","templated":true}]}}