


{"id":3645,"date":"2018-02-05T05:14:00","date_gmt":"2018-02-05T05:14:00","guid":{"rendered":"https:\/\/polititzacionsdelmalestar.org\/?p=3645&#038;lang=es"},"modified":"2020-03-03T15:00:43","modified_gmt":"2020-03-03T15:00:43","slug":"24-hores-de-llum-artificial","status":"publish","type":"post","link":"https:\/\/polititzacionsdelmalestar.org\/es\/24-hores-de-llum-artificial\/","title":{"rendered":"24 horas de luz artificial"},"content":{"rendered":"<div id=\"pl-3645\"  class=\"panel-layout\" ><div id=\"pg-3645-0\"  class=\"panel-grid panel-no-style\" ><div id=\"pgc-3645-0-0\"  class=\"panel-grid-cell\" ><div id=\"panel-3645-0-0-0\" class=\"so-panel widget widget_virtue_gallery_widget virtue_gallery_widget panel-first-child\" data-index=\"0\" ><h3 class=\"widget-title\">24 horas de luz artificial <\/h3><div id=\"kad-wp-gallery354\" class=\"kad-wp-gallery gallery kt-gallery-column-1 init-isotope-intrinsic reinit-isotope kad-light-wp-gallery clearfix rowtight\" data-fade-in=\"1\" data-iso-selector=\".g_item\" data-iso-style=\"masonry\" data-iso-filter=\"false\"><div class=\"tcol-lg-12 tcol-md-12 tcol-sm-12 tcol-xs-12 tcol-ss-12 g_item\"><div class=\"grid_item kt_item_fade_in kad_gallery_fade_in gallery_item\"><a href=\"https:\/\/polititzacionsdelmalestar.org\/wp-content\/uploads\/2018\/01\/01-24-hores.jpg\" data-rel=\"lightbox\" class=\"lightboxhover\"><div class=\"kt-intrinsic\" style=\"padding-bottom:100%;\"><div itemprop=\"image\" itemscope itemtype=\"https:\/\/schema.org\/ImageObject\"><img loading=\"lazy\" decoding=\"async\" width=\"560\" height=\"560\" src=\"https:\/\/polititzacionsdelmalestar.org\/wp-content\/uploads\/2018\/01\/01-24-hores-560x560.jpg\" srcset=\"https:\/\/polititzacionsdelmalestar.org\/wp-content\/uploads\/2018\/01\/01-24-hores-560x560.jpg 560w, https:\/\/polititzacionsdelmalestar.org\/wp-content\/uploads\/2018\/01\/01-24-hores-150x150.jpg 150w\" sizes=\"auto, (max-width: 560px) 100vw, 560px\" data-caption=\"24 horas de luz artificial \u00b7 1998\" class=\"light-dropshaddow\" itemprop=\"contentUrl\" alt=\"24 hores de llum artificial 1998\"><meta itemprop=\"url\" content=\"https:\/\/polititzacionsdelmalestar.org\/wp-content\/uploads\/2018\/01\/01-24-hores-560x560.jpg\"><meta itemprop=\"width\" content=\"560px\"><meta itemprop=\"height\" content=\"560px\"><\/div><\/div><div class=\"caption kad_caption\"><div class=\"kad_caption_inner\">24 horas de luz artificial \u00b7 1998<\/div><\/div><\/a><\/div><\/div><\/div><\/div><div id=\"panel-3645-0-0-1\" class=\"so-panel widget widget_sow-editor panel-last-child\" data-index=\"1\" ><div\n\t\t\t\n\t\t\tclass=\"so-widget-sow-editor so-widget-sow-editor-base\"\n\t\t\t\n\t\t>\n<div class=\"siteorigin-widget-tinymce textwidget\">\n\t<p>1998<\/p>\n<p>Recreaci\u00f3n a escala real de una habitaci\u00f3n del hospital antituberculoso de Paimio en Finlandia \u2014dise\u00f1ado por Alvar Aalto en treinta y considerado mod\u00e9lico por su relaci\u00f3n abierta con los elementos naturales\u2014, transformada en una gran maqueta de madera, sin ventanas, en que las camas y los enseres sanitarios acontecen esculturas monocromas ajenas a su funci\u00f3n original, objetos in\u00fatiles iluminados en exceso por la luz artificial.<\/p>\n<p>Una producci\u00f3n de Fundaci\u00f3n \u201cLa Caixa\u201d por Sala Montcada, comisario: Mart\u00ed Peran.<\/p>\n<h4>Recorrido del proyecto. \u00bfD\u00f3nde se encuentra la obra?<\/h4>\n<p>La pieza ha sido instalada en diferentes lugares: en la Sala Montcada de Barcelona (1998), en la antigua capilla de Roser de Lleida (2000), en el interior del Hospital de Matar\u00f3 (2001) y en Fabra y Coats Centro de Arte Contempor\u00e1neo de Barcelona (2015).<\/p>\n<\/div>\n<\/div><\/div><\/div><div id=\"pgc-3645-0-1\"  class=\"panel-grid-cell\" ><div id=\"panel-3645-0-1-0\" class=\"so-panel widget widget_sow-editor panel-first-child\" data-index=\"2\" ><div\n\t\t\t\n\t\t\tclass=\"so-widget-sow-editor so-widget-sow-editor-base\"\n\t\t\t\n\t\t>\n<div class=\"siteorigin-widget-tinymce textwidget\">\n\t<h5><a href=\"https:\/\/polititzacionsdelmalestar.org\/2018\/01\/23\/domenec\/?lang=es\">Dom\u00e8nec<\/a><\/h5>\n<h4>\u00a0<\/h4>\n<h4>Palabras clave<\/h4>\n<p><a href=\"https:\/\/polititzacionsdelmalestar.org\/temes\/malestar\/?lang=es\">Malestar<\/a> y <a href=https:\/\/polititzacionsdelmalestar.org\/temes\/politica\/?lang=es\">Pol\u00edtica<\/a><\/p>\n<h4>\u00a0<\/h4>\n<h4>Textos sobre el proyecto<\/h4>\n<p><em>Textos<\/em><\/p>\n<p><a href=\"http:\/\/www.domenec.net\/ca\/24-hores-de-llum-artificial-despres-dalvar-aalto-marti-peran\/\" target=\"_blank\" rel=\"noopener\"><em>24 hores de llum artificial. Despr\u00e9s d\u2019Alvar Aalto. <\/em>Mart\u00ed Peran.<\/a><\/p>\n<p><em>Publicaciones<\/em><\/p>\n<p>- 24 horas de luz artificial. Cat\u00e1logo de Sala Montcada. Editado por la Fundaci\u00f3n La Caixa, 1999.<\/p>\n<p>- Dom\u00e9stico. Libro, ACM 03. Editado por el Ayuntamiento de Lleida, el Ayuntamiento de Matar\u00f3 y ACM.<\/p>\n<p>- Cuadernos de arquitectura y urbanismo. N\u00fam. 234. COAC, 2002.<\/p>\n<h4>\u00a0<\/h4>\n<h4>Documentos <em>media<\/em><\/h4>\n<p><a href=\"http:\/\/www.domenec.net\/ca\/24-hores-de-llum-artificial\/\" target=\"_blank\" rel=\"noopener\"><em>24 hores de llum artificial<\/em><\/a><\/p>\n<h4>\u00a0<\/h4>\n<h4>\n<div class=\"titol-galeria\">Fotos del proyecto<\/div>\n<\/h4>\n<\/div>\n<\/div><\/div><div id=\"panel-3645-0-1-1\" class=\"so-panel widget widget_virtue_gallery_widget virtue_gallery_widget panel-last-child\" data-index=\"3\" ><div id=\"kad-wp-gallery809\" class=\"kad-wp-gallery gallery kt-gallery-column-1 init-isotope-intrinsic reinit-isotope kad-light-wp-gallery clearfix rowtight\" data-fade-in=\"1\" data-iso-selector=\".g_item\" data-iso-style=\"masonry\" data-iso-filter=\"false\"><div class=\"tcol-lg-12 tcol-md-12 tcol-sm-12 tcol-xs-12 tcol-ss-12 g_item\"><div class=\"grid_item kt_item_fade_in kad_gallery_fade_in gallery_item\"><a href=\"https:\/\/polititzacionsdelmalestar.org\/wp-content\/uploads\/2018\/01\/02-24hores.jpg\" data-rel=\"lightbox\" class=\"lightboxhover\"><div class=\"kt-intrinsic\" style=\"padding-bottom:100%;\"><div itemprop=\"image\" itemscope itemtype=\"https:\/\/schema.org\/ImageObject\"><img loading=\"lazy\" decoding=\"async\" width=\"560\" height=\"560\" src=\"https:\/\/polititzacionsdelmalestar.org\/wp-content\/uploads\/2018\/01\/02-24hores-560x560.jpg\" srcset=\"https:\/\/polititzacionsdelmalestar.org\/wp-content\/uploads\/2018\/01\/02-24hores-560x560.jpg 560w, https:\/\/polititzacionsdelmalestar.org\/wp-content\/uploads\/2018\/01\/02-24hores-150x150.jpg 150w\" sizes=\"auto, (max-width: 560px) 100vw, 560px\" data-caption=\"24 horas de luz artificial \u00b7 1998\" class=\"light-dropshaddow\" itemprop=\"contentUrl\" alt=\"\"><meta itemprop=\"url\" content=\"https:\/\/polititzacionsdelmalestar.org\/wp-content\/uploads\/2018\/01\/02-24hores-560x560.jpg\"><meta itemprop=\"width\" content=\"560px\"><meta itemprop=\"height\" content=\"560px\"><\/div><\/div><div class=\"caption kad_caption\"><div class=\"kad_caption_inner\">24 horas de luz artificial \u00b7 1998<\/div><\/div><\/a><\/div><\/div><\/div><\/div><\/div><\/div><\/div>","protected":false},"excerpt":{"rendered":"<h3><a href=\"http:\/\/polititzacionsdelmalestar.org\/2018\/02\/05\/24-hores-de-llum-artificial\/?lang=es\">24 horas de luz artificial<\/a><\/h3>\n<p>1998<br \/>\n<a href=\"http:\/\/polititzacionsdelmalestar.org\/2018\/01\/23\/domenec\/\"><strong>Domenec<\/strong><\/a><br \/>\n<br \/>\n<a href=\"http:\/\/polititzacionsdelmalestar.org\/temes\/malestar\/?lang=es\">Malestar<\/a> y <a href=http:\/\/polititzacionsdelmalestar.org\/temes\/politica\/?lang=es\">Pol\u00edtica<\/a><\/p>\n","protected":false},"author":6,"featured_media":3763,"comment_status":"closed","ping_status":"closed","sticky":false,"template":"","format":"standard","meta":{"footnotes":""},"categories":[93,150,155,123,19],"tags":[],"class_list":["post-3645","post","type-post","status-publish","format-standard","has-post-thumbnail","hentry","category-domenec-es","category-malestar-es","category-politica-es","category-proyectos","category-sin-categorizar"],"_links":{"self":[{"href":"https:\/\/polititzacionsdelmalestar.org\/es\/wp-json\/wp\/v2\/posts\/3645","targetHints":{"allow":["GET"]}}],"collection":[{"href":"https:\/\/polititzacionsdelmalestar.org\/es\/wp-json\/wp\/v2\/posts"}],"about":[{"href":"https:\/\/polititzacionsdelmalestar.org\/es\/wp-json\/wp\/v2\/types\/post"}],"author":[{"embeddable":true,"href":"https:\/\/polititzacionsdelmalestar.org\/es\/wp-json\/wp\/v2\/users\/6"}],"replies":[{"embeddable":true,"href":"https:\/\/polititzacionsdelmalestar.org\/es\/wp-json\/wp\/v2\/comments?post=3645"}],"version-history":[{"count":11,"href":"https:\/\/polititzacionsdelmalestar.org\/es\/wp-json\/wp\/v2\/posts\/3645\/revisions"}],"predecessor-version":[{"id":10149,"href":"https:\/\/polititzacionsdelmalestar.org\/es\/wp-json\/wp\/v2\/posts\/3645\/revisions\/10149"}],"wp:featuredmedia":[{"embeddable":true,"href":"https:\/\/polititzacionsdelmalestar.org\/es\/wp-json\/wp\/v2\/media\/3763"}],"wp:attachment":[{"href":"https:\/\/polititzacionsdelmalestar.org\/es\/wp-json\/wp\/v2\/media?parent=3645"}],"wp:term":[{"taxonomy":"category","embeddable":true,"href":"https:\/\/polititzacionsdelmalestar.org\/es\/wp-json\/wp\/v2\/categories?post=3645"},{"taxonomy":"post_tag","embeddable":true,"href":"https:\/\/polititzacionsdelmalestar.org\/es\/wp-json\/wp\/v2\/tags?post=3645"}],"curies":[{"name":"wp","href":"https:\/\/api.w.org\/{rel}","templated":true}]}}