


{"id":12046,"date":"2025-07-31T10:41:19","date_gmt":"2025-07-31T10:41:19","guid":{"rendered":"https:\/\/polititzacionsdelmalestar.org\/?p=12046"},"modified":"2025-07-31T10:55:50","modified_gmt":"2025-07-31T10:55:50","slug":"lia-garcia-la-novia-sirena","status":"publish","type":"post","link":"https:\/\/polititzacionsdelmalestar.org\/es\/lia-garcia-la-novia-sirena\/","title":{"rendered":"Garc\u00eda la novia sirena, L\u00eda"},"content":{"rendered":"<div id=\"pl-12046\"  class=\"panel-layout\" ><div id=\"pg-12046-0\"  class=\"panel-grid panel-no-style\" ><div id=\"pgc-12046-0-0\"  class=\"panel-grid-cell\" ><div id=\"panel-12046-0-0-0\" class=\"so-panel widget widget_sow-editor panel-first-child panel-last-child\" data-index=\"0\" ><div class=\"panel-widget-style panel-widget-style-for-12046-0-0-0\" ><div\n\t\t\t\n\t\t\tclass=\"so-widget-sow-editor so-widget-sow-editor-base\"\n\t\t\t\n\t\t>\n<div class=\"siteorigin-widget-tinymce textwidget\">\n\t<p style=\"text-align: center;\"><strong>Relatos para deconstruir la violencia machista desde la Historia del arte<\/strong><\/p>\n<\/div>\n<\/div><\/div><\/div><\/div><\/div><div id=\"pg-12046-1\"  class=\"panel-grid panel-no-style\" ><div id=\"pgc-12046-1-0\"  class=\"panel-grid-cell\" ><div id=\"panel-12046-1-0-0\" class=\"so-panel widget widget_sow-editor panel-first-child panel-last-child\" data-index=\"1\" ><div\n\t\t\t\n\t\t\tclass=\"so-widget-sow-editor so-widget-sow-editor-base\"\n\t\t\t\n\t\t><h3 class=\"widget-title\">L\u00eda Garc\u00eda la novia sirena<\/h3>\n<div class=\"siteorigin-widget-tinymce textwidget\">\n\t<div class=\"siteorigin-widget-tinymce textwidget\">\n<h5><a href=\"https:\/\/polititzacionsdelmalestar.org\/es\/enciclopedia\/\">Enciclopedia<\/a><\/h5>\n<div><span lang=\"CA\">2014<\/span><\/div>\n<div><\/div>\n<p style=\"font-weight: 400;\">L\u00eda Garc\u00eda la novia sirena -Ciudad de M\u00e9xico, 1989- es una activista, pedagoda y performer transfeminista mexicana, cofundadora de la Red de Juventudes Trans-M\u00e9xico junto a Jessica Marjane en el 2016. A lo largo de su trayectoria art\u00edstica como performer su piel ha acumulado las extensiones de varios arquetipos de lo liminal que le han servido para elaborar sus m\u00faltiples y constantes tr\u00e1nsitos como mujer trans*. Bajo el t\u00edtulo-paraguas de los \u00abEncuentros afectivos\u00bb, L\u00eda se enlaz\u00f3 al mundo como novia \u2013Puedes besar a la novia- se celebr\u00f3 como quincea\u00f1era \u2013Mis XXy a\u00f1os- y se construy\u00f3 un andamio cari\u00f1oso como sirena \u2013Voz en construcci\u00f3n-.<\/p>\n<p style=\"font-weight: 400;\">Su recorrido performativo ha pivotado desde sus inicios sobre dos metodolog\u00edas estrat\u00e9gicas. Por un lado, la artista ha decidido asumir el gesto creativo desde la seducci\u00f3n, la amabilidad y los afectos acogedores. A pesar de pertenecer al segundo pa\u00eds con mayor n\u00famero de transfeminicidios del mundo -despu\u00e9s de Brasil- y de sentirse y saberse enojada, conf\u00eda plenamente en las consecuencias transformadoras de las relaciones fundadas en la ternura. Por el otro, su pedagog\u00eda del cari\u00f1o se ha visto reforzada mediante al uso de arquetipos y de ritos del tr\u00e1nsito. Sus acciones se plantean como un marco de celebraci\u00f3n colectiva de limbos: la novia soltera cambia de estado civil, la quincea\u00f1era se prepara para el paso a la edad adulta y la sirena es y vive en el umbral.<\/p>\n<p>&nbsp;<\/p>\n<\/div>\n<\/div>\n<\/div><\/div><\/div><div id=\"pgc-12046-1-1\"  class=\"panel-grid-cell\" ><div id=\"panel-12046-1-1-0\" class=\"so-panel widget widget_sow-editor panel-first-child panel-last-child\" data-index=\"2\" ><div\n\t\t\t\n\t\t\tclass=\"so-widget-sow-editor so-widget-sow-editor-base\"\n\t\t\t\n\t\t>\n<div class=\"siteorigin-widget-tinymce textwidget\">\n\t<\/div>\n<\/div><\/div><\/div><\/div><\/div>","protected":false},"excerpt":{"rendered":"<h5><a href=\" https:\/\/polititzacionsdelmalestar.org\/es\/lia-garcia-la-novia-sirena\/\">L\u00eda Garc\u00eda la novia sirena<\/a><\/h5>\n<p>2014<\/p>\n<h3><a href=\"https:\/\/polititzacionsdelmalestar.org\/es\/enciclopedia\/\">Enciclopedia<\/a><\/h3>\n","protected":false},"author":6,"featured_media":0,"comment_status":"closed","ping_status":"closed","sticky":false,"template":"","format":"standard","meta":{"footnotes":""},"categories":[206],"tags":[],"class_list":["post-12046","post","type-post","status-publish","format-standard","hentry","category-autoresarxiu-es"],"_links":{"self":[{"href":"https:\/\/polititzacionsdelmalestar.org\/es\/wp-json\/wp\/v2\/posts\/12046","targetHints":{"allow":["GET"]}}],"collection":[{"href":"https:\/\/polititzacionsdelmalestar.org\/es\/wp-json\/wp\/v2\/posts"}],"about":[{"href":"https:\/\/polititzacionsdelmalestar.org\/es\/wp-json\/wp\/v2\/types\/post"}],"author":[{"embeddable":true,"href":"https:\/\/polititzacionsdelmalestar.org\/es\/wp-json\/wp\/v2\/users\/6"}],"replies":[{"embeddable":true,"href":"https:\/\/polititzacionsdelmalestar.org\/es\/wp-json\/wp\/v2\/comments?post=12046"}],"version-history":[{"count":5,"href":"https:\/\/polititzacionsdelmalestar.org\/es\/wp-json\/wp\/v2\/posts\/12046\/revisions"}],"predecessor-version":[{"id":12054,"href":"https:\/\/polititzacionsdelmalestar.org\/es\/wp-json\/wp\/v2\/posts\/12046\/revisions\/12054"}],"wp:attachment":[{"href":"https:\/\/polititzacionsdelmalestar.org\/es\/wp-json\/wp\/v2\/media?parent=12046"}],"wp:term":[{"taxonomy":"category","embeddable":true,"href":"https:\/\/polititzacionsdelmalestar.org\/es\/wp-json\/wp\/v2\/categories?post=12046"},{"taxonomy":"post_tag","embeddable":true,"href":"https:\/\/polititzacionsdelmalestar.org\/es\/wp-json\/wp\/v2\/tags?post=12046"}],"curies":[{"name":"wp","href":"https:\/\/api.w.org\/{rel}","templated":true}]}}