


{"id":11977,"date":"2025-05-23T16:20:57","date_gmt":"2025-05-23T16:20:57","guid":{"rendered":"https:\/\/polititzacionsdelmalestar.org\/?p=11977"},"modified":"2025-05-23T16:26:06","modified_gmt":"2025-05-23T16:26:06","slug":"silvia-albert-sopale","status":"publish","type":"post","link":"https:\/\/polititzacionsdelmalestar.org\/es\/silvia-albert-sopale\/","title":{"rendered":"Albert Sopale, Silvia"},"content":{"rendered":"<div id=\"pl-11977\"  class=\"panel-layout\" ><div id=\"pg-11977-0\"  class=\"panel-grid panel-no-style\" ><div id=\"pgc-11977-0-0\"  class=\"panel-grid-cell\" ><div id=\"panel-11977-0-0-0\" class=\"so-panel widget widget_sow-editor panel-first-child panel-last-child\" data-index=\"0\" ><div class=\"panel-widget-style panel-widget-style-for-11977-0-0-0\" ><div\n\t\t\t\n\t\t\tclass=\"so-widget-sow-editor so-widget-sow-editor-base\"\n\t\t\t\n\t\t>\n<div class=\"siteorigin-widget-tinymce textwidget\">\n\t<p style=\"text-align: center;\"><strong>Relatos para deconstruir la violencia machista desde la Historia del arte<\/strong><\/p>\n<\/div>\n<\/div><\/div><\/div><\/div><\/div><div id=\"pg-11977-1\"  class=\"panel-grid panel-no-style\" ><div id=\"pgc-11977-1-0\"  class=\"panel-grid-cell\" ><div id=\"panel-11977-1-0-0\" class=\"so-panel widget widget_sow-editor panel-first-child panel-last-child\" data-index=\"1\" ><div\n\t\t\t\n\t\t\tclass=\"so-widget-sow-editor so-widget-sow-editor-base\"\n\t\t\t\n\t\t><h3 class=\"widget-title\">Silvia Albert Sopale<\/h3>\n<div class=\"siteorigin-widget-tinymce textwidget\">\n\t<div class=\"siteorigin-widget-tinymce textwidget\">\n<div class=\"siteorigin-widget-tinymce textwidget\"><\/div>\n<p>&nbsp;<\/p>\n<h5><a href=\"https:\/\/polititzacionsdelmalestar.org\/es\/no-es-pais-para-negras\/\">No es pa\u00eds para negras.\u00a0<\/a><\/h5>\n<div><span lang=\"CA\">2016<\/span><\/div>\n<h3>Silvia Albert Sopale<\/h3>\n<p style=\"font-weight: 400;\">Silvia Albert Sopale\u00a0(San Sebasti\u00e1n, 1976) es actriz, dramaturga y activista cultural afrodescendiente afincada en Barcelona. Licenciada por la Escuela Superior de Arte Dram\u00e1tico de Murcia y formada en la T\u00e9cnica Meisner y en dramaturgia contempor\u00e1nea, ha desarrollado una destacada trayectoria en el teatro social y pol\u00edtico, centrado en la experiencia afroespa\u00f1ola.<\/p>\n<p style=\"font-weight: 400;\">Es fundadora de la compa\u00f1\u00eda\u00a0<em>No es pa\u00eds para negras<\/em>, con la que ha creado y protagonizado obras como\u00a0<em>No es pa\u00eds para negras<\/em>\u00a0(2016),\u00a0<em>Blackface y otras verg\u00fcenzas<\/em>\u00a0(2019) y\u00a0<em>Pareu de Pararme<\/em>\u00a0(2020), todas ellas con amplio recorrido nacional e internacional, y reconocidas por su impacto en la escena contempor\u00e1nea. Tambi\u00e9n ha trabajado como actriz en producciones del Teatre Lliure y compa\u00f1\u00edas como Parking Shakespeare, y ha participado en cine y televisi\u00f3n (<em>La catedral del mar<\/em>,\u00a0<em>Panteras<\/em>,\u00a0<em>Inside<\/em>).<\/p>\n<p style=\"font-weight: 400;\">Impulsora de espacios culturales afrofeministas, es fundadora y directora de\u00a0<em>Periferia Cimarronas<\/em>, la primera sala de teatro afrofeminista del Estado espa\u00f1ol, y cofundadora de\u00a0<em>Hibiscus<\/em>\u00a0y\u00a0<em>Tinta Negra<\/em>, colectivos dedicados a la visibilizaci\u00f3n de las creadoras afrodescendientes. Dirige adem\u00e1s el festival\u00a0<em>Black Barcelona<\/em>. Su obra es estudiada en institutos y universidades, y ha sido publicada en diversas antolog\u00edas y revistas especializadas.<\/p>\n<p style=\"font-weight: 400;\">Adem\u00e1s de su labor art\u00edstica, es columnista en\u00a0<em>CTXT<\/em>\u00a0y colabora en espacios de reflexi\u00f3n, jornadas y festivales, donde ha participado como ponente, jurado y programadora.<\/p>\n<p>&nbsp;<\/p>\n<\/div>\n<\/div>\n<\/div><\/div><\/div><div id=\"pgc-11977-1-1\"  class=\"panel-grid-cell\" ><div id=\"panel-11977-1-1-0\" class=\"so-panel widget widget_sow-editor panel-first-child panel-last-child\" data-index=\"2\" ><div\n\t\t\t\n\t\t\tclass=\"so-widget-sow-editor so-widget-sow-editor-base\"\n\t\t\t\n\t\t>\n<div class=\"siteorigin-widget-tinymce textwidget\">\n\t<\/div>\n<\/div><\/div><\/div><\/div><\/div>","protected":false},"excerpt":{"rendered":"<h5><a href=\"https:\/\/polititzacionsdelmalestar.org\/es\/silvia-albert-sopale\/\">Silvia Albert Sopale<\/a><\/h5>\n<p>2016<\/p>\n<h3><a href=\"https:\/\/polititzacionsdelmalestar.org\/es\/no-es-pais-para-negras\/\">No es pa\u00eds para negras.<\/a><\/h3>\n","protected":false},"author":6,"featured_media":0,"comment_status":"closed","ping_status":"closed","sticky":false,"template":"","format":"standard","meta":{"footnotes":""},"categories":[206],"tags":[],"class_list":["post-11977","post","type-post","status-publish","format-standard","hentry","category-autoresarxiu-es"],"_links":{"self":[{"href":"https:\/\/polititzacionsdelmalestar.org\/es\/wp-json\/wp\/v2\/posts\/11977","targetHints":{"allow":["GET"]}}],"collection":[{"href":"https:\/\/polititzacionsdelmalestar.org\/es\/wp-json\/wp\/v2\/posts"}],"about":[{"href":"https:\/\/polititzacionsdelmalestar.org\/es\/wp-json\/wp\/v2\/types\/post"}],"author":[{"embeddable":true,"href":"https:\/\/polititzacionsdelmalestar.org\/es\/wp-json\/wp\/v2\/users\/6"}],"replies":[{"embeddable":true,"href":"https:\/\/polititzacionsdelmalestar.org\/es\/wp-json\/wp\/v2\/comments?post=11977"}],"version-history":[{"count":2,"href":"https:\/\/polititzacionsdelmalestar.org\/es\/wp-json\/wp\/v2\/posts\/11977\/revisions"}],"predecessor-version":[{"id":11981,"href":"https:\/\/polititzacionsdelmalestar.org\/es\/wp-json\/wp\/v2\/posts\/11977\/revisions\/11981"}],"wp:attachment":[{"href":"https:\/\/polititzacionsdelmalestar.org\/es\/wp-json\/wp\/v2\/media?parent=11977"}],"wp:term":[{"taxonomy":"category","embeddable":true,"href":"https:\/\/polititzacionsdelmalestar.org\/es\/wp-json\/wp\/v2\/categories?post=11977"},{"taxonomy":"post_tag","embeddable":true,"href":"https:\/\/polititzacionsdelmalestar.org\/es\/wp-json\/wp\/v2\/tags?post=11977"}],"curies":[{"name":"wp","href":"https:\/\/api.w.org\/{rel}","templated":true}]}}