


{"id":11973,"date":"2025-05-23T16:10:33","date_gmt":"2025-05-23T16:10:33","guid":{"rendered":"https:\/\/polititzacionsdelmalestar.org\/?p=11973"},"modified":"2025-06-01T23:01:54","modified_gmt":"2025-06-01T23:01:54","slug":"no-es-pais-para-negras","status":"publish","type":"post","link":"https:\/\/polititzacionsdelmalestar.org\/es\/no-es-pais-para-negras\/","title":{"rendered":"No es pa\u00eds para negras"},"content":{"rendered":"<div id=\"pl-11973\"  class=\"panel-layout\" ><div id=\"pg-11973-0\"  class=\"panel-grid panel-no-style\" ><div id=\"pgc-11973-0-0\"  class=\"panel-grid-cell\" ><div id=\"panel-11973-0-0-0\" class=\"so-panel widget widget_sow-editor panel-first-child\" data-index=\"0\" ><div class=\"panel-widget-style panel-widget-style-for-11973-0-0-0\" ><div\n\t\t\t\n\t\t\tclass=\"so-widget-sow-editor so-widget-sow-editor-base\"\n\t\t\t\n\t\t>\n<div class=\"siteorigin-widget-tinymce textwidget\">\n\t<p style=\"text-align: center;\"><strong>Relatos para deconstruir la violencia machista desde la Historia del arte<\/strong><\/p>\n<\/div>\n<\/div><\/div><\/div><div id=\"panel-11973-0-0-1\" class=\"so-panel widget widget_sow-editor\" data-index=\"1\" ><div\n\t\t\t\n\t\t\tclass=\"so-widget-sow-editor so-widget-sow-editor-base\"\n\t\t\t\n\t\t>\n<div class=\"siteorigin-widget-tinymce textwidget\">\n\t<div><span lang=\"CA\">2016<\/span><\/div>\n<div><\/div>\n<p style=\"font-weight: 400;\"><em>No es pa\u00eds para negras<\/em>\u00a0es una comedia dram\u00e1tica escrita e interpretada por\u00a0Silvia Albert Sopale, cocreada junto a la directora colombiana\u00a0Carolina Torres Topaga\u00a0y la dramaturga barcelonesa\u00a0Laura Freijo. A trav\u00e9s de un relato en primera persona basado en su propia vida, Sopale nos invita a reflexionar sobre qu\u00e9 significa crecer y vivir siendo una mujer negra en una sociedad blanca que sigue mirando la diferencia con prejuicio, exotizaci\u00f3n o rechazo.<\/p>\n<p style=\"font-weight: 400;\">La obra traza un recorrido por m\u00e1s de cuarenta a\u00f1os de historia reciente de Espa\u00f1a desde una perspectiva afrodescendiente. Mediante recuerdos de infancia, adolescencia y vida adulta, la protagonista va desgranando experiencias personales que conectan con una memoria colectiva: la de muchas mujeres negras nacidas y criadas en Europa. Sobre el escenario, objetos como piedras, telas o proyecciones adquieren un fuerte simbolismo, evocando barreras, ra\u00edces, viajes o ausencias. Esta puesta en escena sugerente acompa\u00f1a una narraci\u00f3n que atraviesa fronteras geogr\u00e1ficas, culturales e identitarias.<\/p>\n<p style=\"font-weight: 400;\">Con un estilo directo, cargado de humor, iron\u00eda y tambi\u00e9n de ternura y dolor,\u00a0<em>No es pa\u00eds para negras<\/em>\u00a0aborda temas como el racismo cotidiano, la construcci\u00f3n de la identidad, la hipersexualizaci\u00f3n de los cuerpos racializados y la sensaci\u00f3n de no pertenecer ni al lugar de origen ni al lugar de nacimiento. La obra denuncia el silencio estructural que ha invisibilizado durante d\u00e9cadas estas realidades, a la vez que ofrece un espacio de reconocimiento, memoria y resistencia.<\/p>\n<\/div>\n<\/div><\/div><div id=\"panel-11973-0-0-2\" class=\"so-panel widget widget_virtue_gallery_widget virtue_gallery_widget panel-last-child\" data-index=\"2\" ><h3 class=\"widget-title\">No es pa\u00eds para negras<\/h3><div id=\"kad-wp-gallery727\" class=\"kad-wp-gallery gallery kt-gallery-column-3 init-isotope-intrinsic reinit-isotope kad-light-wp-gallery clearfix rowtight\" data-fade-in=\"1\" data-iso-selector=\".g_item\" data-iso-style=\"masonry\" data-iso-filter=\"false\"><div class=\"tcol-lg-4 tcol-md-4 tcol-sm-4 tcol-xs-6 tcol-ss-12 g_item\"><div class=\"grid_item kt_item_fade_in kad_gallery_fade_in gallery_item\"><a href=\"https:\/\/polititzacionsdelmalestar.org\/wp-content\/uploads\/2025\/05\/Screenshot-2025-06-02-at-00.36.45.png\" data-rel=\"lightbox\" class=\"lightboxhover\"><div class=\"kt-intrinsic\" style=\"padding-bottom:100%;\"><div itemprop=\"image\" itemscope itemtype=\"https:\/\/schema.org\/ImageObject\"><img loading=\"lazy\" decoding=\"async\" width=\"366\" height=\"366\" src=\"https:\/\/polititzacionsdelmalestar.org\/wp-content\/uploads\/2025\/05\/Screenshot-2025-06-02-at-00.36.45-366x366.png\" srcset=\"https:\/\/polititzacionsdelmalestar.org\/wp-content\/uploads\/2025\/05\/Screenshot-2025-06-02-at-00.36.45-366x366.png 366w, https:\/\/polititzacionsdelmalestar.org\/wp-content\/uploads\/2025\/05\/Screenshot-2025-06-02-at-00.36.45-150x150.png 150w, https:\/\/polititzacionsdelmalestar.org\/wp-content\/uploads\/2025\/05\/Screenshot-2025-06-02-at-00.36.45-732x732.png 732w\" sizes=\"auto, (max-width: 366px) 100vw, 366px\" data-caption=\"Extra\u00eddo de: https:\/\/teatrodelbarrio.com\/no-es-pais-para-negras\/ \" class=\"light-dropshaddow\" itemprop=\"contentUrl\" alt=\"\"><meta itemprop=\"url\" content=\"https:\/\/polititzacionsdelmalestar.org\/wp-content\/uploads\/2025\/05\/Screenshot-2025-06-02-at-00.36.45-366x366.png\"><meta itemprop=\"width\" content=\"366px\"><meta itemprop=\"height\" content=\"366px\"><\/div><\/div><\/a><\/div><\/div><\/div><\/div><\/div><div id=\"pgc-11973-0-1\"  class=\"panel-grid-cell\" ><div id=\"panel-11973-0-1-0\" class=\"so-panel widget widget_sow-editor panel-first-child\" data-index=\"3\" ><div\n\t\t\t\n\t\t\tclass=\"so-widget-sow-editor so-widget-sow-editor-base\"\n\t\t\t\n\t\t>\n<div class=\"siteorigin-widget-tinymce textwidget\">\n\t<\/div>\n<\/div><\/div><div id=\"panel-11973-0-1-1\" class=\"so-panel widget widget_sow-editor panel-last-child\" data-index=\"4\" ><div\n\t\t\t\n\t\t\tclass=\"so-widget-sow-editor so-widget-sow-editor-base\"\n\t\t\t\n\t\t>\n<div class=\"siteorigin-widget-tinymce textwidget\">\n\t<p>&nbsp;<\/p>\n<h4>Documentos media<\/h4>\n<h4>Fotos del proyecto<\/h4>\n<\/div>\n<\/div><\/div><\/div><\/div><\/div>","protected":false},"excerpt":{"rendered":"<h3><a href=\"https:\/\/polititzacionsdelmalestar.org\/es\/no-es-pais-para-negras\/\">No es pa\u00eds para negras.<\/a><\/h3>\n<p>2016<\/p>\n<h5><a href=\"https:\/\/polititzacionsdelmalestar.org\/es\/silvia-albert-sopale\/\">Silvia Albert Sopale<\/a><\/h5>\n","protected":false},"author":6,"featured_media":12004,"comment_status":"closed","ping_status":"closed","sticky":false,"template":"","format":"standard","meta":{"footnotes":""},"categories":[205],"tags":[],"class_list":["post-11973","post","type-post","status-publish","format-standard","has-post-thumbnail","hentry","category-projectesarxiu-es"],"_links":{"self":[{"href":"https:\/\/polititzacionsdelmalestar.org\/es\/wp-json\/wp\/v2\/posts\/11973","targetHints":{"allow":["GET"]}}],"collection":[{"href":"https:\/\/polititzacionsdelmalestar.org\/es\/wp-json\/wp\/v2\/posts"}],"about":[{"href":"https:\/\/polititzacionsdelmalestar.org\/es\/wp-json\/wp\/v2\/types\/post"}],"author":[{"embeddable":true,"href":"https:\/\/polititzacionsdelmalestar.org\/es\/wp-json\/wp\/v2\/users\/6"}],"replies":[{"embeddable":true,"href":"https:\/\/polititzacionsdelmalestar.org\/es\/wp-json\/wp\/v2\/comments?post=11973"}],"version-history":[{"count":4,"href":"https:\/\/polititzacionsdelmalestar.org\/es\/wp-json\/wp\/v2\/posts\/11973\/revisions"}],"predecessor-version":[{"id":12015,"href":"https:\/\/polititzacionsdelmalestar.org\/es\/wp-json\/wp\/v2\/posts\/11973\/revisions\/12015"}],"wp:featuredmedia":[{"embeddable":true,"href":"https:\/\/polititzacionsdelmalestar.org\/es\/wp-json\/wp\/v2\/media\/12004"}],"wp:attachment":[{"href":"https:\/\/polititzacionsdelmalestar.org\/es\/wp-json\/wp\/v2\/media?parent=11973"}],"wp:term":[{"taxonomy":"category","embeddable":true,"href":"https:\/\/polititzacionsdelmalestar.org\/es\/wp-json\/wp\/v2\/categories?post=11973"},{"taxonomy":"post_tag","embeddable":true,"href":"https:\/\/polititzacionsdelmalestar.org\/es\/wp-json\/wp\/v2\/tags?post=11973"}],"curies":[{"name":"wp","href":"https:\/\/api.w.org\/{rel}","templated":true}]}}