


{"id":11961,"date":"2025-05-23T15:36:06","date_gmt":"2025-05-23T15:36:06","guid":{"rendered":"https:\/\/polititzacionsdelmalestar.org\/?p=11961"},"modified":"2025-06-01T23:04:03","modified_gmt":"2025-06-01T23:04:03","slug":"el-antirracismo-que-no-debe-ser-nombrado","status":"publish","type":"post","link":"https:\/\/polititzacionsdelmalestar.org\/es\/el-antirracismo-que-no-debe-ser-nombrado\/","title":{"rendered":"El-antirracismo-que-no-debe-ser-nombrado"},"content":{"rendered":"<div id=\"pl-11961\"  class=\"panel-layout\" ><div id=\"pg-11961-0\"  class=\"panel-grid panel-no-style\" ><div id=\"pgc-11961-0-0\"  class=\"panel-grid-cell\" ><div id=\"panel-11961-0-0-0\" class=\"so-panel widget widget_sow-editor panel-first-child\" data-index=\"0\" ><div class=\"panel-widget-style panel-widget-style-for-11961-0-0-0\" ><div\n\t\t\t\n\t\t\tclass=\"so-widget-sow-editor so-widget-sow-editor-base\"\n\t\t\t\n\t\t>\n<div class=\"siteorigin-widget-tinymce textwidget\">\n\t<p style=\"text-align: center;\"><strong>Relatos para deconstruir la violencia masclista desde la Historia del arte<\/strong><\/p>\n<\/div>\n<\/div><\/div><\/div><div id=\"panel-11961-0-0-1\" class=\"so-panel widget widget_sow-editor\" data-index=\"1\" ><div\n\t\t\t\n\t\t\tclass=\"so-widget-sow-editor so-widget-sow-editor-base\"\n\t\t\t\n\t\t>\n<div class=\"siteorigin-widget-tinymce textwidget\">\n\t<p>2019<\/p>\n<p style=\"font-weight: 400;\">El-antirracismo-que-no-debe-ser-nombrado \u00e9s un v\u00eddeo-poema de Cristina Zhang Yu - <span lang=\"EN-GB\">\u5f20<\/span><span lang=\"EN-GB\">\u5a77\u5a77 que surge como respuesta \u00edntima y pol\u00edtica a un encuentro institucional en el que se debat\u00eda la pertinencia de nombrar el antirracismo en proyectos interculturales. Considerada por algunas voces como una palabra \u201cradical\u201d o \u201cviolenta\u201d, la autora convierte ese silencio impuesto en un acto po\u00e9tico de contestaci\u00f3n. Desde la sutileza del lenguaje y la fuerza del spoken word, el v\u00eddeo interpela directamente al miedo a la incomodidad que genera nombrar el racismo. En su tramo final, la obra establece un paralelismo con el antimachismo y la lucha feminista, evidenciando la normalizaci\u00f3n de algunas resistencias y la negaci\u00f3n sistem\u00e1tica de otras. Este poema audiovisual es un ejercicio de memoria, voz y denuncia. Un gesto creativo que se atreve a decir lo que no se pronuncia.<\/span><\/p>\n<p style=\"font-weight: 400;\">\n<\/div>\n<\/div><\/div><div id=\"panel-11961-0-0-2\" class=\"so-panel widget widget_media_video panel-last-child\" data-index=\"2\" ><h3 class=\"widget-title\">El-antirracismo-que-no-debe-ser-nombrado<\/h3><div style=\"width:100%;\" class=\"wp-video\"><!--[if lt IE 9]><script>document.createElement('video');<\/script><![endif]-->\n<video class=\"wp-video-shortcode\" id=\"video-11961-1\" preload=\"metadata\" controls=\"controls\"><source type=\"video\/vimeo\" src=\"https:\/\/player.vimeo.com\/video\/486551813?loop=0&#038;_=1\" \/><a href=\"https:\/\/player.vimeo.com\/video\/486551813?loop=0\">https:\/\/player.vimeo.com\/video\/486551813?loop=0<\/a><\/video><\/div><\/div><\/div><div id=\"pgc-11961-0-1\"  class=\"panel-grid-cell\" ><div id=\"panel-11961-0-1-0\" class=\"so-panel widget widget_sow-editor panel-first-child panel-last-child\" data-index=\"3\" ><div\n\t\t\t\n\t\t\tclass=\"so-widget-sow-editor so-widget-sow-editor-base\"\n\t\t\t\n\t\t>\n<div class=\"siteorigin-widget-tinymce textwidget\">\n\t<\/div>\n<\/div><\/div><\/div><\/div><\/div>","protected":false},"excerpt":{"rendered":"<h3><a href=\"https:\/\/polititzacionsdelmalestar.org\/es\/el-antirracismo-que-no-debe-ser-nombrado\/\">el-antirracismo-que-no-debe-ser-nombrado<\/a><\/h3>\n<p>2023<\/p>\n<h5><a href=\"https:\/\/polititzacionsdelmalestar.org\/es\/cristina-zhang-yu\/\">Cristina Zhang Yu<\/a><\/h5>\n","protected":false},"author":6,"featured_media":0,"comment_status":"closed","ping_status":"closed","sticky":false,"template":"","format":"standard","meta":{"footnotes":""},"categories":[205],"tags":[],"class_list":["post-11961","post","type-post","status-publish","format-standard","hentry","category-projectesarxiu-es"],"_links":{"self":[{"href":"https:\/\/polititzacionsdelmalestar.org\/es\/wp-json\/wp\/v2\/posts\/11961","targetHints":{"allow":["GET"]}}],"collection":[{"href":"https:\/\/polititzacionsdelmalestar.org\/es\/wp-json\/wp\/v2\/posts"}],"about":[{"href":"https:\/\/polititzacionsdelmalestar.org\/es\/wp-json\/wp\/v2\/types\/post"}],"author":[{"embeddable":true,"href":"https:\/\/polititzacionsdelmalestar.org\/es\/wp-json\/wp\/v2\/users\/6"}],"replies":[{"embeddable":true,"href":"https:\/\/polititzacionsdelmalestar.org\/es\/wp-json\/wp\/v2\/comments?post=11961"}],"version-history":[{"count":4,"href":"https:\/\/polititzacionsdelmalestar.org\/es\/wp-json\/wp\/v2\/posts\/11961\/revisions"}],"predecessor-version":[{"id":12016,"href":"https:\/\/polititzacionsdelmalestar.org\/es\/wp-json\/wp\/v2\/posts\/11961\/revisions\/12016"}],"wp:attachment":[{"href":"https:\/\/polititzacionsdelmalestar.org\/es\/wp-json\/wp\/v2\/media?parent=11961"}],"wp:term":[{"taxonomy":"category","embeddable":true,"href":"https:\/\/polititzacionsdelmalestar.org\/es\/wp-json\/wp\/v2\/categories?post=11961"},{"taxonomy":"post_tag","embeddable":true,"href":"https:\/\/polititzacionsdelmalestar.org\/es\/wp-json\/wp\/v2\/tags?post=11961"}],"curies":[{"name":"wp","href":"https:\/\/api.w.org\/{rel}","templated":true}]}}