


{"id":11957,"date":"2025-05-23T15:31:52","date_gmt":"2025-05-23T15:31:52","guid":{"rendered":"https:\/\/polititzacionsdelmalestar.org\/?p=11957"},"modified":"2025-05-23T15:47:33","modified_gmt":"2025-05-23T15:47:33","slug":"cristina-zhang-yu","status":"publish","type":"post","link":"https:\/\/polititzacionsdelmalestar.org\/es\/cristina-zhang-yu\/","title":{"rendered":"Zhang Yu, Cristina &#8211; \u5f20\u5a77\u5a77"},"content":{"rendered":"<div id=\"pl-11957\"  class=\"panel-layout\" ><div id=\"pg-11957-0\"  class=\"panel-grid panel-no-style\" ><div id=\"pgc-11957-0-0\"  class=\"panel-grid-cell\" ><div id=\"panel-11957-0-0-0\" class=\"so-panel widget widget_sow-editor panel-first-child panel-last-child\" data-index=\"0\" ><div class=\"panel-widget-style panel-widget-style-for-11957-0-0-0\" ><div\n\t\t\t\n\t\t\tclass=\"so-widget-sow-editor so-widget-sow-editor-base\"\n\t\t\t\n\t\t>\n<div class=\"siteorigin-widget-tinymce textwidget\">\n\t<p style=\"text-align: center;\"><strong>Relatos para deconstruir la violencia machista desde la Historia del arte<\/strong><\/p>\n<\/div>\n<\/div><\/div><\/div><\/div><\/div><div id=\"pg-11957-1\"  class=\"panel-grid panel-no-style\" ><div id=\"pgc-11957-1-0\"  class=\"panel-grid-cell\" ><div id=\"panel-11957-1-0-0\" class=\"so-panel widget widget_sow-editor panel-first-child panel-last-child\" data-index=\"1\" ><div\n\t\t\t\n\t\t\tclass=\"so-widget-sow-editor so-widget-sow-editor-base\"\n\t\t\t\n\t\t><h3 class=\"widget-title\">Cristina Zhang Yu \u2013 \u5f20\u5a77\u5a77 <\/h3>\n<div class=\"siteorigin-widget-tinymce textwidget\">\n\t<div class=\"siteorigin-widget-tinymce textwidget\">\n<div class=\"siteorigin-widget-tinymce textwidget\"><\/div>\n<p>&nbsp;<\/p>\n<h5><a href=\"https:\/\/polititzacionsdelmalestar.org\/es\/el-antirracismo-que-no-debe-ser-nombrado\/\">El-antiracismo-que-no-debe-ser-nombrado<\/a><\/h5>\n<div><span lang=\"CA\">2019<\/span><\/div>\n<h3>Cristina Zhang Yu \u2013 \u5f20\u5a77\u5a77<\/h3>\n<p style=\"font-weight: 400;\">Cristina Zhang Yu \u2013 \u5f20\u5a77\u5a77\u00a0\u00e9s doctora en Psicologia de l\u2019Educaci\u00f3, especialitzada en la construcci\u00f3 de la identitat i les formes de racisme en contextos escolars, i professora a la UAB. Psic\u00f2loga educativa, artista de\u00a0<em>spoken word<\/em>\u00a0(poesia parlada) i facilitadora de grups mitjan\u00e7ant el Teatre de lxs Oprimidxs, articula recerca, creaci\u00f3 i activisme des d\u2019una mirada cr\u00edtica i situada.<\/p>\n<p style=\"font-weight: 400;\">Forma part del grup de recerca Cultura i Educaci\u00f3 (UdG) i col\u00b7labora amb el grup Dehisi (UAB). La seva tesi doctoral analitza el model intercultural en educaci\u00f3 i el paper de les narratives familiars en la identitat de l\u2019alumnat d\u2019origen migrant, amb un enfocament autoetnogr\u00e0fic.<\/p>\n<p style=\"font-weight: 400;\">Va ser coimpulsora del col\u00b7lectiu\u00a0Cat\u00e0rsia\u00a0\u2014referent creatiu i pol\u00edtic de persones asi\u00e0ticodescendents a Catalunya\u2014, de la\u00a0Xarxa de Di\u00e0spora Xinesa\u00a0i \u00e9s membre del col\u00b7lectiu\u00a0t.i.c.t.a.c. La seva traject\u00f2ria tendeix ponts entre la recerca acad\u00e8mica, la pr\u00e0ctica art\u00edstica i l\u2019organitzaci\u00f3 comunit\u00e0ria.<\/p>\n<p>&nbsp;<\/p>\n<\/div>\n<\/div>\n<\/div><\/div><\/div><div id=\"pgc-11957-1-1\"  class=\"panel-grid-cell\" ><div id=\"panel-11957-1-1-0\" class=\"so-panel widget widget_sow-editor panel-first-child panel-last-child\" data-index=\"2\" ><div\n\t\t\t\n\t\t\tclass=\"so-widget-sow-editor so-widget-sow-editor-base\"\n\t\t\t\n\t\t>\n<div class=\"siteorigin-widget-tinymce textwidget\">\n\t<\/div>\n<\/div><\/div><\/div><\/div><\/div>","protected":false},"excerpt":{"rendered":"<h5><a href=\"https:\/\/polititzacionsdelmalestar.org\/es\/cristina-zhang-yu\/\">Cristina Zhang Yu<\/a><\/h5>\n<h3><a href=\"https:\/\/polititzacionsdelmalestar.org\/es\/el-antirracismo-que-no-debe-ser-nombrado\/\">el-antirracismo-que-no-debe-ser-nombrado<\/a><\/h3>\n","protected":false},"author":6,"featured_media":0,"comment_status":"closed","ping_status":"closed","sticky":false,"template":"","format":"standard","meta":{"footnotes":""},"categories":[206],"tags":[],"class_list":["post-11957","post","type-post","status-publish","format-standard","hentry","category-autoresarxiu-es"],"_links":{"self":[{"href":"https:\/\/polititzacionsdelmalestar.org\/es\/wp-json\/wp\/v2\/posts\/11957","targetHints":{"allow":["GET"]}}],"collection":[{"href":"https:\/\/polititzacionsdelmalestar.org\/es\/wp-json\/wp\/v2\/posts"}],"about":[{"href":"https:\/\/polititzacionsdelmalestar.org\/es\/wp-json\/wp\/v2\/types\/post"}],"author":[{"embeddable":true,"href":"https:\/\/polititzacionsdelmalestar.org\/es\/wp-json\/wp\/v2\/users\/6"}],"replies":[{"embeddable":true,"href":"https:\/\/polititzacionsdelmalestar.org\/es\/wp-json\/wp\/v2\/comments?post=11957"}],"version-history":[{"count":3,"href":"https:\/\/polititzacionsdelmalestar.org\/es\/wp-json\/wp\/v2\/posts\/11957\/revisions"}],"predecessor-version":[{"id":11969,"href":"https:\/\/polititzacionsdelmalestar.org\/es\/wp-json\/wp\/v2\/posts\/11957\/revisions\/11969"}],"wp:attachment":[{"href":"https:\/\/polititzacionsdelmalestar.org\/es\/wp-json\/wp\/v2\/media?parent=11957"}],"wp:term":[{"taxonomy":"category","embeddable":true,"href":"https:\/\/polititzacionsdelmalestar.org\/es\/wp-json\/wp\/v2\/categories?post=11957"},{"taxonomy":"post_tag","embeddable":true,"href":"https:\/\/polititzacionsdelmalestar.org\/es\/wp-json\/wp\/v2\/tags?post=11957"}],"curies":[{"name":"wp","href":"https:\/\/api.w.org\/{rel}","templated":true}]}}