


{"id":11948,"date":"2025-05-23T15:02:45","date_gmt":"2025-05-23T15:02:45","guid":{"rendered":"https:\/\/polititzacionsdelmalestar.org\/?p=11948"},"modified":"2025-06-01T23:07:18","modified_gmt":"2025-06-01T23:07:18","slug":"la-dona-del-sac-el-pes-de-la-historia","status":"publish","type":"post","link":"https:\/\/polititzacionsdelmalestar.org\/es\/la-dona-del-sac-el-pes-de-la-historia\/","title":{"rendered":"La dona del sac. El pes de la hist\u00f2ria."},"content":{"rendered":"<div id=\"pl-11948\"  class=\"panel-layout\" ><div id=\"pg-11948-0\"  class=\"panel-grid panel-no-style\" ><div id=\"pgc-11948-0-0\"  class=\"panel-grid-cell\" ><div id=\"panel-11948-0-0-0\" class=\"so-panel widget widget_sow-editor panel-first-child\" data-index=\"0\" ><div class=\"panel-widget-style panel-widget-style-for-11948-0-0-0\" ><div\n\t\t\t\n\t\t\tclass=\"so-widget-sow-editor so-widget-sow-editor-base\"\n\t\t\t\n\t\t>\n<div class=\"siteorigin-widget-tinymce textwidget\">\n\t<p style=\"text-align: center;\"><strong>Relatos para deconstruir la violencia machista desde la Historia del arte<\/strong><\/p>\n<\/div>\n<\/div><\/div><\/div><div id=\"panel-11948-0-0-1\" class=\"so-panel widget widget_sow-editor\" data-index=\"1\" ><div\n\t\t\t\n\t\t\tclass=\"so-widget-sow-editor so-widget-sow-editor-base\"\n\t\t\t\n\t\t>\n<div class=\"siteorigin-widget-tinymce textwidget\">\n\t<div><span lang=\"CA\">Fecha de estreno: diciembre de 2015<\/span><\/div>\n<div><\/div>\n<p style=\"font-weight: 400;\"><em>La dona del sac<\/em>\u00a0es una intervenci\u00f3n art\u00edstica de Arantza L\u00f3pez Medina que combina instalaci\u00f3n viva, poes\u00eda en movimiento y activismo esc\u00e9nico. La pieza se despliega como una ruta itinerante en la que una mujer arrastra m\u00e1s de 100 kilos, distribuidos en bolsas que cuelgan de su cuerpo. Este peso f\u00edsico, tan visible como real, se transforma en una poderosa met\u00e1fora de las m\u00faltiples cargas hist\u00f3ricas, emocionales y sociales que las mujeres han llevado \u2014y siguen llevando\u2014 consigo.<\/p>\n<p style=\"font-weight: 400;\">La performance no emite juicio ni enuncia proclamas expl\u00edcitas: se sit\u00faa en el terreno de lo simb\u00f3lico, de la alegor\u00eda po\u00e9tica. A trav\u00e9s de un lenguaje corporal sincero y sin artificio,\u00a0<em>La dona del sac<\/em> hace visible algo que pasa desapercibido en lo cotidiano.<\/p>\n<p style=\"font-weight: 400;\">La propuesta es participativa: el p\u00fablico puede, si lo desea, asumir el lugar de la performer y arrastrar el peso. Esta acci\u00f3n de relevo convierte la instalaci\u00f3n en una experiencia vivencial, corporal y pol\u00edtica. As\u00ed, la pieza es una forma de po\u00e9tica resistencia, de memoria encarnada y de denuncia silenciosa. En ella se funden cuerpo, met\u00e1fora y paisaje urbano, generando una escena que interroga desde la emoci\u00f3n.<\/p>\n<p>&nbsp;<\/p>\n<\/div>\n<\/div><\/div><div id=\"panel-11948-0-0-2\" class=\"so-panel widget widget_virtue_gallery_widget virtue_gallery_widget panel-last-child\" data-index=\"2\" ><h3 class=\"widget-title\">La dona del sac. El peso de la historia<\/h3><div id=\"kad-wp-gallery838\" class=\"kad-wp-gallery gallery kt-gallery-column-3 init-isotope-intrinsic reinit-isotope kad-light-wp-gallery clearfix rowtight\" data-fade-in=\"1\" data-iso-selector=\".g_item\" data-iso-style=\"masonry\" data-iso-filter=\"false\"><div class=\"tcol-lg-4 tcol-md-4 tcol-sm-4 tcol-xs-6 tcol-ss-12 g_item\"><div class=\"grid_item kt_item_fade_in kad_gallery_fade_in gallery_item\"><a href=\"https:\/\/polititzacionsdelmalestar.org\/wp-content\/uploads\/2025\/05\/Screenshot-2025-06-02-at-00.49.29.png\" data-rel=\"lightbox\" class=\"lightboxhover\"><div class=\"kt-intrinsic\" style=\"padding-bottom:100%;\"><div itemprop=\"image\" itemscope itemtype=\"https:\/\/schema.org\/ImageObject\"><img loading=\"lazy\" decoding=\"async\" width=\"366\" height=\"366\" src=\"https:\/\/polititzacionsdelmalestar.org\/wp-content\/uploads\/2025\/05\/Screenshot-2025-06-02-at-00.49.29-366x366.png\" srcset=\"https:\/\/polititzacionsdelmalestar.org\/wp-content\/uploads\/2025\/05\/Screenshot-2025-06-02-at-00.49.29-366x366.png 366w, https:\/\/polititzacionsdelmalestar.org\/wp-content\/uploads\/2025\/05\/Screenshot-2025-06-02-at-00.49.29-150x150.png 150w, https:\/\/polititzacionsdelmalestar.org\/wp-content\/uploads\/2025\/05\/Screenshot-2025-06-02-at-00.49.29-732x732.png 732w\" sizes=\"auto, (max-width: 366px) 100vw, 366px\" data-caption=\"Extra\u00eddo de: https:\/\/www.arantzalabuena.com\/es\/proyectos\/la-dona-del-sac\/ \" class=\"light-dropshaddow\" itemprop=\"contentUrl\" alt=\"\"><meta itemprop=\"url\" content=\"https:\/\/polititzacionsdelmalestar.org\/wp-content\/uploads\/2025\/05\/Screenshot-2025-06-02-at-00.49.29-366x366.png\"><meta itemprop=\"width\" content=\"366px\"><meta itemprop=\"height\" content=\"366px\"><\/div><\/div><\/a><\/div><\/div><\/div><\/div><\/div><div id=\"pgc-11948-0-1\"  class=\"panel-grid-cell\" ><div id=\"panel-11948-0-1-0\" class=\"so-panel widget widget_sow-editor panel-first-child\" data-index=\"3\" ><div\n\t\t\t\n\t\t\tclass=\"so-widget-sow-editor so-widget-sow-editor-base\"\n\t\t\t\n\t\t>\n<div class=\"siteorigin-widget-tinymce textwidget\">\n\t<\/div>\n<\/div><\/div><div id=\"panel-11948-0-1-1\" class=\"so-panel widget widget_sow-editor panel-last-child\" data-index=\"4\" ><div\n\t\t\t\n\t\t\tclass=\"so-widget-sow-editor so-widget-sow-editor-base\"\n\t\t\t\n\t\t>\n<div class=\"siteorigin-widget-tinymce textwidget\">\n\t<p>&nbsp;<\/p>\n<p><a href=\"https:\/\/www.arantzalabuena.com\/es\/\">Arantza Labuena<\/a><\/p>\n<h4>Documentos media<\/h4>\n<div>\n<div><span lang=\"CA\"><a href=\"https:\/\/lacaldera.info\/ca\/activitats\/la-dona-del-sac\">La dona del sac. El pes de la hist\u00f2ria.<\/a><\/span><\/div>\n<\/div>\n<div><\/div>\n<h4>Fotos del proyecto<\/h4>\n<\/div>\n<\/div><\/div><\/div><\/div><\/div>","protected":false},"excerpt":{"rendered":"<h3><a href=\"https:\/\/polititzacionsdelmalestar.org\/es\/la-dona-del-sac-el-pes-de-la-historia\/\">La dona del sac. El pes de la hist\u00f2ria.<\/a><\/h3>\n<p>2015<\/p>\n<h5><a href=\"https:\/\/polititzacionsdelmalestar.org\/es\/arantza-labuena\/\">Arantza Labuena<\/a><\/h5>\n","protected":false},"author":6,"featured_media":12011,"comment_status":"closed","ping_status":"closed","sticky":false,"template":"","format":"standard","meta":{"footnotes":""},"categories":[205],"tags":[],"class_list":["post-11948","post","type-post","status-publish","format-standard","has-post-thumbnail","hentry","category-projectesarxiu-es"],"_links":{"self":[{"href":"https:\/\/polititzacionsdelmalestar.org\/es\/wp-json\/wp\/v2\/posts\/11948","targetHints":{"allow":["GET"]}}],"collection":[{"href":"https:\/\/polititzacionsdelmalestar.org\/es\/wp-json\/wp\/v2\/posts"}],"about":[{"href":"https:\/\/polititzacionsdelmalestar.org\/es\/wp-json\/wp\/v2\/types\/post"}],"author":[{"embeddable":true,"href":"https:\/\/polititzacionsdelmalestar.org\/es\/wp-json\/wp\/v2\/users\/6"}],"replies":[{"embeddable":true,"href":"https:\/\/polititzacionsdelmalestar.org\/es\/wp-json\/wp\/v2\/comments?post=11948"}],"version-history":[{"count":5,"href":"https:\/\/polititzacionsdelmalestar.org\/es\/wp-json\/wp\/v2\/posts\/11948\/revisions"}],"predecessor-version":[{"id":12017,"href":"https:\/\/polititzacionsdelmalestar.org\/es\/wp-json\/wp\/v2\/posts\/11948\/revisions\/12017"}],"wp:featuredmedia":[{"embeddable":true,"href":"https:\/\/polititzacionsdelmalestar.org\/es\/wp-json\/wp\/v2\/media\/12011"}],"wp:attachment":[{"href":"https:\/\/polititzacionsdelmalestar.org\/es\/wp-json\/wp\/v2\/media?parent=11948"}],"wp:term":[{"taxonomy":"category","embeddable":true,"href":"https:\/\/polititzacionsdelmalestar.org\/es\/wp-json\/wp\/v2\/categories?post=11948"},{"taxonomy":"post_tag","embeddable":true,"href":"https:\/\/polititzacionsdelmalestar.org\/es\/wp-json\/wp\/v2\/tags?post=11948"}],"curies":[{"name":"wp","href":"https:\/\/api.w.org\/{rel}","templated":true}]}}